{"id":20913,"date":"2022-03-18T09:55:39","date_gmt":"2022-03-18T08:55:39","guid":{"rendered":"https:\/\/aitia.fr\/erd\/?p=20913"},"modified":"2022-03-18T09:55:39","modified_gmt":"2022-03-18T08:55:39","slug":"la-situation-militaire-en-ukraine-centre-francais-de-recherche-sur-le-renseignement","status":"publish","type":"post","link":"https:\/\/aitia.fr\/erd\/la-situation-militaire-en-ukraine-centre-francais-de-recherche-sur-le-renseignement\/","title":{"rendered":"La situation militaire en Ukraine <br>(Centre Fran\u00e7ais de Recherche sur le Renseignement)"},"content":{"rendered":"<p style=\"text-align: justify;\"><a href=\"https:\/\/maxmilo.com\/products\/poutine-maitre-du-jeu\" target=\"_blank\" rel=\"noopener\"><img decoding=\"async\" loading=\"lazy\" class=\"alignleft wp-image-20917\" src=\"https:\/\/aitia.fr\/erd\/wp-content\/uploads\/2022\/03\/Poutine-mai\u0302tre-du-jeu-300x300.png\" alt=\"\" width=\"400\" height=\"400\" srcset=\"https:\/\/aitia.fr\/erd\/wp-content\/uploads\/2022\/03\/Poutine-mai\u0302tre-du-jeu-300x300.png 300w, https:\/\/aitia.fr\/erd\/wp-content\/uploads\/2022\/03\/Poutine-mai\u0302tre-du-jeu-150x150.png 150w, https:\/\/aitia.fr\/erd\/wp-content\/uploads\/2022\/03\/Poutine-mai\u0302tre-du-jeu.png 600w\" sizes=\"(max-width: 400px) 100vw, 400px\" \/><\/a>[<em>Note de l&#8217;administrateur de ce blog : l&#8217;auteur de cette analyse, ancien colonel d&#8217;\u00c9tat-major g\u00e9n\u00e9ral suisse, vient de publier &#8220;Poutine, ma\u00eetre du jeu ?&#8221; <a href=\"https:\/\/maxmilo.com\/products\/poutine-maitre-du-jeu\" target=\"_blank\" rel=\"noopener\">aux \u00e9ditions Max Milo<\/a> (que je n&#8217;ai pas lu).<\/em><\/p>\n<p style=\"text-align: justify;\"><em>D&#8217;apr\u00e8s son \u00e9diteur, <span class=\"metafield-multi_line_text_field\">Jacques Baud est un ex-membre du renseignement strat\u00e9gique suisse, sp\u00e9cialiste des pays de l\u2019Est et chef de la doctrine des op\u00e9rations de la paix des Nations Unies. Il a \u00e9t\u00e9 engag\u00e9 dans des n\u00e9gociations avec les plus hauts responsables militaires et du renseignement russes juste apr\u00e8s la chute de l\u2019URSS. Au sein de l\u2019OTAN, Il a particip\u00e9 \u00e0 des programmes en Ukraine et notamment lors de la r\u00e9volution de Ma\u00efdan en 2014.<\/span><\/em>]<\/p>\n<hr \/>\n<p><strong>PREMI\u00c8RE PARTIE : EN ROUTE VERS LA GUERRE<\/strong><\/p>\n<p style=\"text-align: justify;\">Pendant des ann\u00e9es, du Mali \u00e0 l\u2019Afghanistan, j\u2019ai travaill\u00e9 pour la paix et ai risqu\u00e9 ma vie pour elle. Il ne s\u2019agit donc pas de justifier la guerre, mais de comprendre ce qui nous y a conduit. Je constate que les \u00ab experts \u00bb qui se relaient sur les plateaux de t\u00e9l\u00e9vision analysent la situation \u00e0 partir d\u2019informations douteuses, le plus souvent des hypoth\u00e8ses \u00e9rig\u00e9es en faits, et d\u00e8s lors on ne parvient plus \u00e0 comprendre ce qui se passe. C\u2019est comme \u00e7a que l\u2019on cr\u00e9e des paniques.<\/p>\n<p style=\"text-align: justify;\">Le probl\u00e8me n\u2019est pas tant de savoir qui a raison dans ce conflit, mais de s\u2019interroger sur la mani\u00e8re dont nos dirigeants prennent leurs d\u00e9cisions.<\/p>\n<p style=\"text-align: justify;\">Essayons d\u2019examiner les racines du conflit. Cela commence par <a href=\"https:\/\/www.rts.ch\/info\/monde\/6772950-les-separatistes-auraient-renforce-leurs-capacites-dattaque-en-ukraine.html\" target=\"_blank\" rel=\"noopener\">ceux<\/a> qui durant les huit derni\u00e8res ann\u00e9es nous parlaient de \u00ab s\u00e9paratistes \u00bb ou des \u00ab ind\u00e9pendantistes \u00bb du Donbass. C\u2019est faux. Les r\u00e9f\u00e9rendums men\u00e9s par les deux r\u00e9publiques auto-proclam\u00e9es de Donetsk et de Lougansk en mai 2014, n\u2019\u00e9taient pas des r\u00e9f\u00e9rendums d\u2019\u00ab <em>ind\u00e9pendance<\/em> \u00bb (\u043d\u0435\u0437\u0430\u0432\u0438\u0441\u0438\u043c\u043e\u0441\u0442\u044c), comme l\u2019ont affirm\u00e9 certains <a href=\"https:\/\/www.rts.ch\/info\/monde\/5839879-pres-de-90-de-oui-a-lindependance-a-donetsk-selon-les-prorusses.html\" target=\"_blank\" rel=\"noopener\">journalistes peu scrupuleux<\/a>, mais de <a href=\"https:\/\/upload.wikimedia.org\/wikipedia\/commons\/4\/4d\/Decree_on_holding_the_Donetsk_status_referendum.png\" target=\"_blank\" rel=\"noopener\">r\u00e9f\u00e9rendums<\/a> d\u2019\u00ab <em>auto-d\u00e9termination<\/em> \u00bb ou d\u2019\u00ab <em>autonomie<\/em> \u00bb (\u0441\u0430\u043c\u043e\u0441\u0442\u043e\u044f\u0442\u0435\u043b\u044c\u043d\u043e\u0441\u0442\u044c). Le qualificatif \u00ab pro-russes \u00bb sugg\u00e8re que la Russie \u00e9tait partie au conflit, ce qui n\u2019\u00e9tait pas le cas, et le terme \u00ab russophones \u00bb aurait \u00e9t\u00e9 plus honn\u00eate. D\u2019ailleurs, ces r\u00e9f\u00e9rendums ont \u00e9t\u00e9 conduits contre l\u2019avis de Vladimir Poutine.<\/p>\n<p style=\"text-align: justify;\">En fait, ces R\u00e9publiques ne cherchaient pas \u00e0 se s\u00e9parer de l\u2019Ukraine, mais \u00e0 avoir un statut d\u2019autonomie leur garantissant l\u2019usage de la langue russe comme langue officielle. Car le premier acte l\u00e9gislatif du nouveau gouvernement issu du renversement du pr\u00e9sident Ianoukovitch, a \u00e9t\u00e9 l\u2019abolition, le 23 f\u00e9vrier 2014, de la loi Kivalov-Kolesnichenko de 2012 qui faisait du russe une langue officielle. Un peu comme si des putschistes d\u00e9cidaient que le fran\u00e7ais et l\u2019italien ne seraient d\u00e9sormais plus des langues officielles en Suisse.<\/p>\n<p><a href=\"https:\/\/cf2r.org\/documentation\/la-situation-militaire-en-ukraine\/\" target=\"_blank\" rel=\"noopener\">Continuer la lecture sur le site du Cf2R \u2192<\/a><\/p>\n","protected":false},"excerpt":{"rendered":"<p>[Note de l&#8217;administrateur de ce blog : l&#8217;auteur de cette analyse, ancien colonel d&#8217;\u00c9tat-major g\u00e9n\u00e9ral suisse, vient de publier &#8220;Poutine, ma\u00eetre du jeu ?&#8221; aux \u00e9ditions Max Milo (que je n&#8217;ai pas lu). D&#8217;apr\u00e8s son \u00e9diteur, Jacques Baud est un ex-membre du renseignement strat\u00e9gique suisse, sp\u00e9cialiste des pays de l\u2019Est et chef de la doctrine [&hellip;]<\/p>\n","protected":false},"author":1,"featured_media":0,"comment_status":"open","ping_status":"open","sticky":false,"template":"","format":"standard","meta":[],"categories":[4,3,29],"tags":[1378,2564,61,2578,48,168,167,158],"_links":{"self":[{"href":"https:\/\/aitia.fr\/erd\/wp-json\/wp\/v2\/posts\/20913"}],"collection":[{"href":"https:\/\/aitia.fr\/erd\/wp-json\/wp\/v2\/posts"}],"about":[{"href":"https:\/\/aitia.fr\/erd\/wp-json\/wp\/v2\/types\/post"}],"author":[{"embeddable":true,"href":"https:\/\/aitia.fr\/erd\/wp-json\/wp\/v2\/users\/1"}],"replies":[{"embeddable":true,"href":"https:\/\/aitia.fr\/erd\/wp-json\/wp\/v2\/comments?post=20913"}],"version-history":[{"count":10,"href":"https:\/\/aitia.fr\/erd\/wp-json\/wp\/v2\/posts\/20913\/revisions"}],"predecessor-version":[{"id":20926,"href":"https:\/\/aitia.fr\/erd\/wp-json\/wp\/v2\/posts\/20913\/revisions\/20926"}],"wp:attachment":[{"href":"https:\/\/aitia.fr\/erd\/wp-json\/wp\/v2\/media?parent=20913"}],"wp:term":[{"taxonomy":"category","embeddable":true,"href":"https:\/\/aitia.fr\/erd\/wp-json\/wp\/v2\/categories?post=20913"},{"taxonomy":"post_tag","embeddable":true,"href":"https:\/\/aitia.fr\/erd\/wp-json\/wp\/v2\/tags?post=20913"}],"curies":[{"name":"wp","href":"https:\/\/api.w.org\/{rel}","templated":true}]}}