{"id":20871,"date":"2022-03-11T11:03:58","date_gmt":"2022-03-11T10:03:58","guid":{"rendered":"https:\/\/aitia.fr\/erd\/?p=20871"},"modified":"2022-03-11T11:03:58","modified_gmt":"2022-03-11T10:03:58","slug":"zelenski-a-utilise-une-mannequin-enceinte-pour-le-faux-attentat-de-mariupol-histoire-et-societe","status":"publish","type":"post","link":"https:\/\/aitia.fr\/erd\/zelenski-a-utilise-une-mannequin-enceinte-pour-le-faux-attentat-de-mariupol-histoire-et-societe\/","title":{"rendered":"Zelenski a utilis\u00e9 une mannequin enceinte <br>pour le faux attentat de Mariupol (Histoire et soci\u00e9t\u00e9)"},"content":{"rendered":"<p style=\"text-align: justify;\"><a href=\"https:\/\/aitia.fr\/erd\/wp-content\/uploads\/2022\/03\/Marianna-Podgurska-gixie_beauty.jpg\"><img decoding=\"async\" loading=\"lazy\" class=\"size-medium wp-image-20872 alignleft\" src=\"https:\/\/aitia.fr\/erd\/wp-content\/uploads\/2022\/03\/Marianna-Podgurska-gixie_beauty-300x300.jpg\" alt=\"\" width=\"300\" height=\"300\" srcset=\"https:\/\/aitia.fr\/erd\/wp-content\/uploads\/2022\/03\/Marianna-Podgurska-gixie_beauty-300x300.jpg 300w, https:\/\/aitia.fr\/erd\/wp-content\/uploads\/2022\/03\/Marianna-Podgurska-gixie_beauty-150x150.jpg 150w, https:\/\/aitia.fr\/erd\/wp-content\/uploads\/2022\/03\/Marianna-Podgurska-gixie_beauty.jpg 405w\" sizes=\"(max-width: 300px) 100vw, 300px\" \/><\/a>[<em>Note de l&#8217;administrateur de ce blog : tant qu&#8217;il y aura des na\u00effs pour gober cette propagande de guerre grossi\u00e8re, ils continueront. <\/em><\/p>\n<p style=\"text-align: justify;\"><em>Comme <a href=\"https:\/\/aitia.fr\/erd\/fabius-le-golf-et-le-badminton\/\" target=\"_blank\" rel=\"noopener\">ils l&#8217;ont fait en Syrie<\/a>&#8230; et ailleurs.<\/em><\/p>\n<p style=\"text-align: justify;\"><em>Donbass Insider a \u00e9galement <a href=\"https:\/\/t.me\/donbassinsider\/5138\" target=\"_blank\" rel=\"noopener\">d\u00e9mont\u00e9 en r\u00e8gle<\/a> cette manipulation en faisant preuve d&#8217;un peu de <a href=\"https:\/\/aitia.fr\/erd\/esprit-critique-es-tu-la\/\" target=\"_blank\" rel=\"noopener\">sens critique<\/a>. Il suffirait que nous le retrouvions collectivement, et le fassions savoir, pour que tout s&#8217;arr\u00eate&#8230;<\/em>]<\/p>\n<hr \/>\n<p style=\"text-align: justify;\">L\u2019attaque a\u00e9rienne russe contre la maternit\u00e9 de Mariupol \u00e9tait en r\u00e9alit\u00e9 une mise en sc\u00e8ne. Bref ! je me demande s\u2019il ne sont pas en train de nous refaire le coup de l\u2019assassinat des b\u00e9b\u00e9s en couveuse par lequel une agence de publicit\u00e9 a r\u00e9ussi \u00e0 populariser l\u2019entr\u00e9e en guerre contre Saddam HUSSEIN. (note de danielle Bleitrach, traduction de Marianne Dunlop)<\/p>\n<p>10 mars 2022, 13:34<\/p>\n<p>Photo : <a href=\"http:\/\/instagram.com\/gixie_beauty\" target=\"_blank\" rel=\"noopener\">instagram.com\/gixie_beauty<\/a><br \/>\nTexte original : Rafael Fakhrutdinov, article source (en russe) <a href=\"https:\/\/vz.ru\/world\/2022\/3\/10\/1147840.html\" target=\"_blank\" rel=\"noopener\">https:\/\/vz.ru\/world\/2022\/3\/10\/1147840.html<\/a><\/p>\n<p>galerie de photos\u00a0: <a href=\"https:\/\/vz.ru\/photoreport\/1147869\/#ad-image-1\">https:\/\/vz.ru\/photoreport\/1147869\/#ad-image-1<\/a><\/p>\n<p style=\"text-align: justify;\">Les autorit\u00e9s ukrainiennes ont invent\u00e9 un autre faux monstrueux : cette fois, on attribue aux forces arm\u00e9es russes une frappe a\u00e9rienne sur une maternit\u00e9 \u00e0 Mariupol. Volodymyr Zelenskyy a accus\u00e9 Moscou d&#8217;\u201datrocit\u00e9\u201d, ce qui a ensuite \u00e9t\u00e9 repris par les m\u00e9dias et les politiciens occidentaux. Que s\u2019est-il r\u00e9ellement pass\u00e9 \u00e0 la maternit\u00e9 n\u00b0 1 de Mariupol et pourquoi le syst\u00e8me de g\u00e9n\u00e9ration de fake news de l\u2019Ukraine ressemble-t-il \u00e0 ce qu\u2019ont fait les occidentaux en Syrie ?<\/p>\n<p style=\"text-align: justify;\">Mercredi soir, des images de la d\u00e9vastation apr\u00e8s une frappe a\u00e9rienne pr\u00e9sum\u00e9e sur une maternit\u00e9 et un h\u00f4pital pour enfants \u00e0 Mariupol sont apparues dans les m\u00e9dias ukrainiens. Des femmes et des enfants ont \u00e9t\u00e9 bless\u00e9s. Les autorit\u00e9s de Mariupol ont affirm\u00e9 que 17 femmes en couches et des membres du personnel m\u00e9dical avaient \u00e9t\u00e9 bless\u00e9s \u201c\u00e0 la suite de la frappe a\u00e9rienne\u201d.<\/p>\n<p><a href=\"https:\/\/histoireetsociete.com\/2022\/03\/10\/zelenski-a-utilise-une-mannequin-enceinte-pour-le-faux-attentat-de-mariupol\/\" target=\"_blank\" rel=\"noopener\">Continuer la lecture sur Histoire et soci\u00e9t\u00e9 \u2192<\/a><\/p>\n","protected":false},"excerpt":{"rendered":"<p>[Note de l&#8217;administrateur de ce blog : tant qu&#8217;il y aura des na\u00effs pour gober cette propagande de guerre grossi\u00e8re, ils continueront. Comme ils l&#8217;ont fait en Syrie&#8230; et ailleurs. Donbass Insider a \u00e9galement d\u00e9mont\u00e9 en r\u00e8gle cette manipulation en faisant preuve d&#8217;un peu de sens critique. Il suffirait que nous le retrouvions collectivement, et [&hellip;]<\/p>\n","protected":false},"author":1,"featured_media":0,"comment_status":"open","ping_status":"open","sticky":false,"template":"","format":"standard","meta":[],"categories":[4,29],"tags":[955,2574,1911,2575,689,167,158,2567],"_links":{"self":[{"href":"https:\/\/aitia.fr\/erd\/wp-json\/wp\/v2\/posts\/20871"}],"collection":[{"href":"https:\/\/aitia.fr\/erd\/wp-json\/wp\/v2\/posts"}],"about":[{"href":"https:\/\/aitia.fr\/erd\/wp-json\/wp\/v2\/types\/post"}],"author":[{"embeddable":true,"href":"https:\/\/aitia.fr\/erd\/wp-json\/wp\/v2\/users\/1"}],"replies":[{"embeddable":true,"href":"https:\/\/aitia.fr\/erd\/wp-json\/wp\/v2\/comments?post=20871"}],"version-history":[{"count":5,"href":"https:\/\/aitia.fr\/erd\/wp-json\/wp\/v2\/posts\/20871\/revisions"}],"predecessor-version":[{"id":20877,"href":"https:\/\/aitia.fr\/erd\/wp-json\/wp\/v2\/posts\/20871\/revisions\/20877"}],"wp:attachment":[{"href":"https:\/\/aitia.fr\/erd\/wp-json\/wp\/v2\/media?parent=20871"}],"wp:term":[{"taxonomy":"category","embeddable":true,"href":"https:\/\/aitia.fr\/erd\/wp-json\/wp\/v2\/categories?post=20871"},{"taxonomy":"post_tag","embeddable":true,"href":"https:\/\/aitia.fr\/erd\/wp-json\/wp\/v2\/tags?post=20871"}],"curies":[{"name":"wp","href":"https:\/\/api.w.org\/{rel}","templated":true}]}}