{"id":20851,"date":"2022-03-09T07:55:06","date_gmt":"2022-03-09T06:55:06","guid":{"rendered":"https:\/\/aitia.fr\/erd\/?p=20851"},"modified":"2022-03-09T07:55:06","modified_gmt":"2022-03-09T06:55:06","slug":"israel-abasourdi-par-les-neo-nazis-ukrainiens-reseau-voltaire","status":"publish","type":"post","link":"https:\/\/aitia.fr\/erd\/israel-abasourdi-par-les-neo-nazis-ukrainiens-reseau-voltaire\/","title":{"rendered":"Isra\u00ebl abasourdi par les n\u00e9o-nazis ukrainiens <br>(R\u00e9seau Voltaire)"},"content":{"rendered":"<p style=\"text-align: justify;\"><a href=\"https:\/\/aitia.fr\/erd\/wp-content\/uploads\/2022\/02\/Azov.jpg\"><img decoding=\"async\" loading=\"lazy\" class=\"alignleft wp-image-20770\" src=\"https:\/\/aitia.fr\/erd\/wp-content\/uploads\/2022\/02\/Azov-300x203.jpg\" alt=\"\" width=\"400\" height=\"270\" srcset=\"https:\/\/aitia.fr\/erd\/wp-content\/uploads\/2022\/02\/Azov-300x203.jpg 300w, https:\/\/aitia.fr\/erd\/wp-content\/uploads\/2022\/02\/Azov.jpg 500w\" sizes=\"(max-width: 400px) 100vw, 400px\" \/><\/a>[<em>Note de l&#8217;administrateur de ce blog : cet article est le dixi\u00e8me de la s\u00e9rie <a href=\"https:\/\/www.voltairenet.org\/spip.php?page=recherche&amp;lang=fr&amp;recherche=mont%C3%A9e+des+tensions&amp;x=0&amp;y=0\" target=\"_blank\" rel=\"noopener\">&#8220;Mont\u00e9e des tensions&#8221;<\/a> publi\u00e9e par Thierry Meyssan \u00e0 partir du 4 janvier 2022. M\u00eame si tous m\u00e9ritent lecture, le num\u00e9ro 8, <a href=\"https:\/\/www.voltairenet.org\/article215852.html\" target=\"_blank\" rel=\"noopener\">&#8220;Vladimir Poutine d\u00e9clare la guerre aux Straussiens&#8221;<\/a>, est d&#8217;un int\u00e9r\u00eat particulier pour approfondir ce probl\u00e8me du nazisme ukrainien, et tordre le cou \u00e0 l&#8217;id\u00e9e qu&#8217;un pr\u00e9sident juif serait une garantie anti-nazisme.<\/em><\/p>\n<p style=\"text-align: justify;\"><em>Les liens d&#8217;une certaine &#8220;\u00e9lite&#8221; juive avec le nazisme ou d&#8217;autres id\u00e9ologies extr\u00e9mistes ne sont pas nouveaux, et d\u00e9coulent \u00e0 la fois d&#8217;une certaine proximit\u00e9 id\u00e9ologique \u2013 le sentiment d&#8217;appartenir \u00e0 une &#8220;race sup\u00e9rieure&#8221; \u2013 et de consid\u00e9rations pratiques sur la n\u00e9cessit\u00e9 de provoquer le chaos au sein des nations pour mieux en prendre le contr\u00f4le. J&#8217;ai moi-m\u00eame \u00e9t\u00e9 trait\u00e9 de fou <a href=\"https:\/\/aitia.fr\/erd\/les-etranges-inventions-de-m-kalifat\/\" target=\"_blank\" rel=\"noopener\">par le pr\u00e9sident du CRIF<\/a> lui-m\u00eame pour avoir rappel\u00e9 ce fait \u2013 et d&#8217;autres faits g\u00eanants \u2013 <a href=\"https:\/\/aitia.fr\/erd\/les-sionistes-et-les-nazis-ont-seme-ensemble-les-graines-de-lantisemitisme-en-allemagne-true-torah-jews\/\" target=\"_blank\" rel=\"noopener\">sur ce blog<\/a>, mais l&#8217;intervention russe en Ukraine aura au moins le m\u00e9rite de faire \u00e9clater cette v\u00e9rit\u00e9-l\u00e0.<\/em><\/p>\n<p style=\"text-align: justify;\"><em>En compl\u00e9ment de cet article, <a href=\"https:\/\/www.youtube.com\/watch?v=iup0dhdzYF0\" target=\"_blank\" rel=\"noopener\">la derni\u00e8re vid\u00e9o de Donbass Insider<\/a> permettra aussi de mesurer l&#8217;ampleur des pers\u00e9cutions subies par les civils russophones du Donbass de la part de l&#8217;arm\u00e9e ukrainienne, dont les \u00e9l\u00e9ments les plus radicaux sont justement utilis\u00e9s dans cette partie du pays pour mater les s\u00e9paratistes.<\/em>]<\/p>\n<hr \/>\n<p style=\"text-align: justify;\">La pr\u00e9sence organis\u00e9e par l\u2019\u00c9tat de n\u00e9o-nazis au sein de l\u2019arm\u00e9e ukrainienne n\u2019est pas anecdotique, m\u00eame s\u2019il n\u2019est pas possible de la quantifier de mani\u00e8re certaine. Il est par contre ais\u00e9 de d\u00e9nombrer leurs victimes. Dans l\u2019indiff\u00e9rence g\u00e9n\u00e9rale, ils ont tu\u00e9 14 000 Ukrainiens en huit ans. Cette situation est l\u2019une des causes de l\u2019intervention militaire russe en Ukraine. Isra\u00ebl se trouve confront\u00e9 pour la premi\u00e8re fois \u00e0 ce qu\u2019il n\u2019a jamais pu imaginer : le soutien de son protecteur US \u00e0 son ennemi historique, le nazisme.<\/p>\n<p style=\"text-align: justify;\">Isra\u00ebl est confront\u00e9 \u00e0 un probl\u00e8me inattendu face \u00e0 la crise ukrainienne : est-il exact, comme le pr\u00e9tend Moscou, que le pays est aux mains d\u2019une \u00ab bande de n\u00e9o-nazis \u00bb financ\u00e9e par des juifs ukrainiens et \u00e9tats-uniens ? Si oui, c\u2019est un devoir moral pour Tel-Aviv de clarifier sa position sur les juifs qui soutiennent des nazis, ind\u00e9pendamment de toute prise de position sur la crise ukrainienne.<\/p>\n<p style=\"text-align: justify;\">La question est d\u2019autant plus cruelle que les quelques juifs \u00e9tats-uniens qui soutiennent ou instrumentent les groupes nazis ukrainiens sont un groupuscule d\u2019une petite centaine de personnes, les straussiens, aujourd\u2019hui au pouvoir dans l\u2019entourage imm\u00e9diat du pr\u00e9sident Joe Biden.<\/p>\n<p><a href=\"https:\/\/www.voltairenet.org\/article215880.html\" target=\"_blank\" rel=\"noopener\">Continuer la lecture sur le R\u00e9seau Voltaire \u2192<\/a><\/p>\n","protected":false},"excerpt":{"rendered":"<p>[Note de l&#8217;administrateur de ce blog : cet article est le dixi\u00e8me de la s\u00e9rie &#8220;Mont\u00e9e des tensions&#8221; publi\u00e9e par Thierry Meyssan \u00e0 partir du 4 janvier 2022. M\u00eame si tous m\u00e9ritent lecture, le num\u00e9ro 8, &#8220;Vladimir Poutine d\u00e9clare la guerre aux Straussiens&#8221;, est d&#8217;un int\u00e9r\u00eat particulier pour approfondir ce probl\u00e8me du nazisme ukrainien, et [&hellip;]<\/p>\n","protected":false},"author":1,"featured_media":0,"comment_status":"open","ping_status":"open","sticky":false,"template":"","format":"standard","meta":[],"categories":[4,134,3,29],"tags":[156,162,124,48,372,2573,1064,158],"_links":{"self":[{"href":"https:\/\/aitia.fr\/erd\/wp-json\/wp\/v2\/posts\/20851"}],"collection":[{"href":"https:\/\/aitia.fr\/erd\/wp-json\/wp\/v2\/posts"}],"about":[{"href":"https:\/\/aitia.fr\/erd\/wp-json\/wp\/v2\/types\/post"}],"author":[{"embeddable":true,"href":"https:\/\/aitia.fr\/erd\/wp-json\/wp\/v2\/users\/1"}],"replies":[{"embeddable":true,"href":"https:\/\/aitia.fr\/erd\/wp-json\/wp\/v2\/comments?post=20851"}],"version-history":[{"count":4,"href":"https:\/\/aitia.fr\/erd\/wp-json\/wp\/v2\/posts\/20851\/revisions"}],"predecessor-version":[{"id":20857,"href":"https:\/\/aitia.fr\/erd\/wp-json\/wp\/v2\/posts\/20851\/revisions\/20857"}],"wp:attachment":[{"href":"https:\/\/aitia.fr\/erd\/wp-json\/wp\/v2\/media?parent=20851"}],"wp:term":[{"taxonomy":"category","embeddable":true,"href":"https:\/\/aitia.fr\/erd\/wp-json\/wp\/v2\/categories?post=20851"},{"taxonomy":"post_tag","embeddable":true,"href":"https:\/\/aitia.fr\/erd\/wp-json\/wp\/v2\/tags?post=20851"}],"curies":[{"name":"wp","href":"https:\/\/api.w.org\/{rel}","templated":true}]}}