{"id":20802,"date":"2022-03-02T10:02:26","date_gmt":"2022-03-02T09:02:26","guid":{"rendered":"https:\/\/aitia.fr\/erd\/?p=20802"},"modified":"2022-03-02T10:02:26","modified_gmt":"2022-03-02T09:02:26","slug":"donbass-documentaire-anne-laure-bonnel-2017","status":"publish","type":"post","link":"https:\/\/aitia.fr\/erd\/donbass-documentaire-anne-laure-bonnel-2017\/","title":{"rendered":"Donbass (documentaire, Anne-Laure Bonnel, 2017)"},"content":{"rendered":"<div id=\"attachment_20803\" style=\"width: 414px\" class=\"wp-caption alignleft\"><a href=\"https:\/\/aitia.fr\/erd\/wp-content\/uploads\/2022\/03\/Le\u0301vy-Porochenko.jpg\"><img aria-describedby=\"caption-attachment-20803\" decoding=\"async\" loading=\"lazy\" class=\"wp-image-20803\" src=\"https:\/\/aitia.fr\/erd\/wp-content\/uploads\/2022\/03\/Le\u0301vy-Porochenko-300x173.jpg\" alt=\"\" width=\"404\" height=\"233\" srcset=\"https:\/\/aitia.fr\/erd\/wp-content\/uploads\/2022\/03\/Le\u0301vy-Porochenko-300x173.jpg 300w, https:\/\/aitia.fr\/erd\/wp-content\/uploads\/2022\/03\/Le\u0301vy-Porochenko.jpg 571w\" sizes=\"(max-width: 404px) 100vw, 404px\" \/><\/a><p id=\"caption-attachment-20803\" class=\"wp-caption-text\"><a href=\"https:\/\/www.grasset.fr\/livres\/la-guerre-sans-laimer-9782246790846\" target=\"_blank\" rel=\"noopener\">La guerre sans la toucher.<\/a><\/p><\/div>\n<p style=\"text-align: justify;\">[<em>Note de l&#8217;administrateur de ce blog : voici le conflit que ceux ayant r\u00e9alis\u00e9 un coup d&#8217;\u00c9tat \u00e0 Kiev en 2014 veulent vous cacher, afin de faire passer Vladimir Poutine pour le dictateur sanguinaire qu&#8217;il n&#8217;est pas, et de faire passer un soutien \u00e0 des extr\u00e9mistes g\u00e9nocidaires pour la &#8220;d\u00e9fense de la libert\u00e9 et de la d\u00e9mocratie&#8221;.<\/em><\/p>\n<p style=\"text-align: justify;\"><em>Ce dernier combat men\u00e9 par &#8220;l&#8217;Empire du mensonge&#8221;, faisant suite \u00e0 celui de la pand\u00e9mie orchestr\u00e9e, est vou\u00e9 \u00e0 l&#8217;\u00e9chec, m\u00eame et surtout s&#8217;il s&#8217;accompagne d&#8217;une acc\u00e9l\u00e9ration de la censure qui permettra aux derniers na\u00effs de comprendre dans quel monde ils vivent vraiment. Mais comme en 1945, le r\u00e9veil va \u00eatre tr\u00e8s douloureux pour beaucoup.<\/em>]<\/p>\n<hr \/>\n<p style=\"text-align: center;\"><iframe loading=\"lazy\" width=\"640\" height=\"360\" id=\"odysee-iframe\" src=\"https:\/\/odysee.com\/$\/embed\/DONBASS\/6e12aa1d1b89705878e09ebdeaa6f31f600fbbed?r=CWmrqpNZQFpHihAy7iZefgUDiC5mVS6C\" allowfullscreen=\"allowfullscreen\"><\/iframe><\/p>\n<p><!--more--><\/p>\n<p>Comme on pouvait s&#8217;y attendre, twitter vole au secours de la v\u00e9rit\u00e9 :<\/p>\n<p><img decoding=\"async\" loading=\"lazy\" class=\"aligncenter wp-image-20811\" src=\"https:\/\/aitia.fr\/erd\/wp-content\/uploads\/2022\/03\/twitter-Anne-Laure-Bonnel-copie.png\" alt=\"\" width=\"400\" height=\"350\" srcset=\"https:\/\/aitia.fr\/erd\/wp-content\/uploads\/2022\/03\/twitter-Anne-Laure-Bonnel-copie.png 597w, https:\/\/aitia.fr\/erd\/wp-content\/uploads\/2022\/03\/twitter-Anne-Laure-Bonnel-copie-300x262.png 300w\" sizes=\"(max-width: 400px) 100vw, 400px\" \/>Raison de plus pour en rajouter une couche :<\/p>\n<p style=\"text-align: center;\"><iframe loading=\"lazy\" width=\"640\" height=\"360\" src=\"https:\/\/www.youtube.com\/embed\/VLXtWfTcLC4\" title=\"YouTube video player\" frameborder=\"0\" allow=\"accelerometer; autoplay; clipboard-write; encrypted-media; gyroscope; picture-in-picture\" allowfullscreen=\"allowfullscreen\"><span style=\"display: inline-block; width: 0px; overflow: hidden; line-height: 0;\" data-mce-type=\"bookmark\" class=\"mce_SELRES_start\">\ufeff<\/span><\/iframe><\/p>\n<p>et m\u00eame encore une autre :<\/p>\n<p style=\"text-align: center;\"><iframe loading=\"lazy\" width=\"640\" height=\"360\" src=\"https:\/\/www.youtube.com\/embed\/CatJZAmjByI\" title=\"YouTube video player\" frameborder=\"0\" allow=\"accelerometer; autoplay; clipboard-write; encrypted-media; gyroscope; picture-in-picture\" allowfullscreen=\"allowfullscreen\"><span style=\"display: inline-block; width: 0px; overflow: hidden; line-height: 0;\" data-mce-type=\"bookmark\" class=\"mce_SELRES_start\">\ufeff<\/span><\/iframe><\/p>\n<p style=\"text-align: center;\">\n","protected":false},"excerpt":{"rendered":"<p>[Note de l&#8217;administrateur de ce blog : voici le conflit que ceux ayant r\u00e9alis\u00e9 un coup d&#8217;\u00c9tat \u00e0 Kiev en 2014 veulent vous cacher, afin de faire passer Vladimir Poutine pour le dictateur sanguinaire qu&#8217;il n&#8217;est pas, et de faire passer un soutien \u00e0 des extr\u00e9mistes g\u00e9nocidaires pour la &#8220;d\u00e9fense de la libert\u00e9 et de [&hellip;]<\/p>\n","protected":false},"author":1,"featured_media":0,"comment_status":"open","ping_status":"open","sticky":false,"template":"","format":"video","meta":[],"categories":[4,133,29],"tags":[2572,127,2003,2564,909,61,48,2571,167,158,653],"_links":{"self":[{"href":"https:\/\/aitia.fr\/erd\/wp-json\/wp\/v2\/posts\/20802"}],"collection":[{"href":"https:\/\/aitia.fr\/erd\/wp-json\/wp\/v2\/posts"}],"about":[{"href":"https:\/\/aitia.fr\/erd\/wp-json\/wp\/v2\/types\/post"}],"author":[{"embeddable":true,"href":"https:\/\/aitia.fr\/erd\/wp-json\/wp\/v2\/users\/1"}],"replies":[{"embeddable":true,"href":"https:\/\/aitia.fr\/erd\/wp-json\/wp\/v2\/comments?post=20802"}],"version-history":[{"count":10,"href":"https:\/\/aitia.fr\/erd\/wp-json\/wp\/v2\/posts\/20802\/revisions"}],"predecessor-version":[{"id":20814,"href":"https:\/\/aitia.fr\/erd\/wp-json\/wp\/v2\/posts\/20802\/revisions\/20814"}],"wp:attachment":[{"href":"https:\/\/aitia.fr\/erd\/wp-json\/wp\/v2\/media?parent=20802"}],"wp:term":[{"taxonomy":"category","embeddable":true,"href":"https:\/\/aitia.fr\/erd\/wp-json\/wp\/v2\/categories?post=20802"},{"taxonomy":"post_tag","embeddable":true,"href":"https:\/\/aitia.fr\/erd\/wp-json\/wp\/v2\/tags?post=20802"}],"curies":[{"name":"wp","href":"https:\/\/api.w.org\/{rel}","templated":true}]}}