{"id":20767,"date":"2022-02-26T09:17:09","date_gmt":"2022-02-26T08:17:09","guid":{"rendered":"https:\/\/aitia.fr\/erd\/?p=20767"},"modified":"2022-02-26T09:17:09","modified_gmt":"2022-02-26T08:17:09","slug":"resume-de-la-situation-en-ukraine","status":"publish","type":"post","link":"https:\/\/aitia.fr\/erd\/resume-de-la-situation-en-ukraine\/","title":{"rendered":"R\u00e9sum\u00e9 de la situation en Ukraine"},"content":{"rendered":"<p style=\"text-align: justify;\" data-wp-editing=\"1\"><a href=\"https:\/\/aitia.fr\/erd\/wp-content\/uploads\/2022\/02\/Russie-veut-la-guerre.jpg\" target=\"_blank\" rel=\"noopener\"><img decoding=\"async\" loading=\"lazy\" class=\"alignleft wp-image-20781\" src=\"https:\/\/aitia.fr\/erd\/wp-content\/uploads\/2022\/02\/Russie-veut-la-guerre-300x239.jpg\" alt=\"\" width=\"406\" height=\"323\" srcset=\"https:\/\/aitia.fr\/erd\/wp-content\/uploads\/2022\/02\/Russie-veut-la-guerre-300x239.jpg 300w, https:\/\/aitia.fr\/erd\/wp-content\/uploads\/2022\/02\/Russie-veut-la-guerre-768x612.jpg 768w, https:\/\/aitia.fr\/erd\/wp-content\/uploads\/2022\/02\/Russie-veut-la-guerre-600x478.jpg 600w, https:\/\/aitia.fr\/erd\/wp-content\/uploads\/2022\/02\/Russie-veut-la-guerre.jpg 800w\" sizes=\"(max-width: 406px) 100vw, 406px\" \/><\/a>Si les media de grand chemin avaient pour r\u00f4le d&#8217;informer la population, ils pourraient, comme l&#8217;a fait Fran\u00e7ois Asselineau <a href=\"https:\/\/www.youtube.com\/watch?v=W-d7AxEBc30\" target=\"_blank\" rel=\"noopener\">dans cette vid\u00e9o de 46 minutes<\/a>, exposer le contexte g\u00e9ographique et historique qui a conduit la Russie \u00e0 attaquer l&#8217;Ukraine, apr\u00e8s de longues ann\u00e9es de provocations &#8220;occidentales&#8221;.<\/p>\n<p style=\"text-align: justify;\">Mais pour ceux qui n&#8217;ont pas trois quarts d&#8217;heure \u00e0 consacrer au probl\u00e8me \u2013 m\u00eame si c&#8217;est peu par rapport \u00e0 l&#8217;enjeu \u2013 de multiples sources &#8220;citoyennes&#8221; r\u00e9alisent parfois d&#8217;excellents r\u00e9sum\u00e9s sur les r\u00e9seaux sociaux. Par exemple <a href=\"https:\/\/www.facebook.com\/EvaBoBeeva\/posts\/5178551645488121?comment_id=5180344348642184\" target=\"_blank\" rel=\"noopener\">ici, en anglais<\/a>, un certain Ricardo Alvarez Minera permet aux novices de comprendre en quelques lignes pourquoi nous en sommes l\u00e0. Je traduis ci-dessous son commentaire.<\/p>\n<blockquote>\n<p style=\"text-align: justify;\">1) Les forces ukrainiennes aux relents n\u00e9o-nazis, d&#8217;origine putschiste, assassinent quotidiennement la population d&#8217;origine russe dans le Donbass depuis 2014 ; le monde occidental, l&#8217;ONU et les m\u00e9dias traditionnels n&#8217;en disent rien.<\/p>\n<p style=\"text-align: justify;\">2) La Russie demande des garanties juridiques, z\u00e9ro r\u00e9ponse.<\/p>\n<p style=\"text-align: justify;\">3) L&#8217;OTAN, les USA et l&#8217;UE financent l&#8217;Ukraine en toute impunit\u00e9, et l&#8217;ONU se tait.<\/p>\n<p style=\"text-align: justify;\">4) La Russie demande \u00e0 l&#8217;Ukraine de s&#8217;engager \u00e0 respecter les protocoles de <a href=\"https:\/\/fr.wikipedia.org\/wiki\/Protocole_de_Minsk\" target=\"_blank\" rel=\"noopener\">Minsk 1<\/a> <a href=\"https:\/\/fr.wikipedia.org\/wiki\/Minsk_II\" target=\"_blank\" rel=\"noopener\">et 2<\/a>, et d&#8217;arr\u00eater d&#8217;attaquer les Russes dans le Donbass ; l&#8217;Ukraine l&#8217;ignore et la France et l&#8217;Allemagne restent silencieuses.<\/p>\n<p style=\"text-align: justify;\">5) La Russie demande que l&#8217;OTAN ne s&#8217;\u00e9tende pas \u00e0 ses fronti\u00e8res, et qu&#8217;elle ne s&#8217;\u00e9tende ni \u00e0 l&#8217;Ukraine ni \u00e0 la G\u00e9orgie. L&#8217;Europe r\u00e9pond que ces pays ont tout \u00e0 fait le droit de faire ce qu&#8217;ils veulent. Ils ne r\u00e9pondent pas aux garanties juridiques que la Russie a convenues avec les \u00c9tats-Unis <a href=\"https:\/\/twitter.com\/UPR_Asselineau\/status\/1495326622777544705\" target=\"_blank\" rel=\"noopener\">au d\u00e9but des ann\u00e9es 1990<\/a>.<\/p>\n<p style=\"text-align: justify;\">6) Les \u00c9tats-Unis, tout en envoyant plus de 300 tonnes d&#8217;armes \u00e0 longue port\u00e9e \u00e0 l&#8217;Ukraine et des milliards de dollars aux forces arm\u00e9es ukrainiennes, menacent constamment la Russie de sanctions.<\/p>\n<p style=\"text-align: justify;\">7) En 2020 et 2021, une r\u00e9solution condamnant le nazisme, le n\u00e9onazisme et le fascisme sous toutes ses formes a \u00e9t\u00e9 adopt\u00e9e \u00e0 l&#8217;ONU. Les \u00c9tats-Unis et l&#8217;Ukraine ont vot\u00e9 contre. La quasi-totalit\u00e9 de l&#8217;Europe s&#8217;est abstenue. L&#8217;ONU est rest\u00e9e silencieuse.<\/p>\n<p style=\"text-align: justify;\">En conclusion, ils ont ferm\u00e9 toutes les options diplomatiques \u00e0 la Russie, ignor\u00e9 toutes ses demandes l\u00e9gales et oubli\u00e9 les civils russophones du Donbass. Maintenant que Poutine prend les choses en main et les met devant le fait accompli, ils sont choqu\u00e9s. L&#8217;Occident a un biais russophobe.<\/p>\n<\/blockquote>\n<p>&nbsp;<\/p>\n<p style=\"text-align: justify;\">C&#8217;\u00e9tait difficile \u00e0 faire, de la part de journalistes dont c&#8217;est le m\u00e9tier de consulter des archives et de v\u00e9rifier des informations ? Non. Si ce n&#8217;est pas fait, c&#8217;est que le but des media de grand chemin n&#8217;est pas d&#8217;informer, mais de relayer une propagande. Pour la crise &#8220;sanitaire&#8221; comme en temps de guerre. CQFD.<\/p>\n","protected":false},"excerpt":{"rendered":"<p>Si les media de grand chemin avaient pour r\u00f4le d&#8217;informer la population, ils pourraient, comme l&#8217;a fait Fran\u00e7ois Asselineau dans cette vid\u00e9o de 46 minutes, exposer le contexte g\u00e9ographique et historique qui a conduit la Russie \u00e0 attaquer l&#8217;Ukraine, apr\u00e8s de longues ann\u00e9es de provocations &#8220;occidentales&#8221;. Mais pour ceux qui n&#8217;ont pas trois quarts d&#8217;heure [&hellip;]<\/p>\n","protected":false},"author":1,"featured_media":0,"comment_status":"open","ping_status":"open","sticky":false,"template":"","format":"standard","meta":[],"categories":[4,134,29],"tags":[2565,2566,48,372,166,168,689,167,158],"_links":{"self":[{"href":"https:\/\/aitia.fr\/erd\/wp-json\/wp\/v2\/posts\/20767"}],"collection":[{"href":"https:\/\/aitia.fr\/erd\/wp-json\/wp\/v2\/posts"}],"about":[{"href":"https:\/\/aitia.fr\/erd\/wp-json\/wp\/v2\/types\/post"}],"author":[{"embeddable":true,"href":"https:\/\/aitia.fr\/erd\/wp-json\/wp\/v2\/users\/1"}],"replies":[{"embeddable":true,"href":"https:\/\/aitia.fr\/erd\/wp-json\/wp\/v2\/comments?post=20767"}],"version-history":[{"count":14,"href":"https:\/\/aitia.fr\/erd\/wp-json\/wp\/v2\/posts\/20767\/revisions"}],"predecessor-version":[{"id":20783,"href":"https:\/\/aitia.fr\/erd\/wp-json\/wp\/v2\/posts\/20767\/revisions\/20783"}],"wp:attachment":[{"href":"https:\/\/aitia.fr\/erd\/wp-json\/wp\/v2\/media?parent=20767"}],"wp:term":[{"taxonomy":"category","embeddable":true,"href":"https:\/\/aitia.fr\/erd\/wp-json\/wp\/v2\/categories?post=20767"},{"taxonomy":"post_tag","embeddable":true,"href":"https:\/\/aitia.fr\/erd\/wp-json\/wp\/v2\/tags?post=20767"}],"curies":[{"name":"wp","href":"https:\/\/api.w.org\/{rel}","templated":true}]}}