{"id":20735,"date":"2022-02-22T23:19:44","date_gmt":"2022-02-22T22:19:44","guid":{"rendered":"https:\/\/aitia.fr\/erd\/?p=20735"},"modified":"2022-02-24T09:50:49","modified_gmt":"2022-02-24T08:50:49","slug":"hommage-au-professeur-luc-montagnier","status":"publish","type":"post","link":"https:\/\/aitia.fr\/erd\/hommage-au-professeur-luc-montagnier\/","title":{"rendered":"Hommage au professeur Luc Montagnier"},"content":{"rendered":"<p style=\"text-align: justify;\">Ce 22 f\u00e9vrier eurent lieu, au cimeti\u00e8re du P\u00e8re Lachaise et au milieu d&#8217;une foule dense <a href=\"https:\/\/twitter.com\/GeoffroyAntoin2\/status\/1496118577568665604\" target=\"_blank\" rel=\"noopener\">marqu\u00e9e par l&#8217;absence de tout officiel<\/a>, les obs\u00e8ques d&#8217;un des plus grands esprits de la science fran\u00e7aise, <a href=\"https:\/\/www.pasteur.fr\/fr\/institut-pasteur\/luc-montagnier-prix-nobel-2008\" target=\"_blank\" rel=\"noopener\">prix Nobel de physiologie ou m\u00e9decine en 2008<\/a> avec Fran\u00e7oise Barr\u00e9-Sinoussi, et pourtant snob\u00e9 voire insult\u00e9 par tous ceux qui ne retiennent de la science que la richesse mat\u00e9rielle ou le pouvoir qu&#8217;elle peut leur procurer.<\/p>\n<p style=\"text-align: justify;\">J&#8217;ai pens\u00e9 qu&#8217;une des meilleures fa\u00e7ons de lui rendre hommage \u00e9tait d&#8217;inviter \u00e0 voir ou revoir un documentaire sur ses activit\u00e9s de recherche &#8220;controvers\u00e9es&#8221;, comme s&#8217;obligent \u00e0 les qualifier les journalistes suiveurs, portant sur ce qu&#8217;on nomme, \u00e0 tort ou \u00e0 raison, &#8220;la m\u00e9moire de l&#8217;eau&#8221;.<\/p>\n<p style=\"text-align: justify;\">Ce documentaire date de 2014, et semble d\u00e9j\u00e0 appartenir \u00e0 une autre \u00e8re : celle o\u00f9 une t\u00e9l\u00e9vision de service public \u2013 France 5 \u2013 pouvait diffuser un reportage honn\u00eate et sans parti-pris au lieu de se faire le relais oblig\u00e9 des lobbies en place. C&#8217;est donc, en plus du sujet abord\u00e9, un des int\u00e9r\u00eats de ce documentaire, mais il y en a encore au moins un autre : on y entendra parler d&#8217;une technique d&#8217;amplification g\u00e9nique aujourd&#8217;hui c\u00e9l\u00e8bre, mais qui n&#8217;\u00e9tait connue que des sp\u00e9cialistes \u00e0 l&#8217;\u00e9poque, la technique PCR. Celle-l\u00e0 m\u00eame qui valut \u00e0 son g\u00e9nial inventeur, <a href=\"https:\/\/archive.org\/details\/dancingnakedinmi00mull\" target=\"_blank\" rel=\"noopener\">Kary Mullis<\/a> \u2013 mort le 7 ao\u00fbt 2019 d&#8217;une pneumonie en Californie \u2013 un prix Nobel de chimie, et <a href=\"https:\/\/odysee.com\/@Isildan:8\/Kary-Mullis-prix-Nobel-et-inventeur-du-test-PCR-explique-comment-on-peut-de%CC%81tourner-les-resultats-des-tests-PCR:7\" target=\"_blank\" rel=\"noopener\">dont il disait, \u00e0 l&#8217;\u00e9poque du SIDA<\/a>, que son utilisation dans un but de diagnostic \u00e9tait des plus p\u00e9rilleuses car \u00e0 trop la pousser on finissait par amplifier n&#8217;importe quoi, et surtout ce qui n&#8217;avait aucune importance.<\/p>\n<p style=\"text-align: justify;\"><strong>Mise \u00e0 jour du 24 f\u00e9vrier :<\/strong> hommage en vid\u00e9o de Pierre Barn\u00e9rias \u00e0 Luc Montagnier, sous le reportage de France 5. O\u00f9 l&#8217;on constate aussi l&#8217;ab\u00eeme entre le peuple de France et ses &#8220;repr\u00e9sentants&#8221;.<\/p>\n<p><!--more--><\/p>\n<p style=\"text-align: justify;\">Ici, nous apprendrons que Luc Montagnier l&#8217;utilisait pour amplifier des mol\u00e9cules d&#8217;ADN \u00e0 partir de&#8230; rien, sauf des nucl\u00e9otides, qui sont les briques \u00e9l\u00e9mentaires de l&#8217;ADN, et un myst\u00e9rieux &#8220;signal&#8221; \u00e9lectromagn\u00e9tique en provenance d&#8217;une autre \u00e9prouvette issue d&#8217;une solution extr\u00eamement dilu\u00e9e ayant contenu cet ADN.<\/p>\n<p style=\"text-align: justify;\">Il n&#8217;en faut pas plus aux <a href=\"https:\/\/www.youtube.com\/user\/TroncheEnBiais\" target=\"_blank\" rel=\"noopener\">scientistes bas du front<\/a> pour crier au charlatanisme et \u00e0 la pseudo-science ; les autres, ayant quelques notions d&#8217;\u00e9pist\u00e9mologie ou d&#8217;histoire des sciences, s&#8217;\u00e9merveilleront plut\u00f4t de l&#8217;immensit\u00e9 de ce qui reste \u00e0 d\u00e9couvrir, et se rappelleront par exemple qu&#8217;\u00e0 la fin du XIX<sup>e<\/sup> si\u00e8cle, c&#8217;est-\u00e0-dire peu avant la d\u00e9couverte de la radioactivit\u00e9, de la relativit\u00e9 et de la physique quantique, la plupart des physiciens comme il faut consid\u00e9raient que la physique \u00e9tait compl\u00e8te et qu&#8217;il ne restait que de menus perfectionnements techniques \u00e0 accomplir.<\/p>\n<p style=\"text-align: center;\"><iframe loading=\"lazy\" width=\"640\" height=\"360\" id=\"odysee-iframe\" src=\"https:\/\/odysee.com\/$\/embed\/On-a-retrouv%C3%A9-la-m%C3%A9moire-de-l%27Eau\/1586377af5ce6610d6422afb27e9d074d2d7f42f?r=CWmrqpNZQFpHihAy7iZefgUDiC5mVS6C\" allowfullscreen=\"allowfullscreen\"><\/iframe><\/p>\n<p>L&#8217;hommage en forme de reportage de Pierre Barn\u00e9rias au professeur Luc Montagnier (source : <a href=\"https:\/\/vk.com\/wall626762910_5159\" target=\"_blank\" rel=\"noopener\">compte VK de Jean-Dominique Michel<\/a>) :<\/p>\n<p style=\"text-align: center;\"><iframe loading=\"lazy\" width=\"640\" height=\"360\" src=\"https:\/\/vk.com\/video_ext.php?oid=626762910&amp;id=456239149&amp;hash=3bfe9f8097942313&amp;hd=2\" allow=\"autoplay; encrypted-media; fullscreen; picture-in-picture;\" frameborder=\"0\" allowfullscreen=\"allowfullscreen\"><span style=\"display: inline-block; width: 0px; overflow: hidden; line-height: 0;\" data-mce-type=\"bookmark\" class=\"mce_SELRES_start\">\ufeff<\/span><\/iframe><\/p>\n","protected":false},"excerpt":{"rendered":"<p>Ce 22 f\u00e9vrier eurent lieu, au cimeti\u00e8re du P\u00e8re Lachaise et au milieu d&#8217;une foule dense marqu\u00e9e par l&#8217;absence de tout officiel, les obs\u00e8ques d&#8217;un des plus grands esprits de la science fran\u00e7aise, prix Nobel de physiologie ou m\u00e9decine en 2008 avec Fran\u00e7oise Barr\u00e9-Sinoussi, et pourtant snob\u00e9 voire insult\u00e9 par tous ceux qui ne retiennent [&hellip;]<\/p>\n","protected":false},"author":1,"featured_media":0,"comment_status":"open","ping_status":"open","sticky":false,"template":"","format":"video","meta":[],"categories":[4,133,3,29,6],"tags":[1806,1472,2120,2560,2551,1551,2563],"_links":{"self":[{"href":"https:\/\/aitia.fr\/erd\/wp-json\/wp\/v2\/posts\/20735"}],"collection":[{"href":"https:\/\/aitia.fr\/erd\/wp-json\/wp\/v2\/posts"}],"about":[{"href":"https:\/\/aitia.fr\/erd\/wp-json\/wp\/v2\/types\/post"}],"author":[{"embeddable":true,"href":"https:\/\/aitia.fr\/erd\/wp-json\/wp\/v2\/users\/1"}],"replies":[{"embeddable":true,"href":"https:\/\/aitia.fr\/erd\/wp-json\/wp\/v2\/comments?post=20735"}],"version-history":[{"count":16,"href":"https:\/\/aitia.fr\/erd\/wp-json\/wp\/v2\/posts\/20735\/revisions"}],"predecessor-version":[{"id":20753,"href":"https:\/\/aitia.fr\/erd\/wp-json\/wp\/v2\/posts\/20735\/revisions\/20753"}],"wp:attachment":[{"href":"https:\/\/aitia.fr\/erd\/wp-json\/wp\/v2\/media?parent=20735"}],"wp:term":[{"taxonomy":"category","embeddable":true,"href":"https:\/\/aitia.fr\/erd\/wp-json\/wp\/v2\/categories?post=20735"},{"taxonomy":"post_tag","embeddable":true,"href":"https:\/\/aitia.fr\/erd\/wp-json\/wp\/v2\/tags?post=20735"}],"curies":[{"name":"wp","href":"https:\/\/api.w.org\/{rel}","templated":true}]}}