{"id":20713,"date":"2022-02-15T10:55:01","date_gmt":"2022-02-15T09:55:01","guid":{"rendered":"https:\/\/aitia.fr\/erd\/?p=20713"},"modified":"2022-02-15T10:55:01","modified_gmt":"2022-02-15T09:55:01","slug":"bonjour-professeur-la-lettre-du-dr-rueff","status":"publish","type":"post","link":"https:\/\/aitia.fr\/erd\/bonjour-professeur-la-lettre-du-dr-rueff\/","title":{"rendered":"Bonjour Professeur\u2026 (La lettre du Dr Rueff)"},"content":{"rendered":"<p style=\"text-align: justify;\"><img decoding=\"async\" loading=\"lazy\" class=\"alignleft wp-image-20714\" src=\"https:\/\/aitia.fr\/erd\/wp-content\/uploads\/2022\/02\/repas-Montagnier-Rueff.jpg\" alt=\"\" width=\"384\" height=\"320\" srcset=\"https:\/\/aitia.fr\/erd\/wp-content\/uploads\/2022\/02\/repas-Montagnier-Rueff.jpg 454w, https:\/\/aitia.fr\/erd\/wp-content\/uploads\/2022\/02\/repas-Montagnier-Rueff-300x250.jpg 300w\" sizes=\"(max-width: 384px) 100vw, 384px\" \/>[<em>Note de l&#8217;administrateur de ce blog : contrairement aux apparences, l&#8217;acharnement contre le professeur Montagnier, et l&#8217;incroyable silence succ\u00e9dant \u00e0 sa disparition, ne sont pas un signe de toute-puissance de la &#8220;m\u00e9decine scientifique&#8221; qui aurait rel\u00e9gu\u00e9 aux oubliettes un chercheur devenu s\u00e9nile et infr\u00e9quentable, mais l&#8217;aveu d&#8217;\u00e9chec de tout un syst\u00e8me pharmaceutique en grande difficult\u00e9, sur le plan scientifique mais m\u00eame sur le plan \u00e9conomique.<\/em><\/p>\n<p style=\"text-align: justify;\"><em>L&#8217;imposition \u00e0 marche forc\u00e9e d&#8217;une &#8220;vaccination&#8221; g\u00e9n\u00e9ralis\u00e9e pire qu&#8217;inutile \u2013 les pr\u00e9curseurs en la mati\u00e8re montrent qu&#8217;elle devient contre-productive \u2013 et en outre tr\u00e8s dangereuse, n&#8217;est que la victoire \u00e0 la Pyrrhus d&#8217;un syst\u00e8me arriv\u00e9 dans une impasse. La corruption ne pourra pas \u00e9ternellement cacher la mis\u00e8re.<\/em>]<\/p>\n<hr \/>\n<p style=\"text-align: justify;\">Ch\u00e8re amie, cher ami,<\/p>\n<p style=\"text-align: justify;\">\u00ab\u00a0Bonjour Professeur\u00a0\u00bb. C\u2019est ainsi que nous nous retrouvions avec le Professeur Luc Montagnier, le samedi matin depuis\u2026 une douzaine d\u2019ann\u00e9e.<\/p>\n<p style=\"text-align: justify;\">Vous arriviez souvent le premier, Professeur. Vous restiez assis en silence, presque timide, au bout de la table et rien ne laissait para\u00eetre une quelconque volont\u00e9 de se distinguer.<\/p>\n<p style=\"text-align: justify;\">Je vous avais invit\u00e9 \u00e0 l\u2019automne 2009 \u00e0 une r\u00e9union de l\u2019ADNO<span id='easy-footnote-1-20713' class='easy-footnote-margin-adjust'><\/span><span class='easy-footnote'><a href='https:\/\/aitia.fr\/erd\/bonjour-professeur-la-lettre-du-dr-rueff\/#easy-footnote-bottom-1-20713' title='&lt;em&gt;Association pour le d\u00e9veloppement de la nutrition orthomol\u00e9culaire, que je pr\u00e9sidais&lt;\/em&gt;'><sup>1<\/sup><\/a><\/span>, qui fut tellement riche que le soir m\u00eame, nous d\u00e9cidions de nous retrouver r\u00e9guli\u00e8rement.<\/p>\n<p style=\"text-align: justify;\">C\u2019est ainsi que se forma spontan\u00e9ment un groupe d\u2019amis qui, plus tard, prit le nom de CHRONIMED<span id='easy-footnote-2-20713' class='easy-footnote-margin-adjust'><\/span><span class='easy-footnote'><a href='https:\/\/aitia.fr\/erd\/bonjour-professeur-la-lettre-du-dr-rueff\/#easy-footnote-bottom-2-20713' title='&lt;em&gt;Voie de recherche sur et \u00e0 propos des maladies chroniques&lt;\/em&gt;'><sup>2<\/sup><\/a><\/span>.<\/p>\n<p style=\"text-align: justify;\">Vous aviez re\u00e7u votre prix Nobel<span id='easy-footnote-3-20713' class='easy-footnote-margin-adjust'><\/span><span class='easy-footnote'><a href='https:\/\/aitia.fr\/erd\/bonjour-professeur-la-lettre-du-dr-rueff\/#easy-footnote-bottom-3-20713' title='&lt;a href=&quot;https:\/\/www.pasteur.fr\/fr\/institut-pasteur\/luc-montagnier-prix-nobel-2008&quot; target=&quot;_blank&quot; rel=&quot;noopener&quot;&gt;https:\/\/www.pasteur.fr\/fr\/institut-pasteur\/luc-montagnier-prix-nobel-2008&lt;\/a&gt;'><sup>3<\/sup><\/a><\/span>, un an auparavant.<\/p>\n<p style=\"text-align: justify;\">\u00c0 l\u2019\u00e9poque, vous aviez ce magnifique bureau au sommet d\u2019un b\u00e2timent de l\u2019UNESCO, qui tenait \u00e9galement \u00e0 notre disposition une salle de r\u00e9union.<\/p>\n<p style=\"text-align: justify;\">Ainsi, environ un samedi par mois, le m\u00eame c\u00e9r\u00e9monial se reproduisait. Nous venions des quatre coins de la France en train ou en avion et nous nous retrouvions \u00e0 l\u2019entr\u00e9e de ces b\u00e2timents o\u00f9 il fallait prouver son identit\u00e9, franchir des portiques de s\u00e9curit\u00e9, avant de traverser de grands halls et d\u2019arriver aux ascenseurs rouges qui nous menaient jusqu\u2019\u00e0 vous.<\/p>\n<p style=\"text-align: justify;\">Oui, nous \u00e9tions un groupe d\u2019amis bient\u00f4t rejoint par diverses personnalit\u00e9s que je ne nommerai pas\u00a0: m\u00e9decins hospitaliers et en client\u00e8le priv\u00e9e, chercheurs, v\u00e9t\u00e9rinaires, philosophes, sociologues, ing\u00e9nieurs agronomes, anthropologues\u2026 Nous \u00e9tions tous des \u00ab\u00a0curieux de la science\u00a0\u00bb avides de r\u00e9fl\u00e9chir et de d\u00e9battre de sujets novateurs.<\/p>\n<p><a href=\"https:\/\/lettre-docteur-rueff.fr\/bonjour-professeur\" target=\"_blank\" rel=\"noopener\">Continuer la lecture sur La lettre du Dr Rueff \u2192<\/a><\/p>\n<p style=\"text-align: justify;\">En plus du documentaire mentionn\u00e9 par le Dr Rueff dans sa lettre, on pourra en visionner ci-dessous un autre de France 5, un peu plus r\u00e9cent (juillet 2014), qui prouve qu&#8217;\u00e0 une \u00e9poque pas si lointaine, des cha\u00eenes de service public n&#8217;\u00e9taient pas de simples organes de propagande au service des lobbies les plus puissants :<\/p>\n<p style=\"text-align: center;\"><iframe loading=\"lazy\" width=\"640\" height=\"360\" id=\"odysee-iframe\" src=\"https:\/\/odysee.com\/$\/embed\/On-a-retrouv%C3%A9-la-m%C3%A9moire-de-l%27Eau\/1586377af5ce6610d6422afb27e9d074d2d7f42f?r=CWmrqpNZQFpHihAy7iZefgUDiC5mVS6C\" allowfullscreen=\"allowfullscreen\"><\/iframe><\/p>\n<p style=\"text-align: justify;\">Et l&#8217;on y retrouvera m\u00eame un passage sur une technique d&#8217;amplification g\u00e9nique devenue aujourd&#8217;hui c\u00e9l\u00e8bre : <a href=\"https:\/\/odysee.com\/@Isildan:8\/Kary-Mullis-prix-Nobel-et-inventeur-du-test-PCR-explique-comment-on-peut-de%CC%81tourner-les-resultats-des-tests-PCR:7\" target=\"_blank\" rel=\"noopener\">la technique PCR<\/a>&#8230;<\/p>\n<p>&nbsp;<\/p>\n","protected":false},"excerpt":{"rendered":"<p>[Note de l&#8217;administrateur de ce blog : contrairement aux apparences, l&#8217;acharnement contre le professeur Montagnier, et l&#8217;incroyable silence succ\u00e9dant \u00e0 sa disparition, ne sont pas un signe de toute-puissance de la &#8220;m\u00e9decine scientifique&#8221; qui aurait rel\u00e9gu\u00e9 aux oubliettes un chercheur devenu s\u00e9nile et infr\u00e9quentable, mais l&#8217;aveu d&#8217;\u00e9chec de tout un syst\u00e8me pharmaceutique en grande difficult\u00e9, [&hellip;]<\/p>\n","protected":false},"author":1,"featured_media":0,"comment_status":"open","ping_status":"open","sticky":false,"template":"","format":"standard","meta":[],"categories":[134,3,29,6],"tags":[2562,127,1216,1806,2559,2120,2560,2561,1792,2072],"_links":{"self":[{"href":"https:\/\/aitia.fr\/erd\/wp-json\/wp\/v2\/posts\/20713"}],"collection":[{"href":"https:\/\/aitia.fr\/erd\/wp-json\/wp\/v2\/posts"}],"about":[{"href":"https:\/\/aitia.fr\/erd\/wp-json\/wp\/v2\/types\/post"}],"author":[{"embeddable":true,"href":"https:\/\/aitia.fr\/erd\/wp-json\/wp\/v2\/users\/1"}],"replies":[{"embeddable":true,"href":"https:\/\/aitia.fr\/erd\/wp-json\/wp\/v2\/comments?post=20713"}],"version-history":[{"count":15,"href":"https:\/\/aitia.fr\/erd\/wp-json\/wp\/v2\/posts\/20713\/revisions"}],"predecessor-version":[{"id":20729,"href":"https:\/\/aitia.fr\/erd\/wp-json\/wp\/v2\/posts\/20713\/revisions\/20729"}],"wp:attachment":[{"href":"https:\/\/aitia.fr\/erd\/wp-json\/wp\/v2\/media?parent=20713"}],"wp:term":[{"taxonomy":"category","embeddable":true,"href":"https:\/\/aitia.fr\/erd\/wp-json\/wp\/v2\/categories?post=20713"},{"taxonomy":"post_tag","embeddable":true,"href":"https:\/\/aitia.fr\/erd\/wp-json\/wp\/v2\/tags?post=20713"}],"curies":[{"name":"wp","href":"https:\/\/api.w.org\/{rel}","templated":true}]}}