{"id":20706,"date":"2022-02-14T10:19:11","date_gmt":"2022-02-14T09:19:11","guid":{"rendered":"https:\/\/aitia.fr\/erd\/?p=20706"},"modified":"2022-02-14T10:19:11","modified_gmt":"2022-02-14T09:19:11","slug":"convoi-de-la-liberte-le-pouvoir-panique-hashtable","status":"publish","type":"post","link":"https:\/\/aitia.fr\/erd\/convoi-de-la-liberte-le-pouvoir-panique-hashtable\/","title":{"rendered":"Convoi de la libert\u00e9 : le pouvoir panique (Hashtable)"},"content":{"rendered":"<p style=\"text-align: justify;\" data-wp-editing=\"1\"><img decoding=\"async\" loading=\"lazy\" class=\"alignleft wp-image-20707\" src=\"https:\/\/aitia.fr\/erd\/wp-content\/uploads\/2022\/02\/sabordons-nous-pirate-asterix.jpg\" alt=\"\" width=\"385\" height=\"406\" srcset=\"https:\/\/aitia.fr\/erd\/wp-content\/uploads\/2022\/02\/sabordons-nous-pirate-asterix.jpg 450w, https:\/\/aitia.fr\/erd\/wp-content\/uploads\/2022\/02\/sabordons-nous-pirate-asterix-285x300.jpg 285w\" sizes=\"(max-width: 385px) 100vw, 385px\" \/>[<em>Note de l&#8217;administrateur de ce blog : quelle que soit l&#8217;issue de cette crise, elle d\u00e9montrera pour un bon moment l&#8217;imposture &#8220;d\u00e9mocratique&#8221; fran\u00e7aise (et pas uniquement fran\u00e7aise). Et c&#8217;est sans doute cela le plus important, et dont il faut malgr\u00e9 tout se r\u00e9jouir.<\/em><\/p>\n<p style=\"text-align: justify;\"><em>&#8220;Le conflit est le signe qu&#8217;il existe des v\u00e9rit\u00e9s plus amples et des perspectives plus belles&#8221; \u2013 <a href=\"https:\/\/fr.wikipedia.org\/wiki\/Alfred_North_Whitehead\" target=\"_blank\" rel=\"noopener\">Alfred North Whitehead<\/a><\/em>]<\/p>\n<hr \/>\n<p style=\"text-align: justify;\">Et voil\u00e0 donc que les rassemblements routiers canadiens font des \u00e9mules : en France, de nombreux automobilistes ont d\u00e9cid\u00e9 de remonter jusqu\u2019\u00e0 Paris pour r\u00e9clamer la fin du pass vaccinal et des contraintes sanitaires qui p\u00e8sent encore sur le territoire et ce alors que tout indique que la pand\u00e9mie est \u00e0 pr\u00e9sent termin\u00e9e. Des individus qui viennent protester \u00e0 Paris et comptent ne pas se laisser faire ? Mais c\u2019est un v\u00e9ritable crime d\u00e9mocratique, enfin, voyons !<\/p>\n<p style=\"text-align: justify;\">Pensez donc\u00a0: si on commence \u00e0 laisser le peuple s\u2019exprimer d\u2019une fa\u00e7on moins camouflable que les d\u00e9fil\u00e9s du samedi, et, surtout, si l\u2019expression de ce m\u00e9contentement se traduit par quelque chose de tr\u00e8s visible \u00e0 la t\u00e9l\u00e9vision, on prend le risque de voir s\u2019effondrer tout un pan de la communication gouvernementale. Pour rappel, selon cette communication, ceux qui s\u2019opposent \u00e0 la s\u00e9gr\u00e9gation sanitaire des citoyens sont une infime minorit\u00e9 de gens <em>d\u00e9plorables<\/em>. Tr\u00e8s officiellement, il y a une parfaite \u00e9galit\u00e9 entre ces rousp\u00e9teurs \u00e9go\u00efstes et les pires anti-vaccins anti-sciences complotistes d\u2019extr\u00eame-droite fasciste (et pourquoi pas anti-f\u00e9ministes, transphobes et homophobes pour faire bonne mesure).<\/p>\n<p style=\"text-align: justify;\">Bref, il n\u2019est absolument pas question de laisser la moindre visibilit\u00e9 \u00e0 ces groupuscules qui pourraient montrer que le peuple en a maintenant clairement soup\u00e9 des restrictions et des obligations diverses et entend bien recouvrer cette libert\u00e9 qu\u2019une minorit\u00e9 de manipulateurs et de manipul\u00e9s leur a confisqu\u00e9.<\/p>\n<p><a href=\"https:\/\/h16free.com\/2022\/02\/14\/70612-convoi-de-la-liberte-le-pouvoir-panique\" target=\"_blank\" rel=\"noopener\">Continuer la lecture sur Hashtable \u2192<\/a><\/p>\n","protected":false},"excerpt":{"rendered":"<p>[Note de l&#8217;administrateur de ce blog : quelle que soit l&#8217;issue de cette crise, elle d\u00e9montrera pour un bon moment l&#8217;imposture &#8220;d\u00e9mocratique&#8221; fran\u00e7aise (et pas uniquement fran\u00e7aise). Et c&#8217;est sans doute cela le plus important, et dont il faut malgr\u00e9 tout se r\u00e9jouir. &#8220;Le conflit est le signe qu&#8217;il existe des v\u00e9rit\u00e9s plus amples et [&hellip;]<\/p>\n","protected":false},"author":1,"featured_media":0,"comment_status":"open","ping_status":"open","sticky":false,"template":"","format":"standard","meta":[],"categories":[4,134],"tags":[956,2552,126,112,1722,546,1128,2558],"_links":{"self":[{"href":"https:\/\/aitia.fr\/erd\/wp-json\/wp\/v2\/posts\/20706"}],"collection":[{"href":"https:\/\/aitia.fr\/erd\/wp-json\/wp\/v2\/posts"}],"about":[{"href":"https:\/\/aitia.fr\/erd\/wp-json\/wp\/v2\/types\/post"}],"author":[{"embeddable":true,"href":"https:\/\/aitia.fr\/erd\/wp-json\/wp\/v2\/users\/1"}],"replies":[{"embeddable":true,"href":"https:\/\/aitia.fr\/erd\/wp-json\/wp\/v2\/comments?post=20706"}],"version-history":[{"count":5,"href":"https:\/\/aitia.fr\/erd\/wp-json\/wp\/v2\/posts\/20706\/revisions"}],"predecessor-version":[{"id":20712,"href":"https:\/\/aitia.fr\/erd\/wp-json\/wp\/v2\/posts\/20706\/revisions\/20712"}],"wp:attachment":[{"href":"https:\/\/aitia.fr\/erd\/wp-json\/wp\/v2\/media?parent=20706"}],"wp:term":[{"taxonomy":"category","embeddable":true,"href":"https:\/\/aitia.fr\/erd\/wp-json\/wp\/v2\/categories?post=20706"},{"taxonomy":"post_tag","embeddable":true,"href":"https:\/\/aitia.fr\/erd\/wp-json\/wp\/v2\/tags?post=20706"}],"curies":[{"name":"wp","href":"https:\/\/api.w.org\/{rel}","templated":true}]}}