{"id":20687,"date":"2022-02-12T17:36:48","date_gmt":"2022-02-12T16:36:48","guid":{"rendered":"https:\/\/aitia.fr\/erd\/?p=20687"},"modified":"2022-02-12T17:36:48","modified_gmt":"2022-02-12T16:36:48","slug":"pendant-53-jours-jetais-un-hors-la-loi-un-medecin-suspendu-pour-avoir-refuse-la-vaccination-covid-se-rebiffe-le-quotidien-du-medecin","status":"publish","type":"post","link":"https:\/\/aitia.fr\/erd\/pendant-53-jours-jetais-un-hors-la-loi-un-medecin-suspendu-pour-avoir-refuse-la-vaccination-covid-se-rebiffe-le-quotidien-du-medecin\/","title":{"rendered":"\u00ab <i>Pendant 53 jours, j&#8217;\u00e9tais un hors-la-loi<\/i> \u00bb, un m\u00e9decin <br>suspendu pour avoir refus\u00e9 la vaccination Covid se rebiffe (Le Quotidien du m\u00e9decin)"},"content":{"rendered":"<div id=\"attachment_20693\" style=\"width: 410px\" class=\"wp-caption alignleft\"><a href=\"https:\/\/aitia.fr\/erd\/wp-content\/uploads\/2022\/02\/thromboses-Screenshot-2022-02-12-at-14-09-15-AEs-Deaths-per-Million-Doses-By-Vax-By-Symptom-Updated-through-1-7-22-\u2013-VAERS-Analysis.png\" target=\"_blank\" rel=\"noopener\"><img aria-describedby=\"caption-attachment-20693\" decoding=\"async\" loading=\"lazy\" class=\"wp-image-20693\" src=\"https:\/\/aitia.fr\/erd\/wp-content\/uploads\/2022\/02\/thromboses-Screenshot-2022-02-12-at-14-09-15-AEs-Deaths-per-Million-Doses-By-Vax-By-Symptom-Updated-through-1-7-22-\u2013-VAERS-Analysis-copie.png\" alt=\"Thromboses d\u00e9clar\u00e9es dans le VAERS par million de doses de vaccin, effets ind\u00e9sirables en bleu et d\u00e9c\u00e8s en rouge.\" width=\"400\" height=\"280\" srcset=\"https:\/\/aitia.fr\/erd\/wp-content\/uploads\/2022\/02\/thromboses-Screenshot-2022-02-12-at-14-09-15-AEs-Deaths-per-Million-Doses-By-Vax-By-Symptom-Updated-through-1-7-22-\u2013-VAERS-Analysis-copie.png 507w, https:\/\/aitia.fr\/erd\/wp-content\/uploads\/2022\/02\/thromboses-Screenshot-2022-02-12-at-14-09-15-AEs-Deaths-per-Million-Doses-By-Vax-By-Symptom-Updated-through-1-7-22-\u2013-VAERS-Analysis-copie-300x210.png 300w\" sizes=\"(max-width: 400px) 100vw, 400px\" \/><\/a><p id=\"caption-attachment-20693\" class=\"wp-caption-text\">Thromboses d\u00e9clar\u00e9es dans le VAERS par million de doses de vaccin, effets ind\u00e9sirables en bleu et d\u00e9c\u00e8s en rouge. <br \/>Comparaison entre des vaccins traditionnels <br \/>et les &#8220;vaccins&#8221; anti-Covid. <br \/>Source : <a href=\"https:\/\/vaersanalysis.info\/2022\/01\/21\/aes-deaths-per-million-doses-by-vax-by-symptom-updated-through-1-7-22\/\" target=\"_blank\" rel=\"noopener\">vaersanalysis.info<\/a>.<\/p><\/div>\n<p>[<em>Note de l&#8217;administrateur de ce blog : o\u00f9 l&#8217;on apprend, derri\u00e8re les pr\u00e9cautions de langage de la doxa covidiste, que ce m\u00e9decin ayant finalement c\u00e9d\u00e9 \u00e0 la pression vaccinale a failli perdre la vie \u00e0 cause d&#8217;une thrombose f\u00e9morale profonde.<\/em><\/p>\n<p style=\"text-align: justify;\"><em>Il n&#8217;y aura jamais d&#8217;oubli pour les promoteurs de cette exp\u00e9rience m\u00e9dicale forc\u00e9e, et la justice populaire devra \u00eatre rendue.<\/em>]<\/p>\n<hr \/>\n<p style=\"text-align: justify;\">Pendant plus de 7 semaines, le Dr Jean Panel a \u00e9t\u00e9 mis au ban de la m\u00e9decine. Pour des raisons m\u00e9dicales, le g\u00e9n\u00e9raliste (m\u00e9decine du sport) install\u00e9 \u00e0 \u00c9lancourt (Yvelines) a refus\u00e9 dans un premier temps la vaccination contre le Covid-19. Il a \u00e9t\u00e9 suspendu le 22 novembre 2021, conform\u00e9ment \u00e0 la loi du 5 ao\u00fbt 2021 imposant l&#8217;obligation vaccinale aux soignants.<\/p>\n<p style=\"text-align: justify;\">Depuis, le Dr\u00a0Panel est pass\u00e9 par la case vaccination. Convaincu par ses proches, et <em>\u00ab\u00a0sous la pression institutionnelle\u00a0\u00bb<\/em>, il s\u2019est fait injecter une premi\u00e8re dose du vaccin de Pfizer le 17\u00a0d\u00e9cembre 2021, avant de reprendre son activit\u00e9 quelques semaines plus tard, sa suspension ayant \u00e9t\u00e9 lev\u00e9e le 13\u00a0janvier 2022.<\/p>\n<p style=\"text-align: justify;\">Mais le m\u00e9decin a mal v\u00e9cu cette mise \u00e0 l\u2019\u00e9cart forc\u00e9e, comme il l&#8217;a racont\u00e9 au <a href=\"https:\/\/www.leparisien.fr\/yvelines-78\/un-medecin-des-yvelines-suspendu-6-semaines-apres-avoir-refuse-detre-vaccine-pour-raisons-de-sante-07-02-2022-OMBTNOK6YBBHJD4YKALABOTPRU.php\" target=\"_blank\" rel=\"noopener\">\u00ab\u00a0Parisien\u00a0\u00bb<\/a>. <em>\u00ab\u00a0J\u2019ai \u00e9t\u00e9 trait\u00e9 comme un d\u00e9linquant, un hors-la-loi<\/em>, confie le Dr\u00a0Panel au \u00abQuotidien\u00bb.<em> Quand on travaille jusqu\u2019\u00e0 12\u00a0heures par jour, qu\u2019on est au service de la soci\u00e9t\u00e9 pendant 45 ans, qu\u2019on a fait 12 ans d\u2019\u00e9tudes, c\u2019est r\u00e9voltant\u202f!\u00a0\u00bb<\/em> Le m\u00e9decin se plaint d\u2019avoir re\u00e7u des courriers <em>\u00ab\u00a0d\u2019une agressivit\u00e9 incroyable\u00a0\u00bb<\/em> de la part de l\u2019ARS, lui imposant un d\u00e9lai de vaccination et le mena\u00e7ant de poursuites p\u00e9nales.<\/p>\n<p><a href=\"https:\/\/www.lequotidiendumedecin.fr\/liberal\/pendant-53-jours-jetais-un-hors-la-loi-un-medecin-suspendu-pour-avoir-refuse-la-vaccination-covid-se\" target=\"_blank\" rel=\"noopener\">Continuer la lecture sur Le Quotidien du m\u00e9decin \u2192<\/a><\/p>\n","protected":false},"excerpt":{"rendered":"<p>[Note de l&#8217;administrateur de ce blog : o\u00f9 l&#8217;on apprend, derri\u00e8re les pr\u00e9cautions de langage de la doxa covidiste, que ce m\u00e9decin ayant finalement c\u00e9d\u00e9 \u00e0 la pression vaccinale a failli perdre la vie \u00e0 cause d&#8217;une thrombose f\u00e9morale profonde. Il n&#8217;y aura jamais d&#8217;oubli pour les promoteurs de cette exp\u00e9rience m\u00e9dicale forc\u00e9e, et la [&hellip;]<\/p>\n","protected":false},"author":1,"featured_media":0,"comment_status":"open","ping_status":"open","sticky":false,"template":"","format":"standard","meta":[],"categories":[4,134,29],"tags":[2323,2443,1542,1687,770,2381,2277,2557],"_links":{"self":[{"href":"https:\/\/aitia.fr\/erd\/wp-json\/wp\/v2\/posts\/20687"}],"collection":[{"href":"https:\/\/aitia.fr\/erd\/wp-json\/wp\/v2\/posts"}],"about":[{"href":"https:\/\/aitia.fr\/erd\/wp-json\/wp\/v2\/types\/post"}],"author":[{"embeddable":true,"href":"https:\/\/aitia.fr\/erd\/wp-json\/wp\/v2\/users\/1"}],"replies":[{"embeddable":true,"href":"https:\/\/aitia.fr\/erd\/wp-json\/wp\/v2\/comments?post=20687"}],"version-history":[{"count":14,"href":"https:\/\/aitia.fr\/erd\/wp-json\/wp\/v2\/posts\/20687\/revisions"}],"predecessor-version":[{"id":20703,"href":"https:\/\/aitia.fr\/erd\/wp-json\/wp\/v2\/posts\/20687\/revisions\/20703"}],"wp:attachment":[{"href":"https:\/\/aitia.fr\/erd\/wp-json\/wp\/v2\/media?parent=20687"}],"wp:term":[{"taxonomy":"category","embeddable":true,"href":"https:\/\/aitia.fr\/erd\/wp-json\/wp\/v2\/categories?post=20687"},{"taxonomy":"post_tag","embeddable":true,"href":"https:\/\/aitia.fr\/erd\/wp-json\/wp\/v2\/tags?post=20687"}],"curies":[{"name":"wp","href":"https:\/\/api.w.org\/{rel}","templated":true}]}}