{"id":20497,"date":"2022-01-02T10:55:53","date_gmt":"2022-01-02T09:55:53","guid":{"rendered":"https:\/\/aitia.fr\/erd\/?p=20497"},"modified":"2022-01-02T12:08:59","modified_gmt":"2022-01-02T11:08:59","slug":"diminution-de-la-gravite-de-la-maladie-lors-de-la-premiere-epidemie-mondiale-de-la-variante-omicron-du-covid-19-dans-un-grand-hopital-de-tshwane-en-afrique-du-sud","status":"publish","type":"post","link":"https:\/\/aitia.fr\/erd\/diminution-de-la-gravite-de-la-maladie-lors-de-la-premiere-epidemie-mondiale-de-la-variante-omicron-du-covid-19-dans-un-grand-hopital-de-tshwane-en-afrique-du-sud\/","title":{"rendered":"Diminution de la gravit\u00e9 de la maladie lors de la premi\u00e8re \u00e9pid\u00e9mie mondiale de la variante Omicron du Covid-19 dans un grand h\u00f4pital de Tshwane, en Afrique du Sud"},"content":{"rendered":"<p style=\"text-align: justify;\"><img decoding=\"async\" loading=\"lazy\" class=\"alignleft wp-image-20499\" src=\"https:\/\/aitia.fr\/erd\/wp-content\/uploads\/2022\/01\/IJID.jpg\" alt=\"\" width=\"360\" height=\"483\" srcset=\"https:\/\/aitia.fr\/erd\/wp-content\/uploads\/2022\/01\/IJID.jpg 572w, https:\/\/aitia.fr\/erd\/wp-content\/uploads\/2022\/01\/IJID-223x300.jpg 223w\" sizes=\"(max-width: 360px) 100vw, 360px\" \/>L&#8217;ann\u00e9e 2022 verra in\u00e9luctablement l&#8217;effondrement de la manipulation Covid-19 et en cons\u00e9quence le r\u00e9veil des peuples contre leurs oppresseurs. Pour une raison simple : le croisement d&#8217;une courbe descendante et d&#8217;une courbe montante.<\/p>\n<p style=\"text-align: justify;\">La courbe descendante, c&#8217;est celle de la gravit\u00e9 d&#8217;une pand\u00e9mie qui, <a href=\"https:\/\/aitia.fr\/erd\/raison-garder\/\" target=\"_blank\" rel=\"noopener\">d\u00e8s le d\u00e9but, ne m\u00e9ritait m\u00eame pas ce nom<\/a> \u2013 elle aurait pu, et d\u00fb, \u00eatre trait\u00e9e avec le moyens de la m\u00e9decine v\u00e9ritablement scientifique et n&#8217;aurait alors \u00e9t\u00e9 qu&#8217;une grosse saison grippale de plus \u2013 mais qui avec Omicron<span id='easy-footnote-1-20497' class='easy-footnote-margin-adjust'><\/span><span class='easy-footnote'><a href='https:\/\/aitia.fr\/erd\/diminution-de-la-gravite-de-la-maladie-lors-de-la-premiere-epidemie-mondiale-de-la-variante-omicron-du-covid-19-dans-un-grand-hopital-de-tshwane-en-afrique-du-sud\/#easy-footnote-bottom-1-20497' title='Dont la trajectoire \u00e9volutive passant par la souris (de laboratoire ?) &lt;a href=&quot;https:\/\/pubmed.ncbi.nlm.nih.gov\/34954396\/&quot; target=&quot;_blank&quot; rel=&quot;noopener&quot;&gt;semble se confirmer&lt;\/a&gt;&amp;#8230;'><sup>1<\/sup><\/a><\/span>, le m\u00e9rite encore bien moins.<\/p>\n<p style=\"text-align: justify;\">La courbe montante, c&#8217;est celle des restrictions aux libert\u00e9s en tout genre, de la fr\u00e9n\u00e9sie vaccinale sans limite qui conduit m\u00eame les &#8220;bons \u00e9l\u00e8ves&#8221;, ceux qui croient que c&#8217;est en ob\u00e9issant que tout va s&#8217;arr\u00eater, \u00e0 se poser des questions voire \u00e0 se r\u00e9volter avec la conviction et l&#8217;\u00e9nergie des derniers convertis, souvent sup\u00e9rieures \u00e0 celles des premiers, qui parfois fatiguent \u00e0 la longue.<\/p>\n<p style=\"text-align: justify;\">En guise d&#8217;introduction \u00e0 cette ann\u00e9e de grand renversement, je vous propose la traduction d&#8217;un r\u00e9sum\u00e9 d&#8217;article \u00e0 para\u00eetre dans l&#8217;<a href=\"https:\/\/www.sciencedirect.com\/journal\/international-journal-of-infectious-diseases\" target=\"_blank\" rel=\"noopener\"><em>International Journal of Infectious Diseases<\/em><\/a> (Journal International des Maladies Infectieuses), la publication m\u00e9dicale mensuelle \u00e0 comit\u00e9 de lecture et en acc\u00e8s libre de la Soci\u00e9t\u00e9 Internationale des Maladies Infectieuses (<a href=\"https:\/\/isid.org\/\" target=\"_blank\" rel=\"noopener\"><em>International Society of Infectious Diseases<\/em><\/a>). Ce r\u00e9sum\u00e9 <a href=\"https:\/\/pubmed.ncbi.nlm.nih.gov\/34971823\/\" target=\"_blank\" rel=\"noopener\">est paru le 28 d\u00e9cembre 2021<\/a>.<\/p>\n<p>Il y a le temps des media, puis celui de la science, puis celui de la justice.<\/p>\n<p><!--more--><\/p>\n<p style=\"text-align: center;\">\u2014\u2014\u2014 D\u00e9but de la traduction \u2014\u2014\u2014<\/p>\n<p style=\"text-align: justify;\"><strong>Introduction :<\/strong> La maladie \u00e0 coronavirus 2019 (COVID-19) signal\u00e9e pour la premi\u00e8re fois \u00e0 Wuhan en Chine en d\u00e9cembre 2019 est une pand\u00e9mie mondiale qui menace la sant\u00e9 et le bien-\u00eatre des populations du monde entier. \u00c0 ce jour, plus de 274 millions de cas ont \u00e9t\u00e9 signal\u00e9s et 5,3 millions de d\u00e9c\u00e8s ont \u00e9t\u00e9 enregistr\u00e9s. La variante Omicron document\u00e9e pour la premi\u00e8re fois dans la ville de Tshwane, province de Gauteng, Afrique du Sud, le 9 novembre 2021, a entra\u00een\u00e9 une augmentation exponentielle des cas et une forte hausse des admissions \u00e0 l&#8217;h\u00f4pital. Le profil clinique des patients admis dans un grand h\u00f4pital de Tshwane est compar\u00e9 ici \u00e0 celui des vagues pr\u00e9c\u00e9dentes.<\/p>\n<p style=\"text-align: justify;\"><strong>M\u00e9thodes :<\/strong> Les m\u00e9thodes doivent d\u00e9crire le plan d&#8217;\u00e9tude qui a \u00e9t\u00e9 employ\u00e9 et la taille de l&#8217;\u00e9chantillon, car il s&#8217;agit principalement de r\u00e9sultats. 466 admissions hospitali\u00e8res COVID-19 depuis le 14 novembre 2021 ont \u00e9t\u00e9 compar\u00e9es \u00e0 3 976 admissions ant\u00e9rieures depuis le 4 mai 2020. Quatre-vingt-dix-huit dossiers de patients au pic d&#8217;occupation des lits pendant l&#8217;\u00e9pid\u00e9mie ont \u00e9t\u00e9 examin\u00e9s pour l&#8217;indication principale de l&#8217;admission, la gravit\u00e9 clinique, le niveau de suppl\u00e9mentation en oxyg\u00e8ne, la vaccination et l&#8217;infection ant\u00e9rieure au COVID-19. Les donn\u00e9es sur les cas quotidiens et les d\u00e9c\u00e8s d\u00e9clar\u00e9s \u00e0 l&#8217;\u00e9chelle de la province et de la ville, ainsi que les hospitalisations et les d\u00e9c\u00e8s en exc\u00e8s, ont \u00e9t\u00e9 obtenues aupr\u00e8s du NICD, du minist\u00e8re national de la Sant\u00e9 et du Conseil sud-africain de la recherche m\u00e9dicale.<\/p>\n<p style=\"text-align: justify;\"><strong>R\u00e9sultats :<\/strong> Les d\u00e9c\u00e8s et les admissions en soins intensifs \u00e9taient de 4,5 % contre 21,3 % (p&lt;0,00001)<span id='easy-footnote-2-20497' class='easy-footnote-margin-adjust'><\/span><span class='easy-footnote'><a href='https:\/\/aitia.fr\/erd\/diminution-de-la-gravite-de-la-maladie-lors-de-la-premiere-epidemie-mondiale-de-la-variante-omicron-du-covid-19-dans-un-grand-hopital-de-tshwane-en-afrique-du-sud\/#easy-footnote-bottom-2-20497' title='Probabilit\u00e9 que ce r\u00e9sultat soit d\u00fb au simple hasard.'><sup>2<\/sup><\/a><\/span>, et de 1 % contre 4,3 % (p&lt;0,00001) ; la dur\u00e9e de s\u00e9jour \u00e9tait de 4,0 jours contre 8,8 jours ; et l&#8217;\u00e2ge moyen \u00e9tait de 39 ans contre 49 ans pour les vagues Omicron et pr\u00e9c\u00e9dente respectivement. Les admissions ont atteint un pic puis ont diminu\u00e9 rapidement, le taux d&#8217;occupation des lits atteignant 51 % du pic pr\u00e9c\u00e9dent le plus \u00e9lev\u00e9. Soixante-deux (63 %) des patients des services COVID-19 pr\u00e9sentaient un COVID-19 incident \u00e0 la suite d&#8217;un test PCR SRAS-CoV-2 positif. Seul un tiers (36) d&#8217;entre eux ont eu une pneumonie \u00e0 COVID-19, dont 72% avaient une maladie l\u00e9g\u00e8re \u00e0 mod\u00e9r\u00e9e. Les 38% restants ont n\u00e9cessit\u00e9 des soins \u00e9lev\u00e9s ou une admission en Unit\u00e9 de Soins Intensifs. Moins de la moiti\u00e9 (45 %) des patients des services COVID-19, contre 99,5 % lors de la premi\u00e8re vague, ont eu besoin d&#8217;un suppl\u00e9ment d&#8217;oxyg\u00e8ne. Les taux de la ville et de la province montrent un d\u00e9couplage des cas, des hospitalisations et des d\u00e9c\u00e8s par rapport aux vagues pr\u00e9c\u00e9dentes, ce qui corrobore les constatations cliniques d&#8217;une maladie due \u00e0 Omicron moins grave \u00e0 l&#8217;h\u00f4pital.<\/p>\n<p style=\"text-align: justify;\"><strong>Conclusion :<\/strong> La gravit\u00e9 de la maladie a diminu\u00e9 lors de la quatri\u00e8me vague de l&#8217;Omicron dans la ville de Tshwane, son premier \u00e9picentre mondial.<\/p>\n<p style=\"text-align: center;\">\u2014\u2014\u2013\u2014 Fin de la traduction \u2014\u2013\u2014\u2014<\/p>\n<p style=\"text-align: justify;\">On pourra pour compl\u00e9ter suivre l&#8217;\u00e9volution des cas et d\u00e9c\u00e8s en Afrique du Sud en consultant <a href=\"https:\/\/ourworldindata.org\/explorers\/coronavirus-data-explorer?zoomToSelection=true&amp;time=2020-03-01..latest&amp;uniformYAxis=0&amp;pickerSort=desc&amp;pickerMetric=total_cases&amp;hideControls=true&amp;Metric=Cases+and+deaths&amp;Interval=7-day+rolling+average&amp;Relative+to+Population=false&amp;Align+outbreaks=false&amp;country=~ZAF\" target=\"_blank\" rel=\"noopener\">les courbes de <em>Our World in Data<\/em><\/a> ; ci-dessous, le graphe combin\u00e9 des cas et des d\u00e9c\u00e8s \u2013 dont la courbe est toujours retard\u00e9e par rapport \u00e0 celle des cas \u2013 par million d&#8217;habitants, telle qu&#8217;elle appara\u00eet le 2 janvier 2022 avec des donn\u00e9es jusqu&#8217;au 1<sup>er<\/sup> janvier 2022.<\/p>\n<p style=\"text-align: justify;\"><strong>Remarques :<\/strong><\/p>\n<ol>\n<li style=\"text-align: justify;\">C&#8217;est l&#8217;\u00e9t\u00e9 actuellement en Afrique du Sud, comme c&#8217;\u00e9tait d\u00e9j\u00e0 le cas lors du passage de 2020 \u00e0 2021, lors du record de d\u00e9c\u00e8s visible au milieu du graphe.<\/li>\n<li style=\"text-align: justify;\">Le taux de vaccination en Afrique du Sud \u00e9tait de 26,4 % (<a href=\"https:\/\/ourworldindata.org\/grapher\/share-people-fully-vaccinated-covid?country=~ZAF\" target=\"_blank\" rel=\"noopener\">vaccination compl\u00e8te<\/a>) ou de 31,5 % (<a href=\"https:\/\/ourworldindata.org\/grapher\/share-people-vaccinated-covid?country=~ZAF\" target=\"_blank\" rel=\"noopener\">au moins une dose<\/a>) au 29 d\u00e9cembre 2021.<\/li>\n<\/ol>\n<p data-wp-editing=\"1\"><img decoding=\"async\" loading=\"lazy\" class=\"aligncenter wp-image-20504\" src=\"https:\/\/aitia.fr\/erd\/wp-content\/uploads\/2022\/01\/South-Africa-cases-deaths-2022-01-01-copie.png\" alt=\"\" width=\"800\" height=\"637\" srcset=\"https:\/\/aitia.fr\/erd\/wp-content\/uploads\/2022\/01\/South-Africa-cases-deaths-2022-01-01-copie.png 951w, https:\/\/aitia.fr\/erd\/wp-content\/uploads\/2022\/01\/South-Africa-cases-deaths-2022-01-01-copie-300x239.png 300w, https:\/\/aitia.fr\/erd\/wp-content\/uploads\/2022\/01\/South-Africa-cases-deaths-2022-01-01-copie-768x611.png 768w, https:\/\/aitia.fr\/erd\/wp-content\/uploads\/2022\/01\/South-Africa-cases-deaths-2022-01-01-copie-600x478.png 600w\" sizes=\"(max-width: 800px) 100vw, 800px\" \/><\/p>\n","protected":false},"excerpt":{"rendered":"<p>L&#8217;ann\u00e9e 2022 verra in\u00e9luctablement l&#8217;effondrement de la manipulation Covid-19 et en cons\u00e9quence le r\u00e9veil des peuples contre leurs oppresseurs. Pour une raison simple : le croisement d&#8217;une courbe descendante et d&#8217;une courbe montante. La courbe descendante, c&#8217;est celle de la gravit\u00e9 d&#8217;une pand\u00e9mie qui, d\u00e8s le d\u00e9but, ne m\u00e9ritait m\u00eame pas ce nom \u2013 elle [&hellip;]<\/p>\n","protected":false},"author":1,"featured_media":0,"comment_status":"open","ping_status":"open","sticky":false,"template":"","format":"standard","meta":[],"categories":[4,29,6],"tags":[2505,1542,2537,2536,2503,2141,2534,2535],"_links":{"self":[{"href":"https:\/\/aitia.fr\/erd\/wp-json\/wp\/v2\/posts\/20497"}],"collection":[{"href":"https:\/\/aitia.fr\/erd\/wp-json\/wp\/v2\/posts"}],"about":[{"href":"https:\/\/aitia.fr\/erd\/wp-json\/wp\/v2\/types\/post"}],"author":[{"embeddable":true,"href":"https:\/\/aitia.fr\/erd\/wp-json\/wp\/v2\/users\/1"}],"replies":[{"embeddable":true,"href":"https:\/\/aitia.fr\/erd\/wp-json\/wp\/v2\/comments?post=20497"}],"version-history":[{"count":21,"href":"https:\/\/aitia.fr\/erd\/wp-json\/wp\/v2\/posts\/20497\/revisions"}],"predecessor-version":[{"id":20521,"href":"https:\/\/aitia.fr\/erd\/wp-json\/wp\/v2\/posts\/20497\/revisions\/20521"}],"wp:attachment":[{"href":"https:\/\/aitia.fr\/erd\/wp-json\/wp\/v2\/media?parent=20497"}],"wp:term":[{"taxonomy":"category","embeddable":true,"href":"https:\/\/aitia.fr\/erd\/wp-json\/wp\/v2\/categories?post=20497"},{"taxonomy":"post_tag","embeddable":true,"href":"https:\/\/aitia.fr\/erd\/wp-json\/wp\/v2\/tags?post=20497"}],"curies":[{"name":"wp","href":"https:\/\/api.w.org\/{rel}","templated":true}]}}