{"id":20415,"date":"2021-12-29T16:26:40","date_gmt":"2021-12-29T15:26:40","guid":{"rendered":"https:\/\/aitia.fr\/erd\/?p=20415"},"modified":"2022-02-22T15:36:05","modified_gmt":"2022-02-22T14:36:05","slug":"entrevue-avec-geert-vanden-bossche-bam","status":"publish","type":"post","link":"https:\/\/aitia.fr\/erd\/entrevue-avec-geert-vanden-bossche-bam\/","title":{"rendered":"Entrevue avec Geert Vanden Bossche (BAM!)"},"content":{"rendered":"<p style=\"text-align: justify;\">[<em>Note de l&#8217;administrateur de ce blog : au moment o\u00f9 de plus en plus de monde remarque que les &#8220;vaccins&#8221; prot\u00e8gent mal de l&#8217;infection au SARS-CoV-2, voire &#8220;antiprot\u00e8gent&#8221; (avec une efficacit\u00e9 n\u00e9gative) de plus en plus, il est utile d&#8217;\u00e9couter un des rares entretiens en fran\u00e7ais de Geert Vanden Bossche, le virologue qui semble avoir pr\u00e9vu ce genre de ratage depuis le d\u00e9but, et que les &#8220;fact-checkers&#8221; se sont bien entendu empress\u00e9s de traiter de tous les noms.<\/em><\/p>\n<p style=\"text-align: justify;\"><em>Cet entretien a \u00e9t\u00e9 <a href=\"https:\/\/www.youtube.com\/watch?v=nr-1W18i4gM\" target=\"_blank\" rel=\"noopener\">publi\u00e9 le 23 d\u00e9cembre 2021<\/a> sur la cha\u00eene YouTube de BAM! (Belgian Alternative Media). On pr\u00eatera particuli\u00e8rement attention \u00e0 ce qu&#8217;il dit sur la vaccination des enfants et sur les maladies auto-immunes.<\/em><\/p>\n<p style=\"text-align: justify;\"><em>Une pr\u00e9sentation (en anglais) de Geert Vanden Bossche est disponible <a href=\"https:\/\/www.voiceforscienceandsolidarity.org\/authors\/geert-vanden-bossche\" target=\"_blank\" rel=\"noopener\">sur cette page<\/a>, ainsi qu&#8217;un lien vers son CV d\u00e9taill\u00e9.<\/em>]<\/p>\n<hr \/>\n<p style=\"text-align: center;\"><iframe loading=\"lazy\" width=\"640\" height=\"360\" src=\"https:\/\/www.youtube.com\/embed\/nr-1W18i4gM\" title=\"YouTube video player\" frameborder=\"0\" allow=\"accelerometer; autoplay; clipboard-write; encrypted-media; gyroscope; picture-in-picture\" allowfullscreen=\"allowfullscreen\"><\/iframe><\/p>\n<p style=\"text-align: justify;\">Bien \u00e9videmment, YouTube n&#8217;a pas mis longtemps \u00e0 s\u00e9vir&#8230; aucune importance ! Raison de plus pour montrer qu&#8217;on peut s&#8217;en passer.<\/p>\n<p style=\"text-align: center;\"><iframe loading=\"lazy\" width=\"640\" height=\"360\" id=\"odysee-iframe\" src=\"https:\/\/odysee.com\/$\/embed\/Interview-Geert-Vanden-Bossche\/b27865a68456b19ba89589f46e222acb0d57f7f7?r=CWmrqpNZQFpHihAy7iZefgUDiC5mVS6C\" allowfullscreen=\"allowfullscreen\"><span style=\"display: inline-block; width: 0px; overflow: hidden; line-height: 0;\" data-mce-type=\"bookmark\" class=\"mce_SELRES_start\">\ufeff<\/span><\/iframe><\/p>\n","protected":false},"excerpt":{"rendered":"<p>[Note de l&#8217;administrateur de ce blog : au moment o\u00f9 de plus en plus de monde remarque que les &#8220;vaccins&#8221; prot\u00e8gent mal de l&#8217;infection au SARS-CoV-2, voire &#8220;antiprot\u00e8gent&#8221; (avec une efficacit\u00e9 n\u00e9gative) de plus en plus, il est utile d&#8217;\u00e9couter un des rares entretiens en fran\u00e7ais de Geert Vanden Bossche, le virologue qui semble avoir [&hellip;]<\/p>\n","protected":false},"author":1,"featured_media":0,"comment_status":"open","ping_status":"open","sticky":false,"template":"","format":"video","meta":[],"categories":[133,3,29,6],"tags":[2532,1542,1687,2533,2531,2334,48,1730],"_links":{"self":[{"href":"https:\/\/aitia.fr\/erd\/wp-json\/wp\/v2\/posts\/20415"}],"collection":[{"href":"https:\/\/aitia.fr\/erd\/wp-json\/wp\/v2\/posts"}],"about":[{"href":"https:\/\/aitia.fr\/erd\/wp-json\/wp\/v2\/types\/post"}],"author":[{"embeddable":true,"href":"https:\/\/aitia.fr\/erd\/wp-json\/wp\/v2\/users\/1"}],"replies":[{"embeddable":true,"href":"https:\/\/aitia.fr\/erd\/wp-json\/wp\/v2\/comments?post=20415"}],"version-history":[{"count":8,"href":"https:\/\/aitia.fr\/erd\/wp-json\/wp\/v2\/posts\/20415\/revisions"}],"predecessor-version":[{"id":20734,"href":"https:\/\/aitia.fr\/erd\/wp-json\/wp\/v2\/posts\/20415\/revisions\/20734"}],"wp:attachment":[{"href":"https:\/\/aitia.fr\/erd\/wp-json\/wp\/v2\/media?parent=20415"}],"wp:term":[{"taxonomy":"category","embeddable":true,"href":"https:\/\/aitia.fr\/erd\/wp-json\/wp\/v2\/categories?post=20415"},{"taxonomy":"post_tag","embeddable":true,"href":"https:\/\/aitia.fr\/erd\/wp-json\/wp\/v2\/tags?post=20415"}],"curies":[{"name":"wp","href":"https:\/\/api.w.org\/{rel}","templated":true}]}}