{"id":20397,"date":"2021-12-15T19:10:51","date_gmt":"2021-12-15T18:10:51","guid":{"rendered":"https:\/\/aitia.fr\/erd\/?p=20397"},"modified":"2021-12-15T19:10:51","modified_gmt":"2021-12-15T18:10:51","slug":"marie-estelle-dupont-sur-la-souffrance-des-enfants-et-leur-sacrifice-par-les-adultes","status":"publish","type":"post","link":"https:\/\/aitia.fr\/erd\/marie-estelle-dupont-sur-la-souffrance-des-enfants-et-leur-sacrifice-par-les-adultes\/","title":{"rendered":"Marie-Estelle Dupont sur la souffrance des enfants <br>et leur sacrifice par les adultes"},"content":{"rendered":"<p style=\"text-align: justify;\">[<em>Note de l&#8217;administrateur de ce blog : une soci\u00e9t\u00e9 qui ne prot\u00e8ge pas les faibles, que ce soient les plus \u00e2g\u00e9s \u2013 <a href=\"https:\/\/www.agoravox.fr\/tribune-libre\/article\/decret-rivotril-compassion-223015\" target=\"_blank\" rel=\"noopener\">euthanasi\u00e9s au Rivotril<\/a> d\u00e8s la &#8220;premi\u00e8re vague&#8221; \u2013 mais aussi et surtout les plus jeunes qui repr\u00e9sentent son avenir, est appel\u00e9e \u00e0 s&#8217;effondrer \u00e0 courte \u00e9ch\u00e9ance.<\/em><\/p>\n<p style=\"text-align: justify;\"><em>Ceux qui font subir aux enfants de telles monstruosit\u00e9s, en pure perte, devront un jour rendre des comptes et \u00eatre mis hors d&#8217;\u00e9tat de nuire.<\/em><\/p>\n<p style=\"text-align: justify;\"><em>L&#8217;interview ci-dessous est un extrait de l&#8217;\u00e9mission <a href=\"https:\/\/video.lefigaro.fr\/figaro\/video\/macron-orban-covid-19-chateau-de-versailles-lactualite-decryptee-dans-points-de-vue\/\" target=\"_blank\" rel=\"noopener\">&#8220;Points de vue&#8221; du Figaro Live<\/a> du 14 d\u00e9cembre 2021.<\/em>]<\/p>\n<hr \/>\n<p style=\"text-align: center;\"><iframe loading=\"lazy\" width=\"640\" height=\"360\" id=\"lbry-iframe\" src=\"https:\/\/lbry.tv\/$\/embed\/Marie-Estelle-Dupont-Le-Figaro-2021-12-14\/9ace649a3e9bd5f1f3910ca405d9a901e564c324?r=4m9sZm2TXA5bfq5hEzVEya8DJUHLFtZE\" allowfullscreen=\"allowfullscreen\"><\/iframe><\/p>\n","protected":false},"excerpt":{"rendered":"<p>[Note de l&#8217;administrateur de ce blog : une soci\u00e9t\u00e9 qui ne prot\u00e8ge pas les faibles, que ce soient les plus \u00e2g\u00e9s \u2013 euthanasi\u00e9s au Rivotril d\u00e8s la &#8220;premi\u00e8re vague&#8221; \u2013 mais aussi et surtout les plus jeunes qui repr\u00e9sentent son avenir, est appel\u00e9e \u00e0 s&#8217;effondrer \u00e0 courte \u00e9ch\u00e9ance. Ceux qui font subir aux enfants de [&hellip;]<\/p>\n","protected":false},"author":1,"featured_media":0,"comment_status":"open","ping_status":"open","sticky":false,"template":"","format":"video","meta":[],"categories":[134,133,29,6],"tags":[2514,2512,1542,2511,1687,1207,648,2276,2513,1633,2417],"_links":{"self":[{"href":"https:\/\/aitia.fr\/erd\/wp-json\/wp\/v2\/posts\/20397"}],"collection":[{"href":"https:\/\/aitia.fr\/erd\/wp-json\/wp\/v2\/posts"}],"about":[{"href":"https:\/\/aitia.fr\/erd\/wp-json\/wp\/v2\/types\/post"}],"author":[{"embeddable":true,"href":"https:\/\/aitia.fr\/erd\/wp-json\/wp\/v2\/users\/1"}],"replies":[{"embeddable":true,"href":"https:\/\/aitia.fr\/erd\/wp-json\/wp\/v2\/comments?post=20397"}],"version-history":[{"count":4,"href":"https:\/\/aitia.fr\/erd\/wp-json\/wp\/v2\/posts\/20397\/revisions"}],"predecessor-version":[{"id":20401,"href":"https:\/\/aitia.fr\/erd\/wp-json\/wp\/v2\/posts\/20397\/revisions\/20401"}],"wp:attachment":[{"href":"https:\/\/aitia.fr\/erd\/wp-json\/wp\/v2\/media?parent=20397"}],"wp:term":[{"taxonomy":"category","embeddable":true,"href":"https:\/\/aitia.fr\/erd\/wp-json\/wp\/v2\/categories?post=20397"},{"taxonomy":"post_tag","embeddable":true,"href":"https:\/\/aitia.fr\/erd\/wp-json\/wp\/v2\/tags?post=20397"}],"curies":[{"name":"wp","href":"https:\/\/api.w.org\/{rel}","templated":true}]}}