{"id":20329,"date":"2021-11-30T13:42:15","date_gmt":"2021-11-30T12:42:15","guid":{"rendered":"https:\/\/aitia.fr\/erd\/?p=20329"},"modified":"2021-11-30T13:48:00","modified_gmt":"2021-11-30T12:48:00","slug":"lactivite-hospitaliere-en-2020-la-vraie-version-decoder-leco","status":"publish","type":"post","link":"https:\/\/aitia.fr\/erd\/lactivite-hospitaliere-en-2020-la-vraie-version-decoder-leco\/","title":{"rendered":"L&#8217;activit\u00e9 hospitali\u00e8re en 2020 : la vraie version <br>(D\u00e9coder l&#8217;\u00e9co)"},"content":{"rendered":"<p style=\"text-align: justify;\">[<em>Note de l&#8217;administrateur de ce blog : seule critique minime de ma part, la confusion dans le commentaire entre &#8220;activit\u00e9 hospitali\u00e8re&#8221; et &#8220;nombre d&#8217;entr\u00e9es \u00e0 l&#8217;h\u00f4pital&#8221;. <\/em><\/p>\n<p style=\"text-align: justify;\"><em>Pour le reste, remarquable de pr\u00e9cision comme d&#8217;habitude, et on apprend que m\u00eame au plus fort de la &#8220;premi\u00e8re vague&#8221;, les h\u00f4pitaux fran\u00e7ais \u00e9taient tous en <strong>sous<\/strong>-activit\u00e9, et que ceux qui comptaient la plus forte proportion de &#8220;patients Covid&#8221; \u00e9taient logiquement ceux dont la sous-activit\u00e9 \u00e9tait la plus forte (quand on r\u00e9duit le d\u00e9nominateur, la valeur de la fraction augmente). Lesquels auraient donc \u00e9t\u00e9 d\u00e9bord\u00e9s de &#8220;patients Covid&#8221; repr\u00e9sentant&#8230; moins de 4% de leurs entr\u00e9es habituelles.<\/em><\/p>\n<p style=\"text-align: justify;\"><em>Remarque : ceux qui pr\u00e9f\u00e8rent lire que regarder une vid\u00e9o pourront se r\u00e9f\u00e9rer \u00e0 <a href=\"https:\/\/www.francesoir.fr\/opinions-tribunes\/lactivite-hospitaliere-en-2020-la-vraie-version\" target=\"_blank\" rel=\"noopener\">cette analyse de la vid\u00e9o<\/a> dans France Soir.<\/em>]<\/p>\n<hr \/>\n<p style=\"text-align: center;\"><iframe loading=\"lazy\" width=\"640\" height=\"360\" id=\"lbry-iframe\" src=\"https:\/\/odysee.com\/$\/embed\/l%27activit%C3%A9-hospitali%C3%A8re-en-2020-la\/232045930ee7f8b7782a2aaa4d20f730f5c8ebd8?r=4m9sZm2TXA5bfq5hEzVEya8DJUHLFtZE\" allowfullscreen=\"allowfullscreen\"><\/iframe><\/p>\n","protected":false},"excerpt":{"rendered":"<p>[Note de l&#8217;administrateur de ce blog : seule critique minime de ma part, la confusion dans le commentaire entre &#8220;activit\u00e9 hospitali\u00e8re&#8221; et &#8220;nombre d&#8217;entr\u00e9es \u00e0 l&#8217;h\u00f4pital&#8221;. Pour le reste, remarquable de pr\u00e9cision comme d&#8217;habitude, et on apprend que m\u00eame au plus fort de la &#8220;premi\u00e8re vague&#8221;, les h\u00f4pitaux fran\u00e7ais \u00e9taient tous en sous-activit\u00e9, et que [&hellip;]<\/p>\n","protected":false},"author":1,"featured_media":0,"comment_status":"open","ping_status":"open","sticky":false,"template":"","format":"video","meta":[],"categories":[134,133,29,1,6],"tags":[2507,2508,1542,1687,1874,2141,2509],"_links":{"self":[{"href":"https:\/\/aitia.fr\/erd\/wp-json\/wp\/v2\/posts\/20329"}],"collection":[{"href":"https:\/\/aitia.fr\/erd\/wp-json\/wp\/v2\/posts"}],"about":[{"href":"https:\/\/aitia.fr\/erd\/wp-json\/wp\/v2\/types\/post"}],"author":[{"embeddable":true,"href":"https:\/\/aitia.fr\/erd\/wp-json\/wp\/v2\/users\/1"}],"replies":[{"embeddable":true,"href":"https:\/\/aitia.fr\/erd\/wp-json\/wp\/v2\/comments?post=20329"}],"version-history":[{"count":5,"href":"https:\/\/aitia.fr\/erd\/wp-json\/wp\/v2\/posts\/20329\/revisions"}],"predecessor-version":[{"id":20334,"href":"https:\/\/aitia.fr\/erd\/wp-json\/wp\/v2\/posts\/20329\/revisions\/20334"}],"wp:attachment":[{"href":"https:\/\/aitia.fr\/erd\/wp-json\/wp\/v2\/media?parent=20329"}],"wp:term":[{"taxonomy":"category","embeddable":true,"href":"https:\/\/aitia.fr\/erd\/wp-json\/wp\/v2\/categories?post=20329"},{"taxonomy":"post_tag","embeddable":true,"href":"https:\/\/aitia.fr\/erd\/wp-json\/wp\/v2\/tags?post=20329"}],"curies":[{"name":"wp","href":"https:\/\/api.w.org\/{rel}","templated":true}]}}