{"id":20294,"date":"2021-11-27T20:54:31","date_gmt":"2021-11-27T19:54:31","guid":{"rendered":"https:\/\/aitia.fr\/erd\/?p=20294"},"modified":"2021-11-28T10:18:12","modified_gmt":"2021-11-28T09:18:12","slug":"le-variant-sud-africain-fait-pschitt","status":"publish","type":"post","link":"https:\/\/aitia.fr\/erd\/le-variant-sud-africain-fait-pschitt\/","title":{"rendered":"Le variant sud-africain fait pschitt"},"content":{"rendered":"<p style=\"text-align: justify;\"><img decoding=\"async\" loading=\"lazy\" class=\"alignleft wp-image-20304\" src=\"https:\/\/aitia.fr\/erd\/wp-content\/uploads\/2021\/11\/coronavirus-hinchable-para-adulto.jpg\" alt=\"\" width=\"360\" height=\"470\" srcset=\"https:\/\/aitia.fr\/erd\/wp-content\/uploads\/2021\/11\/coronavirus-hinchable-para-adulto.jpg 420w, https:\/\/aitia.fr\/erd\/wp-content\/uploads\/2021\/11\/coronavirus-hinchable-para-adulto-230x300.jpg 230w\" sizes=\"(max-width: 360px) 100vw, 360px\" \/>\u00c0 peine la Grosse Bertha m\u00e9diatico-m\u00e9dicale a-t-elle <a href=\"https:\/\/fr.sputniknews.com\/20211127\/le-president-de-lassociation-medicale-mondiale-compare-le-variant-omicron-a-ebola-1053694848.html\" target=\"_blank\" rel=\"noopener\">tir\u00e9 ses premi\u00e8res salves<\/a> pour justifier \u00e0 terme l&#8217;inoculation <em>ad vitam \u00e6ternam<\/em> de la n<sup>i\u00e8me<\/sup> dose en commen\u00e7ant d\u00e8s la naissance, via ce terrible mutant sud-africain qui tombe \u00e0 pic, <a href=\"https:\/\/www.risingbd.com\/english\/international\/news\/83805\" target=\"_blank\" rel=\"noopener\">qu&#8217;on apprend aujourd&#8217;hui<\/a> des principaux int\u00e9ress\u00e9s que ce redoutable Omicron n&#8217;est en fait qu&#8217;une vulgaire grippette, voire un rhume en petite forme.<\/p>\n<p style=\"text-align: justify;\">Que vont-ils inventer d&#8217;autre ? Terroriser les futurs malades potentiels avec des &#8220;variants asymptomatiques&#8221; plus terribles encore que les autres en ce qu&#8217;ils laissent l&#8217;imagination divaguer vers des souffrances imaginaires pire encore que les vraies, comme dans les films d&#8217;\u00e9pouvante r\u00e9ussis o\u00f9 c&#8217;est toujours ce qu&#8217;on ne peut pas voir qui fait le plus peur ?<\/p>\n<p style=\"text-align: justify;\">Certains avaient d\u00e9j\u00e0 <a href=\"https:\/\/e.vnexpress.net\/news\/news\/from-asymptomatic-to-severe-delta-variant-wreaks-havoc-in-mere-hours-4331255.html\" target=\"_blank\" rel=\"noopener\">tent\u00e9 le coup avec le Delta<\/a> en juillet, qui pouvait carr\u00e9ment vous emmener aux soins intensifs en quelques heures directement apr\u00e8s une phase asymptomatique, disaient-ils.<\/p>\n<p style=\"text-align: justify;\">Pour l&#8217;imm\u00e9diat, vous trouverez ci-dessous la traduction rapide de ce <a href=\"https:\/\/www.risingbd.com\/english\/international\/news\/83805\" target=\"_blank\" rel=\"noopener\">communiqu\u00e9 de presse anglophone<\/a>.<\/p>\n<p style=\"text-align: center;\">\u2014\u2014\u2014 D\u00e9but de la traduction \u2014\u2014\u2014<\/p>\n<p><strong>L&#8217;Association M\u00e9dicale Sud-Africaine d\u00e9clare qu&#8217;Omicron provoque des &#8220;sympt\u00f4mes l\u00e9gers&#8221;<\/strong><\/p>\n<p style=\"text-align: justify;\">Dans un d\u00e9veloppement int\u00e9ressant, Angelique Coetzee, la pr\u00e9sidente de l&#8217;Association m\u00e9dicale sud-africaine, a d\u00e9clar\u00e9 que le nouveau variant B.1.1.529, \u00e9galement connu sous le nom de &#8220;variant Omicron&#8221;, entra\u00eene une &#8220;maladie l\u00e9g\u00e8re sans sympt\u00f4mes importants&#8221;, selon Sputnik.<\/p>\n<p><!--more--><\/p>\n<p style=\"text-align: justify;\">&#8220;Il provoque une maladie l\u00e9g\u00e8re dont les sympt\u00f4mes sont des muscles endoloris et une fatigue pendant un jour ou deux o\u00f9 on ne se sent pas bien. Jusqu&#8217;\u00e0 pr\u00e9sent, nous avons constat\u00e9 que les personnes infect\u00e9es ne souffrent pas de la perte du go\u00fbt ou de l&#8217;odorat. Elles peuvent avoir une l\u00e9g\u00e8re toux. Il n&#8217;y a pas de sympt\u00f4mes remarquables. Parmi les personnes infect\u00e9es, certaines sont actuellement trait\u00e9es \u00e0 domicile&#8221;, a d\u00e9clar\u00e9 Mme Coetzee \u00e0 l&#8217;agence de presse.<\/p>\n<p style=\"text-align: justify;\">La pr\u00e9sidente a \u00e9galement ajout\u00e9 que les h\u00f4pitaux ne sont pas encore surcharg\u00e9s par les patients porteurs de cette variante. Mme Coetzee a d\u00e9clar\u00e9 que la variante n&#8217;affecterait pas les personnes enti\u00e8rement vaccin\u00e9es, mais que la situation &#8220;pourrait \u00eatre diff\u00e9rente&#8221; pour les personnes non vaccin\u00e9es.<\/p>\n<p style=\"text-align: justify;\">La pr\u00e9sidente a \u00e9galement critiqu\u00e9 les pays qui ont impos\u00e9 une interdiction de voyager apr\u00e8s avoir appris l&#8217;existence du nouveau variant. Plus t\u00f4t dans la journ\u00e9e de samedi, le pr\u00e9sident sud-africain Cyril Ramaphosa a eu une discussion formelle avec le Premier ministre britannique Boris Johnson pour demander le retrait de l&#8217;Afrique du Sud de la liste des interdictions de voyage. &#8220;J&#8217;ai expos\u00e9 le cas de l&#8217;Afrique du Sud \u00e0 Johnson, ce qu&#8217;il a tr\u00e8s bien compris&#8221;, a-t-il d\u00e9clar\u00e9 lors d&#8217;une conf\u00e9rence de presse.<\/p>\n<p style=\"text-align: center;\">\u2014\u2014\u2013\u2014 Fin de la traduction \u2014\u2013\u2014\u2014<\/p>\n<p style=\"text-align: justify;\">\u00c0 force de s&#8217;\u00e9terniser, les films d&#8217;horreur risquent de d\u00e9river involontairement vers la mauvaise com\u00e9die. Il semble qu&#8217;on y soit d\u00e9j\u00e0 ; seuls <a href=\"https:\/\/association-victimes-coronavirus-france.org\/\" target=\"_blank\" rel=\"noopener\">les d\u00e9g\u00e2ts collat\u00e9raux<\/a> ont encore du mal \u00e0 faire rire.<\/p>\n<p><strong>Mise \u00e0 jour du 28 novembre :<\/strong> m\u00eame l&#8217;OMS, qui tente peut-\u00eatre de sauver le peu de cr\u00e9dibilit\u00e9 qui lui reste, <a href=\"https:\/\/sputniknews.com\/20211127\/who-says-no-need-for-panic-over-omicron-coronavirus-strain-1091075487.html\" target=\"_blank\" rel=\"noopener\">veut maintenant de calmer le jeu<\/a>.<\/p>\n","protected":false},"excerpt":{"rendered":"<p>\u00c0 peine la Grosse Bertha m\u00e9diatico-m\u00e9dicale a-t-elle tir\u00e9 ses premi\u00e8res salves pour justifier \u00e0 terme l&#8217;inoculation ad vitam \u00e6ternam de la ni\u00e8me dose en commen\u00e7ant d\u00e8s la naissance, via ce terrible mutant sud-africain qui tombe \u00e0 pic, qu&#8217;on apprend aujourd&#8217;hui des principaux int\u00e9ress\u00e9s que ce redoutable Omicron n&#8217;est en fait qu&#8217;une vulgaire grippette, voire un [&hellip;]<\/p>\n","protected":false},"author":1,"featured_media":0,"comment_status":"open","ping_status":"open","sticky":false,"template":"","format":"standard","meta":[],"categories":[4,29],"tags":[2505,2506,1542,2167,2503,12,2502,2504],"_links":{"self":[{"href":"https:\/\/aitia.fr\/erd\/wp-json\/wp\/v2\/posts\/20294"}],"collection":[{"href":"https:\/\/aitia.fr\/erd\/wp-json\/wp\/v2\/posts"}],"about":[{"href":"https:\/\/aitia.fr\/erd\/wp-json\/wp\/v2\/types\/post"}],"author":[{"embeddable":true,"href":"https:\/\/aitia.fr\/erd\/wp-json\/wp\/v2\/users\/1"}],"replies":[{"embeddable":true,"href":"https:\/\/aitia.fr\/erd\/wp-json\/wp\/v2\/comments?post=20294"}],"version-history":[{"count":25,"href":"https:\/\/aitia.fr\/erd\/wp-json\/wp\/v2\/posts\/20294\/revisions"}],"predecessor-version":[{"id":20324,"href":"https:\/\/aitia.fr\/erd\/wp-json\/wp\/v2\/posts\/20294\/revisions\/20324"}],"wp:attachment":[{"href":"https:\/\/aitia.fr\/erd\/wp-json\/wp\/v2\/media?parent=20294"}],"wp:term":[{"taxonomy":"category","embeddable":true,"href":"https:\/\/aitia.fr\/erd\/wp-json\/wp\/v2\/categories?post=20294"},{"taxonomy":"post_tag","embeddable":true,"href":"https:\/\/aitia.fr\/erd\/wp-json\/wp\/v2\/tags?post=20294"}],"curies":[{"name":"wp","href":"https:\/\/api.w.org\/{rel}","templated":true}]}}