{"id":20207,"date":"2021-11-16T10:11:59","date_gmt":"2021-11-16T09:11:59","guid":{"rendered":"https:\/\/aitia.fr\/erd\/?p=20207"},"modified":"2021-11-16T10:12:34","modified_gmt":"2021-11-16T09:12:34","slug":"quand-le-figaro-vous-prend-pour-des-quiches-mais-pas-que-lui","status":"publish","type":"post","link":"https:\/\/aitia.fr\/erd\/quand-le-figaro-vous-prend-pour-des-quiches-mais-pas-que-lui\/","title":{"rendered":"Quand Le Figaro vous prend pour des quiches <br>(mais pas que lui)"},"content":{"rendered":"<p style=\"text-align: justify;\"><img decoding=\"async\" loading=\"lazy\" class=\"alignleft wp-image-20208\" src=\"https:\/\/aitia.fr\/erd\/wp-content\/uploads\/2021\/11\/Figaro-sondage-confinement-non-vax-copie.png\" alt=\"\" width=\"400\" height=\"298\" srcset=\"https:\/\/aitia.fr\/erd\/wp-content\/uploads\/2021\/11\/Figaro-sondage-confinement-non-vax-copie.png 601w, https:\/\/aitia.fr\/erd\/wp-content\/uploads\/2021\/11\/Figaro-sondage-confinement-non-vax-copie-300x224.png 300w, https:\/\/aitia.fr\/erd\/wp-content\/uploads\/2021\/11\/Figaro-sondage-confinement-non-vax-copie-80x60.png 80w\" sizes=\"(max-width: 400px) 100vw, 400px\" \/>Hier 15 novembre, jour officiel de l&#8217;entr\u00e9e en vigueur de l&#8217;apartheid anti-non-vaccin\u00e9s en Autriche, <em>Le Figaro<\/em> a lanc\u00e9 sur son site un &#8220;sondage&#8221; pour savoir, comme l&#8217;a plaisamment formul\u00e9 <a href=\"https:\/\/twitter.com\/AlainLegaret\/status\/1460262088815923209\" target=\"_blank\" rel=\"noopener\">Alain Legaret dans un tweet<\/a>, s&#8217;il y avait autant de nazis en 2021 qu&#8217;en 1939.<\/p>\n<p style=\"text-align: justify;\">Il s&#8217;agissait de r\u00e9pondre \u00e0 la question : &#8220;<em>L\u2019Autriche a-t-elle raison de confiner les non-vaccin\u00e9s ?<\/em>&#8220;<\/p>\n<p style=\"text-align: justify;\">J&#8217;ai bien s\u00fbr re\u00e7u plusieurs messages de mes correspondants me demandant d&#8217;aller apporter mon vote pour faire barrage \u00e0 l&#8217;hyst\u00e9rie covidiste ambiante. Et j&#8217;ai vot\u00e9. Trois fois de suite. Plus une ce matin pour v\u00e9rifier que \u00e7a marchait encore. En effa\u00e7ant simplement les cookies du navigateur en provenance du site du <em>Figaro<\/em>, entre chaque vote.<\/p>\n<p><!--more--><\/p>\n<p style=\"text-align: justify;\">Bien s\u00fbr, automatiser la proc\u00e9dure est un jeu d&#8217;enfant pour un informaticien, vu qu&#8217;il n&#8217;y a m\u00eame pas de test pour v\u00e9rifier que je suis bien un \u00eatre humain, comme on en trouve partout maintenant (m\u00eame sur ce blog, dans le formulaire de contact, justement pour \u00e9viter les spams de robots).<\/p>\n<p style=\"text-align: justify;\">C&#8217;est dire si la fiabilit\u00e9 de ce genre de &#8220;sondage&#8221; est grande et si la na\u00efvet\u00e9 des citoyens laisse encore une grande latitude d&#8217;action \u00e0 ceux qui les consid\u00e8rent comme du simple b\u00e9tail \u00e0 conditionner.<\/p>\n<p style=\"text-align: justify;\">Bien entendu, penser que seul <em>Le Figaro<\/em> utilise des stratag\u00e8mes aussi grossiers pour fabriquer de toutes pi\u00e8ces une opinion inexistante serait d&#8217;une na\u00efvet\u00e9 dont on h\u00e9site \u00e0 dire si elle est confondante, ou carr\u00e9ment coupable \u00e0 l&#8217;heure qu&#8217;il est.<\/p>\n","protected":false},"excerpt":{"rendered":"<p>Hier 15 novembre, jour officiel de l&#8217;entr\u00e9e en vigueur de l&#8217;apartheid anti-non-vaccin\u00e9s en Autriche, Le Figaro a lanc\u00e9 sur son site un &#8220;sondage&#8221; pour savoir, comme l&#8217;a plaisamment formul\u00e9 Alain Legaret dans un tweet, s&#8217;il y avait autant de nazis en 2021 qu&#8217;en 1939. Il s&#8217;agissait de r\u00e9pondre \u00e0 la question : &#8220;L\u2019Autriche a-t-elle raison [&hellip;]<\/p>\n","protected":false},"author":1,"featured_media":0,"comment_status":"open","ping_status":"open","sticky":false,"template":"","format":"standard","meta":[],"categories":[4,29,6],"tags":[2494,1561,1542,1687,2492,2493,20,48,2419,2491,1730],"_links":{"self":[{"href":"https:\/\/aitia.fr\/erd\/wp-json\/wp\/v2\/posts\/20207"}],"collection":[{"href":"https:\/\/aitia.fr\/erd\/wp-json\/wp\/v2\/posts"}],"about":[{"href":"https:\/\/aitia.fr\/erd\/wp-json\/wp\/v2\/types\/post"}],"author":[{"embeddable":true,"href":"https:\/\/aitia.fr\/erd\/wp-json\/wp\/v2\/users\/1"}],"replies":[{"embeddable":true,"href":"https:\/\/aitia.fr\/erd\/wp-json\/wp\/v2\/comments?post=20207"}],"version-history":[{"count":6,"href":"https:\/\/aitia.fr\/erd\/wp-json\/wp\/v2\/posts\/20207\/revisions"}],"predecessor-version":[{"id":20214,"href":"https:\/\/aitia.fr\/erd\/wp-json\/wp\/v2\/posts\/20207\/revisions\/20214"}],"wp:attachment":[{"href":"https:\/\/aitia.fr\/erd\/wp-json\/wp\/v2\/media?parent=20207"}],"wp:term":[{"taxonomy":"category","embeddable":true,"href":"https:\/\/aitia.fr\/erd\/wp-json\/wp\/v2\/categories?post=20207"},{"taxonomy":"post_tag","embeddable":true,"href":"https:\/\/aitia.fr\/erd\/wp-json\/wp\/v2\/tags?post=20207"}],"curies":[{"name":"wp","href":"https:\/\/api.w.org\/{rel}","templated":true}]}}