{"id":20055,"date":"2021-11-05T14:38:30","date_gmt":"2021-11-05T13:38:30","guid":{"rendered":"https:\/\/aitia.fr\/erd\/?p=20055"},"modified":"2021-11-05T14:38:30","modified_gmt":"2021-11-05T13:38:30","slug":"autotests-covid-quand-lassurance-maladie-refuse-lautorite-du-conseil-detat-le-courrier-des-strateges","status":"publish","type":"post","link":"https:\/\/aitia.fr\/erd\/autotests-covid-quand-lassurance-maladie-refuse-lautorite-du-conseil-detat-le-courrier-des-strateges\/","title":{"rendered":"Autotests COVID : quand l\u2019Assurance Maladie refuse <br>l\u2019autorit\u00e9 du Conseil d\u2019\u00c9tat (Le Courrier des Strat\u00e8ges)"},"content":{"rendered":"<p style=\"text-align: justify;\" data-wp-editing=\"1\"><img decoding=\"async\" loading=\"lazy\" class=\"alignleft wp-image-20061\" src=\"https:\/\/aitia.fr\/erd\/wp-content\/uploads\/2021\/11\/BOJ_Cnam_TFatome.jpg\" alt=\"\" width=\"355\" height=\"396\" srcset=\"https:\/\/aitia.fr\/erd\/wp-content\/uploads\/2021\/11\/BOJ_Cnam_TFatome.jpg 450w, https:\/\/aitia.fr\/erd\/wp-content\/uploads\/2021\/11\/BOJ_Cnam_TFatome-269x300.jpg 269w\" sizes=\"(max-width: 355px) 100vw, 355px\" \/>[<em>Note de l&#8217;administrateur de ce blog : pour ceux qui n&#8217;auraient pas encore compris par quel genre de caste les Fran\u00e7ais sont dirig\u00e9s.<\/em>]<\/p>\n<hr \/>\n<p id=\"lassurance-maladie-dirigee-par-thomas-fatome-grand-pourfendeur-des-libertes-en-tous-genres-et-taliban-de-la-domination-etatique-napprecie-visiblement-la-decision-du-conseil-detat-de-reconnaitre-l\" class=\"elementor-heading-title elementor-size-default\" style=\"text-align: justify;\"><strong>L&#8217;Assurance Maladie dirig\u00e9e par Thomas Fat\u00f4me, grand pourfendeur des libert\u00e9s en tous genres et taliban de la domination \u00e9tatique, n&#8217;appr\u00e9cie visiblement pas la d\u00e9cision du Conseil d&#8217;\u00c9tat de reconna\u00eetre la validit\u00e9 des autotests pour obtenir le passe sanitaire. Huit jours apr\u00e8s cette d\u00e9cision contentieuse du Conseil, le site de l&#8217;Assurance Maladie continue \u00e0 pr\u00e9tendre que les auto-tests ne permettent pas d&#8217;obtenir le passe sanitaire. Voil\u00e0 une belle fa\u00e7on de fouler aux pieds l&#8217;autorit\u00e9 de la chose jug\u00e9e.<\/strong><\/p>\n<p><img decoding=\"async\" loading=\"lazy\" class=\"aligncenter size-full wp-image-20062\" src=\"https:\/\/aitia.fr\/erd\/wp-content\/uploads\/2021\/11\/image_2021-11-05_110856.png\" alt=\"\" width=\"763\" height=\"471\" srcset=\"https:\/\/aitia.fr\/erd\/wp-content\/uploads\/2021\/11\/image_2021-11-05_110856.png 763w, https:\/\/aitia.fr\/erd\/wp-content\/uploads\/2021\/11\/image_2021-11-05_110856-300x185.png 300w, https:\/\/aitia.fr\/erd\/wp-content\/uploads\/2021\/11\/image_2021-11-05_110856-600x370.png 600w\" sizes=\"(max-width: 763px) 100vw, 763px\" \/><\/p>\n<p style=\"text-align: justify;\">L\u2019Assurance-Maladie n\u2019aime pas la libert\u00e9 de ne pas \u00eatre vaccin\u00e9 <a href=\"https:\/\/www.ameli.fr\/assure\/covid-19\/tester-alerter-proteger-comprendre-la-strategie-pour-stopper-lepidemie\/les-tests-de-depistage-de-la-covid-19\/les-autotests-sur-prelevement-nasal\" target=\"_blank\" rel=\"noopener\">et le fait savoir<\/a>. Dans la capture d\u2019\u00e9cran r\u00e9alis\u00e9e de 5 novembre, c\u2019est-\u00e0-dire une semaine apr\u00e8s le rendu de l\u2019ordonnance du Conseil d\u2019Etat r\u00e9int\u00e9grant les autotests dans les conditions de d\u00e9livrance d\u2019un passe sanitaire, le site de l\u2019Assurance Maladie continue d\u2019indiquer que les \u201cautotests n\u00e9gatifs, m\u00eame r\u00e9alis\u00e9s sous la supervision d\u2019un professionnel, ne seront plus \u00eatre int\u00e9gr\u00e9s (sic) au passe sanitaire \u00e0 partir du 15 octobre\u201d. Voil\u00e0 une belle fa\u00e7on de ne pas tenir compte de <a href=\"https:\/\/lecourrierdesstrateges.fr\/2021\/11\/02\/payant-comment-le-conseil-detat-vient-de-miner-le-monopole-de-lassurance-maladie\/\" target=\"_blank\" rel=\"noopener\">la d\u00e9cision du Conseil d\u2019Etat que nous avons publi\u00e9e<\/a>.<\/p>\n<p><a href=\"https:\/\/lecourrierdesstrateges.fr\/2021\/11\/05\/autotests-covid-quand-lassurance-maladie-refuse-lautorite-du-conseil-detat\/?utm_source=rss&amp;utm_medium=rss&amp;utm_campaign=autotests-covid-quand-lassurance-maladie-refuse-lautorite-du-conseil-detat\" target=\"_blank\" rel=\"noopener\">Continuer la lecture sur Le Courrier des Strat\u00e8ges (jusqu&#8217;\u00e0 la fin) \u2192<\/a><\/p>\n","protected":false},"excerpt":{"rendered":"<p>[Note de l&#8217;administrateur de ce blog : pour ceux qui n&#8217;auraient pas encore compris par quel genre de caste les Fran\u00e7ais sont dirig\u00e9s.] L&#8217;Assurance Maladie dirig\u00e9e par Thomas Fat\u00f4me, grand pourfendeur des libert\u00e9s en tous genres et taliban de la domination \u00e9tatique, n&#8217;appr\u00e9cie visiblement pas la d\u00e9cision du Conseil d&#8217;\u00c9tat de reconna\u00eetre la validit\u00e9 des [&hellip;]<\/p>\n","protected":false},"author":1,"featured_media":0,"comment_status":"open","ping_status":"open","sticky":false,"template":"","format":"standard","meta":[],"categories":[4,134],"tags":[2468,2466,1484,114,1687,2467],"_links":{"self":[{"href":"https:\/\/aitia.fr\/erd\/wp-json\/wp\/v2\/posts\/20055"}],"collection":[{"href":"https:\/\/aitia.fr\/erd\/wp-json\/wp\/v2\/posts"}],"about":[{"href":"https:\/\/aitia.fr\/erd\/wp-json\/wp\/v2\/types\/post"}],"author":[{"embeddable":true,"href":"https:\/\/aitia.fr\/erd\/wp-json\/wp\/v2\/users\/1"}],"replies":[{"embeddable":true,"href":"https:\/\/aitia.fr\/erd\/wp-json\/wp\/v2\/comments?post=20055"}],"version-history":[{"count":16,"href":"https:\/\/aitia.fr\/erd\/wp-json\/wp\/v2\/posts\/20055\/revisions"}],"predecessor-version":[{"id":20075,"href":"https:\/\/aitia.fr\/erd\/wp-json\/wp\/v2\/posts\/20055\/revisions\/20075"}],"wp:attachment":[{"href":"https:\/\/aitia.fr\/erd\/wp-json\/wp\/v2\/media?parent=20055"}],"wp:term":[{"taxonomy":"category","embeddable":true,"href":"https:\/\/aitia.fr\/erd\/wp-json\/wp\/v2\/categories?post=20055"},{"taxonomy":"post_tag","embeddable":true,"href":"https:\/\/aitia.fr\/erd\/wp-json\/wp\/v2\/tags?post=20055"}],"curies":[{"name":"wp","href":"https:\/\/api.w.org\/{rel}","templated":true}]}}