{"id":20032,"date":"2021-10-26T15:36:23","date_gmt":"2021-10-26T13:36:23","guid":{"rendered":"https:\/\/aitia.fr\/erd\/?p=20032"},"modified":"2021-10-26T15:36:23","modified_gmt":"2021-10-26T13:36:23","slug":"la-star-equestre-australienne-cienna-knowles-hospitalisee-avec-des-caillots-sanguins-apres-le-vaccin-pfizer-marcel-d","status":"publish","type":"post","link":"https:\/\/aitia.fr\/erd\/la-star-equestre-australienne-cienna-knowles-hospitalisee-avec-des-caillots-sanguins-apres-le-vaccin-pfizer-marcel-d\/","title":{"rendered":"La star \u00e9questre australienne Cienna Knowles hospitalis\u00e9e avec des caillots sanguins apr\u00e8s le vaccin Pfizer (Marcel D.)"},"content":{"rendered":"<p style=\"text-align: justify;\" data-wp-editing=\"1\"><img decoding=\"async\" loading=\"lazy\" class=\"alignleft wp-image-20034 size-full\" src=\"https:\/\/aitia.fr\/erd\/wp-content\/uploads\/2021\/10\/Cienna-Knowles_edited-copie.jpg\" alt=\"\" width=\"440\" height=\"293\" srcset=\"https:\/\/aitia.fr\/erd\/wp-content\/uploads\/2021\/10\/Cienna-Knowles_edited-copie.jpg 440w, https:\/\/aitia.fr\/erd\/wp-content\/uploads\/2021\/10\/Cienna-Knowles_edited-copie-300x200.jpg 300w\" sizes=\"(max-width: 440px) 100vw, 440px\" \/>[<em>Note de l&#8217;administrateur de ce blog : la liste s&#8217;allonge, et s&#8217;allongera encore, jusqu&#8217;au point o\u00f9 les moutons retrouveront leurs esprits. <\/em><em>Ce sera alors un changement d&#8217;\u00e9poque, et certains devront se faire tout petits.<\/em>]<\/p>\n<hr \/>\n<p style=\"text-align: justify;\" data-wp-editing=\"1\">Apr\u00e8s s\u2019\u00eatre entendu dire : pas de vaccin, pas de travail, la star \u00e9questre Cienna Knowles, une jeune sportive Australienne de 19 ans, a fait sa deuxi\u00e8me dose de vaccin le jeudi 21 octobre \u00e0 10 heures et dans la nuit, l\u2019enfer a commenc\u00e9, comme elle en t\u00e9moigne sur <a href=\"https:\/\/www.instagram.com\/p\/CVZ5528FSD-\/\" target=\"_blank\" rel=\"noopener\"><em>Instagram<\/em><\/a> : \u00ab <em>Cette nuit-l\u00e0, je me suis r\u00e9veill\u00e9e tellement malade avec des vomissements, fi\u00e8vre, sueur, palpitations cardiaques, maux de t\u00eate, douleurs musculaires et articulaires, vision floue, c\u2019\u00e9tait l\u2019enfer. J\u2019avais tellement mal \u00e0 ce stade, je savais que quelque chose n\u2019allait vraiment pas.<\/em> \u00bb<\/p>\n<p style=\"text-align: justify;\">Le lendemain, son m\u00e9decin envoie Cienna Knowles d\u2019urgence \u00e0 l\u2019h\u00f4pital :\u00a0 <em>\u00ab J\u2019ai \u00e9t\u00e9 dans le service respiratoire avec des caillots dans mes jambes, mon estomac et mes deux poumons. La quantit\u00e9 de caillots sur mes poumons \u00e9quivaut \u00e0 avoir des c\u00f4tes cass\u00e9es, donc douloureuses et des difficult\u00e9s \u00e0 respirer.<\/em> \u00bb<\/p>\n<p><a href=\"https:\/\/lemediaen442.fr\/la-star-equestre-australienne-cienna-knowles-hospitalisee-avec-des-caillots-sanguins-apres-le-vaccin-pfizer\/\" target=\"_blank\" rel=\"noopener\">Continuer la lecture (et regarder le t\u00e9moignage vid\u00e9o) sur Le M\u00e9dia en 4-4-2 \u2192<\/a><\/p>\n","protected":false},"excerpt":{"rendered":"<p>[Note de l&#8217;administrateur de ce blog : la liste s&#8217;allonge, et s&#8217;allongera encore, jusqu&#8217;au point o\u00f9 les moutons retrouveront leurs esprits. Ce sera alors un changement d&#8217;\u00e9poque, et certains devront se faire tout petits.] Apr\u00e8s s\u2019\u00eatre entendu dire : pas de vaccin, pas de travail, la star \u00e9questre Cienna Knowles, une jeune sportive Australienne de [&hellip;]<\/p>\n","protected":false},"author":1,"featured_media":0,"comment_status":"open","ping_status":"open","sticky":false,"template":"","format":"standard","meta":[],"categories":[4,134,29],"tags":[2465,1542,1687,770,2016,477],"_links":{"self":[{"href":"https:\/\/aitia.fr\/erd\/wp-json\/wp\/v2\/posts\/20032"}],"collection":[{"href":"https:\/\/aitia.fr\/erd\/wp-json\/wp\/v2\/posts"}],"about":[{"href":"https:\/\/aitia.fr\/erd\/wp-json\/wp\/v2\/types\/post"}],"author":[{"embeddable":true,"href":"https:\/\/aitia.fr\/erd\/wp-json\/wp\/v2\/users\/1"}],"replies":[{"embeddable":true,"href":"https:\/\/aitia.fr\/erd\/wp-json\/wp\/v2\/comments?post=20032"}],"version-history":[{"count":8,"href":"https:\/\/aitia.fr\/erd\/wp-json\/wp\/v2\/posts\/20032\/revisions"}],"predecessor-version":[{"id":20041,"href":"https:\/\/aitia.fr\/erd\/wp-json\/wp\/v2\/posts\/20032\/revisions\/20041"}],"wp:attachment":[{"href":"https:\/\/aitia.fr\/erd\/wp-json\/wp\/v2\/media?parent=20032"}],"wp:term":[{"taxonomy":"category","embeddable":true,"href":"https:\/\/aitia.fr\/erd\/wp-json\/wp\/v2\/categories?post=20032"},{"taxonomy":"post_tag","embeddable":true,"href":"https:\/\/aitia.fr\/erd\/wp-json\/wp\/v2\/tags?post=20032"}],"curies":[{"name":"wp","href":"https:\/\/api.w.org\/{rel}","templated":true}]}}