{"id":20010,"date":"2021-10-24T12:38:01","date_gmt":"2021-10-24T10:38:01","guid":{"rendered":"https:\/\/aitia.fr\/erd\/?p=20010"},"modified":"2021-10-24T12:38:01","modified_gmt":"2021-10-24T10:38:01","slug":"le-totalitarisme-de-lunion-europeenne-et-du-covidisme-demonstration-par-labsurde","status":"publish","type":"post","link":"https:\/\/aitia.fr\/erd\/le-totalitarisme-de-lunion-europeenne-et-du-covidisme-demonstration-par-labsurde\/","title":{"rendered":"Le totalitarisme de l&#8217;Union Europ\u00e9enne (et du covidisme) : <br>d\u00e9monstration par l&#8217;absurde"},"content":{"rendered":"<p style=\"text-align: justify;\">[<em>Note de l&#8217;administrateur de ce blog : vous trouverez ci-dessous une conf\u00e9rence de presse de\u00a0 quatre parlementaires europ\u00e9ens, du 21 octobre 2021, expliquant qu&#8217;ils sont emp\u00each\u00e9s de travailler sous pr\u00e9texte de ne pas avoir de &#8220;passe sanitaire&#8221; (Green Certificate en globish), et m\u00eame s&#8217;ils ont d\u00e9velopp\u00e9 une immunit\u00e9 naturelle suite \u00e0 l&#8217;infection.<\/em><\/p>\n<p style=\"text-align: justify;\"><em>Ceux qui n&#8217;ont pas encore compris la v\u00e9ritable nature de l&#8217;Union Europ\u00e9enne, dirig\u00e9e par des lobbies et des personnes non-\u00e9lues, ne la comprendront sans doute jamais, ou alors peut-\u00eatre une fois qu&#8217;elle se sera d\u00e9finitivement \u00e9croul\u00e9e, et encore&#8230;<\/em>]<\/p>\n<hr \/>\n<p>Source : <a href=\"https:\/\/www.youtube.com\/watch?v=_walPWEACsc\" target=\"_blank\" rel=\"noopener\">cha\u00eene YouTube de Cristian Terhes<\/a>, d\u00e9put\u00e9 roumain au Parlement Europ\u00e9en, et orateur principal.<\/p>\n<p style=\"text-align: center;\"><iframe loading=\"lazy\" width=\"640\" height=\"360\" src=\"https:\/\/www.youtube.com\/embed\/_walPWEACsc\" title=\"YouTube video player\" frameborder=\"0\" allow=\"accelerometer; autoplay; clipboard-write; encrypted-media; gyroscope; picture-in-picture\" allowfullscreen=\"allowfullscreen\"><span style=\"display: inline-block; width: 0px; overflow: hidden; line-height: 0;\" data-mce-type=\"bookmark\" class=\"mce_SELRES_start\">\ufeff<\/span><\/iframe><\/p>\n<p>Comptes tweeter des parlementaires s&#8217;exprimant dans cette conf\u00e9rence de presse (de gauche \u00e0 droite sur l&#8217;image)<\/p>\n<p>\u2013 <span class=\"css-901oao css-16my406 r-poiln3 r-bcqeeo r-qvutc0\">Ivan Vilibor Sin\u010di\u0107<\/span> (Croatie) : <a href=\"https:\/\/twitter.com\/SincicMEP\" target=\"_blank\" rel=\"noopener\">https:\/\/twitter.com\/SincicMEP<\/a><\/p>\n<p>\u2013 <span class=\"css-901oao css-16my406 r-poiln3 r-bcqeeo r-qvutc0\">Cristian Terhes<\/span> (Roumanie) : <a href=\"https:\/\/twitter.com\/CristianTerhes\" target=\"_blank\" rel=\"noopener\">https:\/\/twitter.com\/CristianTerhes<\/a><\/p>\n<p>\u2013 <span class=\"css-901oao css-16my406 r-poiln3 r-bcqeeo r-qvutc0\">Christine Anderson<\/span> (Allemagne) : <a href=\"https:\/\/twitter.com\/AndersonAfDMdEP\" target=\"_blank\" rel=\"noopener\">https:\/\/twitter.com\/AndersonAfDMdEP<\/a><\/p>\n<p>\u2013 <span class=\"css-901oao css-16my406 r-poiln3 r-bcqeeo r-qvutc0\">Francesca Donato<\/span> (Italie) : <a href=\"https:\/\/twitter.com\/ladyonorato\" target=\"_blank\" rel=\"noopener\">https:\/\/twitter.com\/ladyonorato<\/a><\/p>\n<p>&nbsp;<\/p>\n<p>&nbsp;<\/p>\n","protected":false},"excerpt":{"rendered":"<p>[Note de l&#8217;administrateur de ce blog : vous trouverez ci-dessous une conf\u00e9rence de presse de\u00a0 quatre parlementaires europ\u00e9ens, du 21 octobre 2021, expliquant qu&#8217;ils sont emp\u00each\u00e9s de travailler sous pr\u00e9texte de ne pas avoir de &#8220;passe sanitaire&#8221; (Green Certificate en globish), et m\u00eame s&#8217;ils ont d\u00e9velopp\u00e9 une immunit\u00e9 naturelle suite \u00e0 l&#8217;infection. Ceux qui n&#8217;ont [&hellip;]<\/p>\n","protected":false},"author":1,"featured_media":0,"comment_status":"open","ping_status":"open","sticky":false,"template":"","format":"video","meta":[],"categories":[4,133,3],"tags":[2219,1919,1687,2463,2464,267,2339,554],"_links":{"self":[{"href":"https:\/\/aitia.fr\/erd\/wp-json\/wp\/v2\/posts\/20010"}],"collection":[{"href":"https:\/\/aitia.fr\/erd\/wp-json\/wp\/v2\/posts"}],"about":[{"href":"https:\/\/aitia.fr\/erd\/wp-json\/wp\/v2\/types\/post"}],"author":[{"embeddable":true,"href":"https:\/\/aitia.fr\/erd\/wp-json\/wp\/v2\/users\/1"}],"replies":[{"embeddable":true,"href":"https:\/\/aitia.fr\/erd\/wp-json\/wp\/v2\/comments?post=20010"}],"version-history":[{"count":11,"href":"https:\/\/aitia.fr\/erd\/wp-json\/wp\/v2\/posts\/20010\/revisions"}],"predecessor-version":[{"id":20021,"href":"https:\/\/aitia.fr\/erd\/wp-json\/wp\/v2\/posts\/20010\/revisions\/20021"}],"wp:attachment":[{"href":"https:\/\/aitia.fr\/erd\/wp-json\/wp\/v2\/media?parent=20010"}],"wp:term":[{"taxonomy":"category","embeddable":true,"href":"https:\/\/aitia.fr\/erd\/wp-json\/wp\/v2\/categories?post=20010"},{"taxonomy":"post_tag","embeddable":true,"href":"https:\/\/aitia.fr\/erd\/wp-json\/wp\/v2\/tags?post=20010"}],"curies":[{"name":"wp","href":"https:\/\/api.w.org\/{rel}","templated":true}]}}