{"id":19813,"date":"2021-09-16T12:31:13","date_gmt":"2021-09-16T10:31:13","guid":{"rendered":"https:\/\/aitia.fr\/erd\/?p=19813"},"modified":"2021-09-16T12:32:45","modified_gmt":"2021-09-16T10:32:45","slug":"pourquoi-macron-a-dores-et-deja-perdu-la-bataille-de-lobligation-vaccinale-pour-les-soignants-eric-verhaeghe","status":"publish","type":"post","link":"https:\/\/aitia.fr\/erd\/pourquoi-macron-a-dores-et-deja-perdu-la-bataille-de-lobligation-vaccinale-pour-les-soignants-eric-verhaeghe\/","title":{"rendered":"Pourquoi Macron a d\u2019ores et d\u00e9j\u00e0 perdu la bataille de <br>l\u2019obligation vaccinale pour les soignants (\u00c9ric Verhaeghe)"},"content":{"rendered":"<p style=\"text-align: justify;\" data-wp-editing=\"1\"><img decoding=\"async\" loading=\"lazy\" class=\"alignleft wp-image-19817\" src=\"https:\/\/aitia.fr\/erd\/wp-content\/uploads\/2021\/09\/emmanuel-macron-300x235.jpg\" alt=\"\" width=\"325\" height=\"254\" srcset=\"https:\/\/aitia.fr\/erd\/wp-content\/uploads\/2021\/09\/emmanuel-macron-300x235.jpg 300w, https:\/\/aitia.fr\/erd\/wp-content\/uploads\/2021\/09\/emmanuel-macron.jpg 446w\" sizes=\"(max-width: 325px) 100vw, 325px\" \/>[<em>Note de l&#8217;administrateur de ce blog : nous verrons prochainement que le philosophe belge Michel Weber est du m\u00eame avis qu&#8217;\u00c9ric Verhaeghe, non seulement sur ce &#8220;d\u00e9tail de l&#8217;Histoire&#8221; que constitue l&#8217;obligation vaccinale pour les soignants, mais plus g\u00e9n\u00e9ralement sur le plan global derri\u00e8re ce d\u00e9ferlement totalitaire. Et qu&#8217;il reprend la citation de Churchill \u00e0 propos de la <a href=\"https:\/\/fr.wikipedia.org\/wiki\/Bataille_de_Stalingrad\" target=\"_blank\" rel=\"noopener\">bataille de Stalingrad<\/a> : &#8220;Ce n&#8217;est pas la fin. Ce n&#8217;est m\u00eame pas le commencement de la fin. Mais, c&#8217;est peut-\u00eatre la fin du commencement.&#8221;<\/em>]<\/p>\n<hr \/>\n<p style=\"text-align: justify;\"><strong>Le 12 juillet, \u00e0 la faveur d&#8217;un improbable \u00e9t\u00e9 pluvieux, Emmanuel Macron d\u00e9clenchait la bataille de l&#8217;obligation vaccinale pour les soignants. L&#8217;histoire dira un jour quels ont \u00e9t\u00e9 les tenants et aboutissants exacts de ce fabuleux cadeau aux laboratoires pharmaceutiques, renforc\u00e9 par un passe sanitaire qui a tonn\u00e9 comme une mise sous contrainte de toute une population pour recevoir aveugl\u00e9ment l&#8217;injonction d&#8217;un produit sous autorisation conditionnelle. Mais enfin, c&#8217;est d\u00e9mangeant d&#8217;\u00e9tablir une corr\u00e9lation entre ce coup de pouce aux profits et les immenses besoins de financement de la campagne \u00e9lectorale qui s&#8217;ouvre, m\u00eame si aujourd&#8217;hui aucun \u00e9l\u00e9ment factuel s\u00e9rieux ne permet d&#8217;\u00e9tayer ce soup\u00e7on. Les communiqu\u00e9s officiels sur l&#8217;issue de cette bataille sont \u00e9videmment triomphalistes sous la plume du gouvernement. En r\u00e9alit\u00e9, Macron a perdu la premi\u00e8re manche, et il le sait.<\/strong><\/p>\n<p style=\"text-align: justify;\">Et voil\u00e0, nous sommes le 15 septembre, et le temps d\u2019un premier bilan pour la bataille de l\u2019obligation vaccinale lanc\u00e9e par Emmanuel Macron vient. Beaucoup de victimes de ce diktat sont encore dans un \u00e9tat de sid\u00e9ration et font r\u00e9guli\u00e8rement part de leur angoisse ou de leur conviction d\u2019une r\u00e9sistance sans espoir face \u00e0 l\u2019\u00e9vidente offensive internationale, commenc\u00e9e par la France, en faveur d\u2019une vaccination. Nous avons commenc\u00e9 \u00e0 expliquer (et c\u2019est \u00e0 suivre), les dessous de cette campagne, port\u00e9e par de tr\u00e8s puissants int\u00e9r\u00eats industriels qui trouvent dans la Commission Europ\u00e9enne une \u00e9coute tr\u00e8s poreuse. Ces int\u00e9r\u00eats sont \u00e0 la fois <a href=\"https:\/\/lecourrierdesstrateges.fr\/2021\/09\/13\/3-mois-avant-le-covid-lunion-mangeait-la-soupe-du-vaccin-servie-par-bill-gates-et-big-pharma\/\" target=\"_blank\" rel=\"noopener\">ceux des laboratoires pharmaceutiques<\/a>, mais aussi <a href=\"https:\/\/lecourrierdesstrateges.fr\/2021\/08\/20\/scoop-quest-ce-que-le-great-reset-recherche-vraiment-avec-le-passe-sanitaire\/\" target=\"_blank\" rel=\"noopener\">ceux de l\u2019industrie d\u00e9sormais sp\u00e9cialis\u00e9e dans l\u2019identit\u00e9 num\u00e9rique<\/a>.<\/p>\n<p style=\"text-align: justify;\">Deux mois apr\u00e8s le lancement de cette campagne \u00e9clair par la caste mondialis\u00e9e au pouvoir, quelle tendance globale pouvons-nous observer ? Je voudrais ici prendre le temps d\u2019expliquer pour quelle raison, de mon point de vue, l\u2019actualit\u00e9 doit nous rassurer sur l\u2019avenir.<\/p>\n<p style=\"text-align: justify;\"><a href=\"https:\/\/lecourrierdesstrateges.fr\/2021\/09\/15\/pourquoi-macron-a-dores-et-deja-perdu-la-bataille-de-lobligation-vaccinale-pour-les-soignants\/\" target=\"_blank\" rel=\"noopener\">Continuer la lecture sur <em>Le Courrier des Strat\u00e8ges<\/em> \u2192<\/a><\/p>\n","protected":false},"excerpt":{"rendered":"<p>[Note de l&#8217;administrateur de ce blog : nous verrons prochainement que le philosophe belge Michel Weber est du m\u00eame avis qu&#8217;\u00c9ric Verhaeghe, non seulement sur ce &#8220;d\u00e9tail de l&#8217;Histoire&#8221; que constitue l&#8217;obligation vaccinale pour les soignants, mais plus g\u00e9n\u00e9ralement sur le plan global derri\u00e8re ce d\u00e9ferlement totalitaire. Et qu&#8217;il reprend la citation de Churchill \u00e0 [&hellip;]<\/p>\n","protected":false},"author":1,"featured_media":0,"comment_status":"open","ping_status":"open","sticky":false,"template":"","format":"standard","meta":[],"categories":[4,134,3],"tags":[1484,566,952,2118,1219,899,436,2433,2432],"_links":{"self":[{"href":"https:\/\/aitia.fr\/erd\/wp-json\/wp\/v2\/posts\/19813"}],"collection":[{"href":"https:\/\/aitia.fr\/erd\/wp-json\/wp\/v2\/posts"}],"about":[{"href":"https:\/\/aitia.fr\/erd\/wp-json\/wp\/v2\/types\/post"}],"author":[{"embeddable":true,"href":"https:\/\/aitia.fr\/erd\/wp-json\/wp\/v2\/users\/1"}],"replies":[{"embeddable":true,"href":"https:\/\/aitia.fr\/erd\/wp-json\/wp\/v2\/comments?post=19813"}],"version-history":[{"count":12,"href":"https:\/\/aitia.fr\/erd\/wp-json\/wp\/v2\/posts\/19813\/revisions"}],"predecessor-version":[{"id":19826,"href":"https:\/\/aitia.fr\/erd\/wp-json\/wp\/v2\/posts\/19813\/revisions\/19826"}],"wp:attachment":[{"href":"https:\/\/aitia.fr\/erd\/wp-json\/wp\/v2\/media?parent=19813"}],"wp:term":[{"taxonomy":"category","embeddable":true,"href":"https:\/\/aitia.fr\/erd\/wp-json\/wp\/v2\/categories?post=19813"},{"taxonomy":"post_tag","embeddable":true,"href":"https:\/\/aitia.fr\/erd\/wp-json\/wp\/v2\/tags?post=19813"}],"curies":[{"name":"wp","href":"https:\/\/api.w.org\/{rel}","templated":true}]}}