{"id":19718,"date":"2021-09-06T10:52:54","date_gmt":"2021-09-06T08:52:54","guid":{"rendered":"https:\/\/aitia.fr\/erd\/?p=19718"},"modified":"2021-09-06T10:54:08","modified_gmt":"2021-09-06T08:54:08","slug":"jacques-attali-prophete-initie-ou-dictateur","status":"publish","type":"post","link":"https:\/\/aitia.fr\/erd\/jacques-attali-prophete-initie-ou-dictateur\/","title":{"rendered":"Jacques Attali : proph\u00e8te, initi\u00e9 ou dictateur ?"},"content":{"rendered":"<p style=\"text-align: justify;\">[<em>Note de l&#8217;administrateur de ce blog : chacun pensera ce qu&#8217;il voudra des analyses pr\u00e9sent\u00e9es par <a href=\"https:\/\/lesdeqodeurs.fr\/\" target=\"_blank\" rel=\"noopener\">&#8220;Les d\u00e9Qodeurs&#8221;<\/a> (j&#8217;encourage chacun \u00e0 faire preuve de <a href=\"https:\/\/aitia.fr\/erd\/esprit-critique-es-tu-la\/\" target=\"_blank\" rel=\"noopener\">sens critique<\/a>) mais personne ne pourra nier que le travail d&#8217;archive fait ici \u00e0 partir de 40 min, et tout particuli\u00e8rement l&#8217;extrait d&#8217;interview de Jacques Attali de 2016 pr\u00e9sent\u00e9 \u00e0 partir de 43 min, est extr\u00eamement instructif et troublant. Et il en est de m\u00eame pour l&#8217;interview d&#8217;Emmanuel Macron pr\u00e9sent\u00e9e \u00e0 partir de 44 min 20 s.<\/em><\/p>\n<p style=\"text-align: justify;\"><em>La r\u00e9volution violente serait-elle un but recherch\u00e9 par l&#8217;\u00c9tat profond ? Quoi qu&#8217;il en soit, tout \u00eatre humain ayant acquis une certaine sagesse sait que seules les r\u00e9volutions int\u00e9rieures et pacifiques sont durables.<\/em>]<\/p>\n<hr \/>\n<p style=\"text-align: center;\">(vid\u00e9o du 25 ao\u00fbt 2021)<\/p>\n<p style=\"text-align: center;\"><iframe loading=\"lazy\" width=\"640\" height=\"360\" id=\"lbry-iframe\" src=\"https:\/\/odysee.com\/$\/embed\/ALERTE-FAUX-DRAPEAU-IMMINENT-CONFIRME\/e396c996b871f605fe3b1dc4aaae173a836e5bf0?t=2400&amp;r=3KLwJZMKuWHYiT76rLHMuFQhEQ7zqcxm\" allowfullscreen=\"allowfullscreen\"><\/iframe><\/p>\n","protected":false},"excerpt":{"rendered":"<p>[Note de l&#8217;administrateur de ce blog : chacun pensera ce qu&#8217;il voudra des analyses pr\u00e9sent\u00e9es par &#8220;Les d\u00e9Qodeurs&#8221; (j&#8217;encourage chacun \u00e0 faire preuve de sens critique) mais personne ne pourra nier que le travail d&#8217;archive fait ici \u00e0 partir de 40 min, et tout particuli\u00e8rement l&#8217;extrait d&#8217;interview de Jacques Attali de 2016 pr\u00e9sent\u00e9 \u00e0 partir [&hellip;]<\/p>\n","protected":false},"author":1,"featured_media":0,"comment_status":"open","ping_status":"open","sticky":false,"template":"","format":"video","meta":[],"categories":[134,133,3],"tags":[126,566,323,604,567,20,2419],"_links":{"self":[{"href":"https:\/\/aitia.fr\/erd\/wp-json\/wp\/v2\/posts\/19718"}],"collection":[{"href":"https:\/\/aitia.fr\/erd\/wp-json\/wp\/v2\/posts"}],"about":[{"href":"https:\/\/aitia.fr\/erd\/wp-json\/wp\/v2\/types\/post"}],"author":[{"embeddable":true,"href":"https:\/\/aitia.fr\/erd\/wp-json\/wp\/v2\/users\/1"}],"replies":[{"embeddable":true,"href":"https:\/\/aitia.fr\/erd\/wp-json\/wp\/v2\/comments?post=19718"}],"version-history":[{"count":6,"href":"https:\/\/aitia.fr\/erd\/wp-json\/wp\/v2\/posts\/19718\/revisions"}],"predecessor-version":[{"id":19724,"href":"https:\/\/aitia.fr\/erd\/wp-json\/wp\/v2\/posts\/19718\/revisions\/19724"}],"wp:attachment":[{"href":"https:\/\/aitia.fr\/erd\/wp-json\/wp\/v2\/media?parent=19718"}],"wp:term":[{"taxonomy":"category","embeddable":true,"href":"https:\/\/aitia.fr\/erd\/wp-json\/wp\/v2\/categories?post=19718"},{"taxonomy":"post_tag","embeddable":true,"href":"https:\/\/aitia.fr\/erd\/wp-json\/wp\/v2\/tags?post=19718"}],"curies":[{"name":"wp","href":"https:\/\/api.w.org\/{rel}","templated":true}]}}