{"id":19700,"date":"2021-09-05T11:12:11","date_gmt":"2021-09-05T09:12:11","guid":{"rendered":"https:\/\/aitia.fr\/erd\/?p=19700"},"modified":"2021-09-05T11:13:43","modified_gmt":"2021-09-05T09:13:43","slug":"temoignage-du-dr-hertoghe-victime-du-vaccin-moderna-accident-vasculaire-cerebral-dans-le-cervelet","status":"publish","type":"post","link":"https:\/\/aitia.fr\/erd\/temoignage-du-dr-hertoghe-victime-du-vaccin-moderna-accident-vasculaire-cerebral-dans-le-cervelet\/","title":{"rendered":"T\u00e9moignage du Dr Hertoghe, victime du vaccin Moderna : accident vasculaire c\u00e9r\u00e9bral dans le cervelet"},"content":{"rendered":"<p style=\"text-align: justify;\"><a href=\"https:\/\/aitia.fr\/erd\/temoignage-du-dr-hertoghe-victime-du-vaccin-moderna-accident-vasculaire-cerebral-dans-le-cervelet\/dr-thierry-hertoghe\/\" rel=\"attachment wp-att-19701\"><img decoding=\"async\" loading=\"lazy\" class=\"alignleft wp-image-19701\" src=\"https:\/\/aitia.fr\/erd\/wp-content\/uploads\/2021\/09\/Dr-Thierry-Hertoghe.jpeg\" alt=\"\" width=\"400\" height=\"366\" srcset=\"https:\/\/aitia.fr\/erd\/wp-content\/uploads\/2021\/09\/Dr-Thierry-Hertoghe.jpeg 442w, https:\/\/aitia.fr\/erd\/wp-content\/uploads\/2021\/09\/Dr-Thierry-Hertoghe-300x274.jpeg 300w\" sizes=\"(max-width: 400px) 100vw, 400px\" \/><\/a>[<em>Note de l&#8217;administrateur de ce blog : r\u00e9p\u00e9tez apr\u00e8s moi &#8220;les vaccins sont s\u00fbrs et efficaces&#8221;. Les vaccins sont s\u00fbrs et efficaces. Les vaccins sont s\u00fbrs&#8230;<\/em>]<\/p>\n<hr \/>\n<p style=\"text-align: justify;\"><strong>T\u00e9moignage sur des effets n\u00e9gatifs importants du vaccin Moderna : accident vasculaire c\u00e9r\u00e9bral<\/strong> dans le cervelet<\/p>\n<p style=\"text-align: justify;\">\u2022 En f\u00e9vrier 2021, j\u2019ai re\u00e7u une injection du vaccin Moderna en fin d\u2019apr\u00e8s-midi. Quatre jours et demi apr\u00e8s l\u2019injection de vaccin, t\u00f4t matin, pendant six heures, j\u2019ai, \u00e0 l\u2019\u00e2ge de 63 ans, eu des troubles importants de la parole (dysarthrie) constat\u00e9s par au moins une vingtaine de personnes. Le surlendemain, un <strong>accident vasculaire c\u00e9r\u00e9bral<\/strong> (AVC, une zone de n\u00e9crose) dans le <strong>cervelet<\/strong> a \u00e9t\u00e9 visualis\u00e9 \u00e0 la r\u00e9sonnance magn\u00e9tique (IRM), compatible avec mes troubles de dysarthrie.<\/p>\n<p style=\"text-align: justify;\">\u2022 Une \u00e9preuve d\u2019effort sur la bicyclette une semaine apr\u00e8s l\u2019\u00e9pisode de dysarthrie montrait \u00e0 sa fin une isch\u00e9mie des ongles, indiquant une <strong>probabilit\u00e9 de microthromboses dans les poumons<\/strong>. Si des thromboses sont pr\u00e9sentes dans le cerveau et les poumons, la possibilit\u00e9 qu\u2019il y ait eu d\u2019<strong>autres thromboses<\/strong> dans d\u2019autres organes est \u00e9lev\u00e9e.<\/p>\n<p style=\"text-align: justify;\">\u2022 Les autres investigations (CT scan du cerveau, doppler des art\u00e8res carotides, Holter de 24 heures de la tension art\u00e9rielle, Holter de 24 heures du rythme cardiaque, \u00e9chographie du c\u0153ur, recherche de varices dans les jambes, etc.) n\u2019ont rien montr\u00e9 d\u2019anormal. Au contraire, ils ont montr\u00e9 <strong>un \u00e9tat vasculaire<\/strong> (des vaisseaux sanguins) <strong>proche de l\u2019excellence<\/strong> tant dans le cerveau que dans les autres parties du corps investigu\u00e9es : aucune st\u00e9nose (r\u00e9tr\u00e9cissement) des art\u00e8res, aucune plaque d\u2019ath\u00e9rome, une tension art\u00e9rielle et un rythme cardiaque normaux. La mati\u00e8re blanche du cerveau ne montrait aucune salet\u00e9, contrairement \u00e0 ce qui est normalement le cas chez des personnes de mon \u00e2ge. Rien qui pouvait expliquer cet AVC, hormis le vaccin.<\/p>\n<p><a href=\"https:\/\/lemediaen442.fr\/temoignage-du-dr-hertoghe-victime-du-vaccin-moderna-accident-vasculaire-cerebral-dans-le-cervelet\/\" target=\"_blank\" rel=\"noopener\">Continuer la lecture sur Le media en 4-4-2 \u2192<\/a><\/p>\n","protected":false},"excerpt":{"rendered":"<p>[Note de l&#8217;administrateur de ce blog : r\u00e9p\u00e9tez apr\u00e8s moi &#8220;les vaccins sont s\u00fbrs et efficaces&#8221;. Les vaccins sont s\u00fbrs et efficaces. Les vaccins sont s\u00fbrs&#8230;] T\u00e9moignage sur des effets n\u00e9gatifs importants du vaccin Moderna : accident vasculaire c\u00e9r\u00e9bral dans le cervelet \u2022 En f\u00e9vrier 2021, j\u2019ai re\u00e7u une injection du vaccin Moderna en fin [&hellip;]<\/p>\n","protected":false},"author":1,"featured_media":0,"comment_status":"open","ping_status":"open","sticky":false,"template":"","format":"standard","meta":[],"categories":[134,29,6],"tags":[2395,1542,770,2097,742,852,2072],"_links":{"self":[{"href":"https:\/\/aitia.fr\/erd\/wp-json\/wp\/v2\/posts\/19700"}],"collection":[{"href":"https:\/\/aitia.fr\/erd\/wp-json\/wp\/v2\/posts"}],"about":[{"href":"https:\/\/aitia.fr\/erd\/wp-json\/wp\/v2\/types\/post"}],"author":[{"embeddable":true,"href":"https:\/\/aitia.fr\/erd\/wp-json\/wp\/v2\/users\/1"}],"replies":[{"embeddable":true,"href":"https:\/\/aitia.fr\/erd\/wp-json\/wp\/v2\/comments?post=19700"}],"version-history":[{"count":2,"href":"https:\/\/aitia.fr\/erd\/wp-json\/wp\/v2\/posts\/19700\/revisions"}],"predecessor-version":[{"id":19703,"href":"https:\/\/aitia.fr\/erd\/wp-json\/wp\/v2\/posts\/19700\/revisions\/19703"}],"wp:attachment":[{"href":"https:\/\/aitia.fr\/erd\/wp-json\/wp\/v2\/media?parent=19700"}],"wp:term":[{"taxonomy":"category","embeddable":true,"href":"https:\/\/aitia.fr\/erd\/wp-json\/wp\/v2\/categories?post=19700"},{"taxonomy":"post_tag","embeddable":true,"href":"https:\/\/aitia.fr\/erd\/wp-json\/wp\/v2\/tags?post=19700"}],"curies":[{"name":"wp","href":"https:\/\/api.w.org\/{rel}","templated":true}]}}