{"id":19390,"date":"2021-08-23T09:07:39","date_gmt":"2021-08-23T07:07:39","guid":{"rendered":"https:\/\/aitia.fr\/erd\/?p=19390"},"modified":"2021-08-26T16:30:58","modified_gmt":"2021-08-26T14:30:58","slug":"donnees-israeliennes-comment-lefficacite-du-vaccin-contre-les-formes-graves-peut-elle-etre-elevee-quand-60-des-hospitalises-sont-vaccines","status":"publish","type":"post","link":"https:\/\/aitia.fr\/erd\/donnees-israeliennes-comment-lefficacite-du-vaccin-contre-les-formes-graves-peut-elle-etre-elevee-quand-60-des-hospitalises-sont-vaccines\/","title":{"rendered":"Donn\u00e9es isra\u00e9liennes : comment l&#8217;efficacit\u00e9 du vaccin <br>contre les formes graves peut-elle \u00eatre \u00e9lev\u00e9e quand <br>60 % des hospitalis\u00e9s sont vaccin\u00e9s ?"},"content":{"rendered":"<p style=\"text-align: justify;\" data-wp-editing=\"1\"><img decoding=\"async\" loading=\"lazy\" class=\"alignleft wp-image-19398\" src=\"https:\/\/aitia.fr\/erd\/wp-content\/uploads\/2021\/08\/paradoxe-de-Simpson2-r.png\" alt=\"\" width=\"350\" height=\"586\" srcset=\"https:\/\/aitia.fr\/erd\/wp-content\/uploads\/2021\/08\/paradoxe-de-Simpson2-r.png 413w, https:\/\/aitia.fr\/erd\/wp-content\/uploads\/2021\/08\/paradoxe-de-Simpson2-r-179x300.png 179w\" sizes=\"(max-width: 350px) 100vw, 350px\" \/>Je l&#8217;avais d\u00e9j\u00e0 \u00e9voqu\u00e9 sur ce blog parce que <a href=\"https:\/\/aitia.fr\/erd\/critique-de-la-methode-ihu-mediterranee-infection\/\" target=\"_blank\" rel=\"noopener\">Didier Raoult l&#8217;avait fait<\/a> dans une de ses vid\u00e9os, le paradoxe de Simpson est un pi\u00e8ge statistique qui peut survenir lorsque des donn\u00e9es pr\u00e9sentent une distribution particuli\u00e8re telle que celle repr\u00e9sent\u00e9e sch\u00e9matiquement \u00e0 gauche. G\u00e9n\u00e9ralement, toute recherche de causalit\u00e9 entre deux ph\u00e9nom\u00e8nes est pr\u00e9c\u00e9d\u00e9e d&#8217;une recherche de corr\u00e9lation car, si une corr\u00e9lation n&#8217;implique pas un lien de causalit\u00e9, en revanche une absence de corr\u00e9lation implique l&#8217;absence de relation de cause \u00e0 effet.<\/p>\n<p style=\"text-align: justify;\" data-wp-editing=\"1\">Pour ce faire, un des moyens les plus simples consiste \u00e0 repr\u00e9senter sur un graphe une variable en fonction de l&#8217;autre et de constater si le nuage de points form\u00e9 r\u00e9v\u00e8le une corr\u00e9lation (s&#8217;il est allong\u00e9 suivant une diagonale ascendante ou descendante) ou non. Le cas le plus flagrant \u00e9tant bien s\u00fbr lorsque les points s&#8217;alignent parfaitement suivant une courbe (qui peut \u00eatre une droite). Mais il arrive que le nuage de points pr\u00e9sente <em>deux<\/em> tendances, parfois m\u00eame <em>oppos\u00e9es<\/em>, suivant qu&#8217;on le consid\u00e8re globalement ou en le d\u00e9composant en deux sous-ensembles (illustration de gauche).<\/p>\n<p style=\"text-align: justify;\" data-wp-editing=\"1\">Parce que nombre d&#8217;arguments sommaires contre les &#8220;vaccins&#8221; anti-COVID tombent dans ce pi\u00e8ge, il est important de l&#8217;expliquer \u2013 ce qui <strong>ne<\/strong> signifie <strong>pas<\/strong> qu&#8217;il est n\u00e9cessaire et &#8220;scientifique&#8221; de se prononcer en faveur de cette vaccination, ni m\u00eame d&#8217;admettre une bonne fois pour toutes son efficacit\u00e9 ou son rapport b\u00e9n\u00e9fice \/ risque favorable. Comme l&#8217;a montr\u00e9 Robert Malone (c&#8217;est lui qui a <a href=\"https:\/\/twitter.com\/RWMaloneMD\/status\/1428416833049202692\" target=\"_blank\" rel=\"noopener\">attir\u00e9 mon attention<\/a> sur l&#8217;article dont je vous propose la traduction ci-dessous), il est tout \u00e0 fait possible \u2013 et m\u00eame parfaitement logique \u2013 de d\u00e9noncer avec force les m\u00e9thodes d&#8217;apprenti-sorcier impos\u00e9es pour (pr\u00e9tendument) lutter contre une pand\u00e9mie tout en d\u00e9non\u00e7ant parall\u00e8lement des arguments faibles voire faux utilis\u00e9s par certaines critiques.<\/p>\n<p style=\"text-align: justify;\" data-wp-editing=\"1\">Voici donc la traduction <a href=\"https:\/\/www.covid-datascience.com\/post\/israeli-data-how-can-efficacy-vs-severe-disease-be-strong-when-60-of-hospitalized-are-vaccinated\" target=\"_blank\" rel=\"noopener\">d&#8217;un article de Jeffrey Morris<\/a> qui, s&#8217;il n&#8217;aborde qu&#8217;un aspect du probl\u00e8me \u2013 <strong>ce qui est nettement insuffisant pour justifier une vaccination massive de la population<\/strong> \u2013 le fait correctement et de fa\u00e7on p\u00e9dagogique. Avis \u00e0 ceux qui penseraient que cet article est une invitation \u00e0 baisser les armes contre une campagne de vaccination &#8220;non obligatoire&#8221; mais impos\u00e9e de fa\u00e7on particuli\u00e8rement vicieuse : ils n&#8217;ont rien compris, il s&#8217;agit au contraire de laisser tomber les pistolets \u00e0 bouchon et de pr\u00e9f\u00e9rer l&#8217;artillerie lourde. Qui se trouve ailleurs que dans cet article<span id='easy-footnote-1-19390' class='easy-footnote-margin-adjust'><\/span><span class='easy-footnote'><a href='https:\/\/aitia.fr\/erd\/donnees-israeliennes-comment-lefficacite-du-vaccin-contre-les-formes-graves-peut-elle-etre-elevee-quand-60-des-hospitalises-sont-vaccines\/#easy-footnote-bottom-1-19390' title='Indice : une des munitions commence par &amp;#8220;iver&amp;#8221; et finit par &amp;#8220;tine&amp;#8221;.'><sup>1<\/sup><\/a><\/span>, certes, mais chaque chose en son temps.<\/p>\n<p style=\"text-align: justify;\" data-wp-editing=\"1\"><strong>Remarque :<\/strong> la traduction fran\u00e7aise de SARS-CoV-2 (<i><span class=\"lang-en\" lang=\"en\">severe acute respiratory syndrome <span class=\"nowrap\">coronavirus 2<\/span><\/span><\/i>) est parfois SRAS-CoV-2 (<i><span class=\"lang-en\" lang=\"en\">syndrome respiratoire aigu s\u00e9v\u00e8re, <span class=\"nowrap\">coronavirus 2<\/span><\/span><\/i>). Mais elle est bancale, une traduction &#8220;compl\u00e8te&#8221; devant \u00eatre CoV-2-SRAS (<em><span class=\"lang-en\" lang=\"en\"><span class=\"nowrap\">coronavirus 2<\/span><\/span> d&#8217;un <span class=\"lang-en\" lang=\"en\">syndrome respiratoire aigu s\u00e9v\u00e8re<\/span><\/em>), c&#8217;est pourquoi j&#8217;ai jusqu&#8217;\u00e0 pr\u00e9sent gard\u00e9 le terme anglais dans les articles, et continuerai \u00e0 le faire.<\/p>\n<p style=\"text-align: center;\">\u2014\u2014\u2014 D\u00e9but de la traduction \u2014\u2014\u2014<\/p>\n<p style=\"text-align: justify;\">Une recrudescence du variant Delta, plus contagieux, dans des pays fortement vaccin\u00e9s, a donn\u00e9 lieu \u00e0 de nombreuses critiques selon lesquelles les vaccins ne sont pas efficaces contre le variant Delta ou que l&#8217;efficacit\u00e9 du vaccin diminue apr\u00e8s 4 \u00e0 6 mois. Cette situation a aliment\u00e9 un sentiment anti-vaccin, sugg\u00e9rant que les vaccins ne fonctionnent pas, et a provoqu\u00e9 un grand stress chez les personnes vaccin\u00e9es qui ne sont pas aussi prot\u00e9g\u00e9es qu&#8217;elles le pensaient.<\/p>\n<p style=\"text-align: justify;\">Dans ce billet, je me concentrerai sur l&#8217;efficacit\u00e9 des vaccins<span id='easy-footnote-2-19390' class='easy-footnote-margin-adjust'><\/span><span class='easy-footnote'><a href='https:\/\/aitia.fr\/erd\/donnees-israeliennes-comment-lefficacite-du-vaccin-contre-les-formes-graves-peut-elle-etre-elevee-quand-60-des-hospitalises-sont-vaccines\/#easy-footnote-bottom-2-19390' title='NdT : la notion d&amp;#8217;efficacit\u00e9 d&amp;#8217;un vaccin, dont j&amp;#8217;ai &lt;a href=&quot;https:\/\/aitia.fr\/erd\/vaccins-ensembles-et-probabilites\/&quot; target=&quot;_blank&quot; rel=&quot;noopener&quot;&gt;rappel\u00e9 ici la d\u00e9finition&lt;\/a&gt;, d\u00e9signe la r\u00e9duction du risque &lt;strong&gt;relatif&lt;\/strong&gt;. Il faut garder \u00e0 l&amp;#8217;esprit que lorsque le risque &lt;strong&gt;absolu&lt;\/strong&gt; est tr\u00e8s faible, m\u00eame une efficacit\u00e9 tr\u00e8s \u00e9lev\u00e9e peut n&amp;#8217;avoir aucun int\u00e9r\u00eat&amp;#8230;'><sup>2<\/sup><\/a><\/span> par rapport \u00e0 la maladie grave ou l&#8217;hospitalisation, qui est le facteur cl\u00e9 pour la sant\u00e9 publique. Je ne traiterai pas ici de l&#8217;efficacit\u00e9 des vaccins par rapport \u00e0 la maladie symptomatique ou asymptomatique [<em>NdT : une maladie sans sympt\u00f4me est-elle encore une maladie ?<\/em>] \u2013 cela n\u00e9cessite des nuances que je garderai pour un prochain billet.<\/p>\n<p style=\"text-align: justify;\">Un r\u00e9sultat inqui\u00e9tant qui a \u00e9t\u00e9 repris \u00e0 plusieurs endroits est qu&#8217;une forte proportion des patients hospitalis\u00e9s pour la COVID-19 sont vaccin\u00e9s. Par exemple, nous pouvons voir \u00e0 partir des donn\u00e9es du gouvernement isra\u00e9lien que pr\u00e8s de 60 % de tous les patients actuellement hospitalis\u00e9s pour la COVID-19 (au 15 ao\u00fbt 2021) sont vaccin\u00e9s (les donn\u00e9es t\u00e9l\u00e9charg\u00e9es et les d\u00e9tails se trouvent au bas de cet article). Sur les 515 patients actuellement hospitalis\u00e9s pour des cas graves en Isra\u00ebl, 301 (58,4 %) d&#8217;entre eux \u00e9taient enti\u00e8rement vaccin\u00e9s, c&#8217;est-\u00e0-dire qu&#8217;ils avaient re\u00e7u deux doses du vaccin Pfizer.<\/p>\n<p><!--more--><\/p>\n<p><img decoding=\"async\" loading=\"lazy\" class=\"aligncenter size-full wp-image-19419\" src=\"https:\/\/aitia.fr\/erd\/wp-content\/uploads\/2021\/08\/DI-1.png\" alt=\"\" width=\"700\" height=\"196\" srcset=\"https:\/\/aitia.fr\/erd\/wp-content\/uploads\/2021\/08\/DI-1.png 700w, https:\/\/aitia.fr\/erd\/wp-content\/uploads\/2021\/08\/DI-1-300x84.png 300w, https:\/\/aitia.fr\/erd\/wp-content\/uploads\/2021\/08\/DI-1-600x168.png 600w\" sizes=\"(max-width: 700px) 100vw, 700px\" \/><\/p>\n<p style=\"text-align: justify;\">\u00c0 partir de ce type de r\u00e9sultat, j&#8217;ai vu des tweets sugg\u00e9rant que les vaccins ne fonctionnent pas ou ont perdu leur efficacit\u00e9 contre les maladies graves, et j&#8217;ai vu d&#8217;autres articles citer ce type de chiffre comme une preuve suppl\u00e9mentaire de la r\u00e9duction de l&#8217;efficacit\u00e9 des vaccins pour tenter de justifier les rappels de troisi\u00e8me injection.<\/p>\n<p style=\"text-align: justify;\">Cependant, si ces chiffres sont vrais, les citer comme preuve de la faible efficacit\u00e9 des vaccins est erron\u00e9 et trompeur. Parfois, avec les donn\u00e9es d&#8217;observation, il y a une confusion de multiples facteurs qui peuvent rendre facile une mauvaise interpr\u00e9tation de simples pourcentages comme celui-ci, et la situation actuelle de la vaccination en Isra\u00ebl est un parfait exemple d&#8217;un d\u00e9luge de facteurs qui m\u00e8nent \u00e0 la confusion s&#8217;ils ne sont pas analys\u00e9s soigneusement.<\/p>\n<p style=\"text-align: justify;\">En particulier, les facteurs cl\u00e9s ici qui contribuent \u00e0 cette confusion sont :<\/p>\n<ul>\n<li style=\"text-align: justify;\">Le taux de vaccination \u00e9lev\u00e9 dans le pays (pr\u00e8s de 80 % de tous les plus de 12 ans).<\/li>\n<li style=\"text-align: justify;\">La disparit\u00e9 des vaccinations en fonction de l&#8217;\u00e2ge, notamment<\/li>\n<li style=\"text-align: justify;\">La quasi-totalit\u00e9 des personnes \u00e2g\u00e9es sont vaccin\u00e9es (&gt; 90 % des plus de 50 ans).<\/li>\n<li style=\"text-align: justify;\">La grande majorit\u00e9 des personnes non vaccin\u00e9es sont des personnes plus jeunes (&gt; 85 % des personnes non vaccin\u00e9es ont moins de 50 ans).<\/li>\n<li style=\"text-align: justify;\">Les personnes \u00e2g\u00e9es sont beaucoup plus susceptibles d&#8217;\u00eatre hospitalis\u00e9es \u00e0 cause d&#8217;un virus respiratoire que les jeunes (les habitants de plus de 50 ans sont 20 fois plus susceptibles d&#8217;\u00eatre hospitalis\u00e9s pour des infections graves que les moins de 50 ans, et les plus de 90 ans sont 1 600 fois plus susceptibles d&#8217;\u00eatre hospitalis\u00e9s pour des infections graves que les 12 \u00e0 15 ans).<\/li>\n<\/ul>\n<p style=\"text-align: justify;\">Apr\u00e8s prise en compte des taux de vaccination et stratification par groupes d&#8217;\u00e2ge, ces m\u00eames donn\u00e9es nous permettent de constater que les vaccins conservent une efficacit\u00e9 \u00e9lev\u00e9e (85-95 %) par rapport aux maladies graves, ce qui montre qu&#8217;en mati\u00e8re de pr\u00e9vention des maladies graves, le vaccin Pfizer reste tr\u00e8s performant par rapport au variant Delta, m\u00eame en Isra\u00ebl, d&#8217;o\u00f9 proviennent les donn\u00e9es les plus inqui\u00e9tantes.<\/p>\n<p style=\"text-align: justify;\">Je pr\u00e9senterai les donn\u00e9es brutes sous forme de tableaux et je parcourrai ces r\u00e9sultats. Je me concentrerai sur la vaccination compl\u00e8te par rapport \u00e0 la non-vaccination afin de simplifier la pr\u00e9sentation, mais les m\u00eames donn\u00e9es montrent \u00e9galement que la vaccination partielle offre un niveau correct de protection contre les maladies graves (75-85 %).<\/p>\n<h2>Ajustement en fonction du taux de vaccination<\/h2>\n<p style=\"text-align: justify;\">Il est vrai que pr\u00e8s de 60 % des cas graves actifs sont vaccin\u00e9s, mais une telle analyse bas\u00e9e sur des chiffres bruts peut \u00eatre trompeuse car elle est fortement influenc\u00e9e par les taux de vaccination.<\/p>\n<p style=\"text-align: justify;\">Lorsque les taux de vaccination sont faibles, l&#8217;utilisation de chiffres bruts peut exag\u00e9rer l&#8217;efficacit\u00e9 du vaccin, et lorsque les taux de vaccination sont \u00e9lev\u00e9s, l&#8217;utilisation de chiffres bruts comme celui-ci peut att\u00e9nuer l&#8217;efficacit\u00e9 du vaccin, la faisant para\u00eetre plus faible qu&#8217;elle ne l&#8217;est en r\u00e9alit\u00e9.<\/p>\n<p style=\"text-align: justify;\">Notez qu&#8217;une forte proportion (pr\u00e8s de 80 %) de tous les isra\u00e9liens \u00e2g\u00e9s de plus de 12 ans ont \u00e9t\u00e9 vaccin\u00e9s.<\/p>\n<p style=\"text-align: justify;\">Pour tenir compte des taux de vaccination, il faut normaliser les chiffres des cas graves dans notre contexte, par exemple en calculant le nombre &#8220;pour 100 000 personnes&#8221;.<\/p>\n<p><img decoding=\"async\" loading=\"lazy\" class=\"aligncenter size-full wp-image-19420\" src=\"https:\/\/aitia.fr\/erd\/wp-content\/uploads\/2021\/08\/DI-2.png\" alt=\"\" width=\"700\" height=\"197\" srcset=\"https:\/\/aitia.fr\/erd\/wp-content\/uploads\/2021\/08\/DI-2.png 700w, https:\/\/aitia.fr\/erd\/wp-content\/uploads\/2021\/08\/DI-2-300x84.png 300w, https:\/\/aitia.fr\/erd\/wp-content\/uploads\/2021\/08\/DI-2-600x169.png 600w\" sizes=\"(max-width: 700px) 100vw, 700px\" \/><\/p>\n<p style=\"text-align: justify;\">Apr\u00e8s cet ajustement, nous constatons que le taux de cas graves est 16,4\/5,3 = <strong>3,1 fois plus \u00e9lev\u00e9<\/strong> chez les individus non vaccin\u00e9s que chez les individus enti\u00e8rement vaccin\u00e9s. Cela sugg\u00e8re que les vaccins prot\u00e8gent [<em>partiellement, NdT<\/em>] contre la maladie grave.<\/p>\n<p style=\"text-align: justify;\">Ici, je d\u00e9finirai l&#8217;efficacit\u00e9 par rapport \u00e0 la maladie grave comme <strong>1 &#8211; <em>V\/N<\/em><\/strong>, o\u00f9 <em><strong>V<\/strong><\/em> = taux d&#8217;infection [<em>ou taux d&#8217;attaque, NdT<\/em>] pour 100 000 pour les personnes enti\u00e8rement vaccin\u00e9es, <em><strong>N<\/strong><\/em> = taux d&#8217;infection pour 100 000 pour les personnes non vaccin\u00e9es. Cela repr\u00e9sente le pourcentage de r\u00e9duction du taux d&#8217;infection grave dans le groupe vaccin\u00e9 par rapport au groupe non vaccin\u00e9.<\/p>\n<p style=\"text-align: justify;\">L&#8217;efficacit\u00e9 du vaccin par rapport \u00e0 la maladie grave peut \u00eatre calcul\u00e9e \u00e0 partir de ce ratio de la mani\u00e8re suivante :<\/p>\n<p style=\"text-align: center;\"><span style=\"color: #ff0000;\"><strong>Efficacit\u00e9 du vaccin par rapport \u00e0 la maladie grave<\/strong><\/span> = 1 &#8211; (5,3\/16,4) = 0,675 = <strong>67,5 %<\/strong>.<\/p>\n<p style=\"text-align: justify;\">L&#8217;interpr\u00e9tation de ce chiffre est que les vaccins pr\u00e9viennent plus de 2\/3 des infections graves conduisant \u00e0 une hospitalisation qui se seraient produites sans vaccination.<\/p>\n<p style=\"text-align: justify;\">Il convient de noter que ce chiffre est consid\u00e9rablement inf\u00e9rieur \u00e0 l&#8217;efficacit\u00e9 de plus de 95 % contre les maladies graves qui avait \u00e9t\u00e9 annonc\u00e9e pr\u00e9c\u00e9demment. Ce chiffre donne l&#8217;impression que l&#8217;efficacit\u00e9 du vaccin contre les maladies graves a consid\u00e9rablement diminu\u00e9 au fil du temps avec ce variant Delta.<\/p>\n<p style=\"text-align: justify;\">Cependant, ce chiffre est \u00e9galement trompeur en raison de la confusion, mentionn\u00e9e pr\u00e9c\u00e9demment, entre l&#8217;\u00e2ge, le statut vaccinal et le risque de maladie, c&#8217;est-\u00e0-dire que les personnes plus \u00e2g\u00e9es sont plus susceptibles d&#8217;\u00eatre vaccin\u00e9es et pr\u00e9sentent un risque intrins\u00e8quement plus \u00e9lev\u00e9 de maladie grave. Nous devons \u00eatre prudents, comme je vais maintenant l&#8217;expliquer.<\/p>\n<h2>D\u00e9s\u00e9quilibre des taux de vaccination par \u00e2ge<\/h2>\n<p style=\"text-align: justify;\">Si l&#8217;on r\u00e9partit les donn\u00e9es entre les plus jeunes (&lt; 50 ans) et les plus \u00e2g\u00e9s (&gt; 50 ans), on constate une forte disparit\u00e9 des taux de vaccination par \u00e2ge.<\/p>\n<p><img decoding=\"async\" loading=\"lazy\" class=\"aligncenter size-full wp-image-19422\" src=\"https:\/\/aitia.fr\/erd\/wp-content\/uploads\/2021\/08\/DI-3-1.png\" alt=\"\" width=\"700\" height=\"267\" srcset=\"https:\/\/aitia.fr\/erd\/wp-content\/uploads\/2021\/08\/DI-3-1.png 700w, https:\/\/aitia.fr\/erd\/wp-content\/uploads\/2021\/08\/DI-3-1-300x114.png 300w, https:\/\/aitia.fr\/erd\/wp-content\/uploads\/2021\/08\/DI-3-1-600x229.png 600w\" sizes=\"(max-width: 700px) 100vw, 700px\" \/><\/p>\n<p style=\"text-align: justify;\"><em><strong>La grande majorit\u00e9 des personnes \u00e2g\u00e9es ( plus de 90 %) ont \u00e9t\u00e9 vaccin\u00e9es<\/strong><\/em>, alors que seulement 73 % des personnes plus jeunes ont \u00e9t\u00e9 vaccin\u00e9es.<\/p>\n<p style=\"text-align: justify;\">Si l&#8217;on regarde les choses autrement, on constate que 1 116 834 \/ 1 302 912 = <em><strong>85,7 % des personnes non vaccin\u00e9es sont du groupe des plus jeunes (&lt; 50 ans)<\/strong><\/em>.<\/p>\n<h2>Disparit\u00e9 du risque de maladie grave en fonction de l&#8217;\u00e2ge<\/h2>\n<p style=\"text-align: justify;\">Cette disparit\u00e9 de vaccination en fonction de l&#8217;\u00e2ge est importante car il existe \u00e9galement une disparit\u00e9 majeure du risque de maladie grave en fonction de l&#8217;\u00e2ge, les personnes \u00e2g\u00e9es ayant une probabilit\u00e9 intrins\u00e8quement beaucoup plus \u00e9lev\u00e9e de maladie grave n\u00e9cessitant une hospitalisation que les jeunes.<\/p>\n<p><img decoding=\"async\" loading=\"lazy\" class=\"aligncenter size-full wp-image-19423\" src=\"https:\/\/aitia.fr\/erd\/wp-content\/uploads\/2021\/08\/DI-4.png\" alt=\"\" width=\"700\" height=\"267\" srcset=\"https:\/\/aitia.fr\/erd\/wp-content\/uploads\/2021\/08\/DI-4.png 700w, https:\/\/aitia.fr\/erd\/wp-content\/uploads\/2021\/08\/DI-4-300x114.png 300w, https:\/\/aitia.fr\/erd\/wp-content\/uploads\/2021\/08\/DI-4-600x229.png 600w\" sizes=\"(max-width: 700px) 100vw, 700px\" \/><\/p>\n<p style=\"text-align: justify;\">Si l&#8217;on consid\u00e8re uniquement la population non vaccin\u00e9e, on constate que <em><strong>le risque de cas graves est<\/strong><\/em> 91,9 \/ 3,9 = <em><strong>23,6 fois plus \u00e9lev\u00e9 chez les personnes \u00e2g\u00e9es<\/strong><\/em> (&gt; 50 ans) que chez les personnes jeunes (&lt; 50 ans).<\/p>\n<p style=\"text-align: justify;\">Chez les personnes enti\u00e8rement vaccin\u00e9es, le risque de cas graves est de 13,36 \/ 0,31 = <em><strong>42,5 fois plus \u00e9lev\u00e9<\/strong><\/em> chez les personnes \u00e2g\u00e9es (&gt; 50 ans) que chez les personnes jeunes (&lt; 50 ans).<\/p>\n<h2 style=\"text-align: justify;\">Efficacit\u00e9 du vaccin <em>vs.<\/em> maladie grave par cohorte d&#8217;\u00e2ge<\/h2>\n<p style=\"text-align: justify;\">Cependant, puisque nous disposons de donn\u00e9es r\u00e9parties par groupes d&#8217;\u00e2ge, nous pouvons facilement calculer l&#8217;efficacit\u00e9 du vaccin par rapport \u00e0 la maladie grave pour chaque groupe d&#8217;\u00e2ge :<\/p>\n<p style=\"text-align: justify;\">Efficacit\u00e9 du vaccin par rapport \u00e0 la maladie grave pour les plus jeunes (&lt; 50 ans) = 1 &#8211; 0,3 \/ 3,9 = <strong><em>91,8 %<\/em><\/strong>.<\/p>\n<p style=\"text-align: justify;\">Efficacit\u00e9 du vaccin par rapport \u00e0 la maladie grave chez les personnes \u00e2g\u00e9es (&gt; 50 ans) = 1 &#8211; 13,6 \/ 90,9 = <em><strong>85,2 %<\/strong><\/em>.<\/p>\n<p><img decoding=\"async\" loading=\"lazy\" class=\"aligncenter size-full wp-image-19424\" src=\"https:\/\/aitia.fr\/erd\/wp-content\/uploads\/2021\/08\/DI-5.png\" alt=\"\" width=\"700\" height=\"267\" srcset=\"https:\/\/aitia.fr\/erd\/wp-content\/uploads\/2021\/08\/DI-5.png 700w, https:\/\/aitia.fr\/erd\/wp-content\/uploads\/2021\/08\/DI-5-300x114.png 300w, https:\/\/aitia.fr\/erd\/wp-content\/uploads\/2021\/08\/DI-5-600x229.png 600w\" sizes=\"(max-width: 700px) 100vw, 700px\" \/><\/p>\n<p style=\"text-align: justify;\">Ces efficacit\u00e9s sont assez \u00e9lev\u00e9es et sugg\u00e8rent que les vaccins font un tr\u00e8s bon travail de pr\u00e9vention des maladies graves dans les cohortes jeunes et \u00e2g\u00e9es. Ces niveaux d&#8217;efficacit\u00e9 sont bien plus \u00e9lev\u00e9s que l&#8217;estimation d&#8217;efficacit\u00e9 de 67,5 % que nous obtenons si l&#8217;analyse n&#8217;est pas stratifi\u00e9e par \u00e2ge.<\/p>\n<p style=\"text-align: justify;\">Comment peut-il y avoir un tel \u00e9cart entre les chiffres d&#8217;efficacit\u00e9 stratifi\u00e9s par \u00e2ge et les chiffres d&#8217;efficacit\u00e9 globale ?<\/p>\n<p style=\"text-align: justify;\">Il s&#8217;agit d&#8217;un exemple du <span style=\"color: #ff0000;\"><strong>paradoxe de Simpson<\/strong><\/span>, un ph\u00e9nom\u00e8ne bien connu dans lequel des r\u00e9sultats trompeurs peuvent parfois \u00eatre obtenus \u00e0 partir de donn\u00e9es d&#8217;observation en pr\u00e9sence de facteurs de confusion.<\/p>\n<h2>Le paradoxe de Simpson expliqu\u00e9<\/h2>\n<p style=\"text-align: justify;\">Il existe plusieurs explications int\u00e9ressantes du paradoxe de Simpson en ligne, notamment <a href=\"https:\/\/www.youtube.com\/watch?v=ebEkn-BiW5k\" target=\"_blank\" rel=\"noopener\">ici<\/a> et <a href=\"https:\/\/towardsdatascience.com\/simpsons-paradox-and-interpreting-data-6a0443516765\" target=\"_blank\" rel=\"noopener\">ici<\/a>.<\/p>\n<p style=\"text-align: justify;\">Je vais emprunter un graphique \u00e0 cette derni\u00e8re r\u00e9f\u00e9rence et en donner une illustration simple :<\/p>\n<p><img decoding=\"async\" loading=\"lazy\" class=\"aligncenter size-full wp-image-19426\" src=\"https:\/\/aitia.fr\/erd\/wp-content\/uploads\/2021\/08\/paradoxe-de-Simpson-r.png\" alt=\"\" width=\"700\" height=\"260\" srcset=\"https:\/\/aitia.fr\/erd\/wp-content\/uploads\/2021\/08\/paradoxe-de-Simpson-r.png 700w, https:\/\/aitia.fr\/erd\/wp-content\/uploads\/2021\/08\/paradoxe-de-Simpson-r-300x111.png 300w, https:\/\/aitia.fr\/erd\/wp-content\/uploads\/2021\/08\/paradoxe-de-Simpson-r-600x223.png 600w\" sizes=\"(max-width: 700px) 100vw, 700px\" \/><\/p>\n<p style=\"text-align: justify;\">Supposons que l&#8217;axe horizontal repr\u00e9sente le <em><strong>dosage<\/strong><\/em> d&#8217;un m\u00e9dicament particulier et l&#8217;axe vertical une mesure de <em><strong>la probabilit\u00e9 de gu\u00e9rison<\/strong><\/em>, et que les <strong><span style=\"color: #ff0000;\">points rouges<\/span><\/strong> correspondent \u00e0 des personnes \u00e2g\u00e9es et les <span style=\"color: #009de0;\"><strong>points bleus<\/strong><\/span> \u00e0 des personnes jeunes.<\/p>\n<p style=\"text-align: justify;\">Sur le graphique de droite, nous constatons que, tant chez les personnes jeunes que chez les personnes \u00e2g\u00e9es, des doses plus \u00e9lev\u00e9es indiquent des probabilit\u00e9s de gu\u00e9rison plus faibles, de sorte que le m\u00e9dicament ne fonctionne manifestement pas pour les deux groupes d&#8217;\u00e2ge et qu&#8217;il \u00e9choue donc lamentablement.<\/p>\n<p style=\"text-align: justify;\">Cependant, si nous ne stratifions pas notre analyse en fonction de l&#8217;\u00e2ge, le graphique de gauche montre une relation positive entre le dosage et la probabilit\u00e9 de r\u00e9cup\u00e9ration, ce qui pourrait conduire \u00e0 une conclusion erron\u00e9e selon laquelle le m\u00e9dicament fonctionne, les personnes avec des doses plus \u00e9lev\u00e9es ayant des probabilit\u00e9s de r\u00e9cup\u00e9ration plus \u00e9lev\u00e9es.<\/p>\n<p style=\"text-align: justify;\">La raison de ce r\u00e9sultat paradoxal est que <strong><em>le dosage <span style=\"text-decoration: underline;\">et<\/span> la probabilit\u00e9 de r\u00e9cup\u00e9ration<\/em><\/strong> \u00e9taient syst\u00e9matiquement <span style=\"color: #009de0;\"><strong>plus \u00e9lev\u00e9s dans un groupe<\/strong><\/span> (celui des plus jeunes) et <strong><span style=\"color: #ff0000;\">plus faibles dans l&#8217;autre groupe<\/span><\/strong> (celui des plus \u00e2g\u00e9s). Cela cr\u00e9e un type sp\u00e9cifique de confusion qui peut produire un tel paradoxe.<\/p>\n<p style=\"text-align: justify;\">Ainsi, si nous ne stratifions pas en fonction du facteur de confusion (l&#8217;\u00e2ge), l&#8217;analyse globale donne un r\u00e9sultat manifestement trompeur.<\/p>\n<p style=\"text-align: justify;\">Dans le cas de l&#8217;efficacit\u00e9 du vaccin par rapport \u00e0 la maladie grave, c&#8217;est le fait que <em><strong>le statut vaccinal <span style=\"text-decoration: underline;\">et<\/span> le risque de maladie grave sont syst\u00e9matiquement plus \u00e9lev\u00e9s dans le groupe d&#8217;\u00e2ge le plus \u00e9lev\u00e9<\/strong><\/em> qui rend les chiffres de l&#8217;efficacit\u00e9 globale trompeurs s&#8217;ils sont estim\u00e9s sans stratification par \u00e2ge, produisant un r\u00e9sultat paradoxal selon lequel l&#8217;efficacit\u00e9 globale (67,5 %) est beaucoup plus faible que l&#8217;efficacit\u00e9 pour l&#8217;un ou l&#8217;autre des groupes d&#8217;\u00e2ge (91,8 % et 85,2 %).<\/p>\n<p style=\"text-align: justify;\">Comme les groupes &lt; 50 ans et &gt; 50 ans sont assez h\u00e9t\u00e9rog\u00e8nes en termes de taux de vaccination et de risque de maladie grave, il est instructif de stratifier par groupes d&#8217;\u00e2ge encore plus fins :<\/p>\n<p><img decoding=\"async\" loading=\"lazy\" class=\"aligncenter size-full wp-image-19427\" src=\"https:\/\/aitia.fr\/erd\/wp-content\/uploads\/2021\/08\/DI-6.png\" alt=\"\" width=\"700\" height=\"289\" srcset=\"https:\/\/aitia.fr\/erd\/wp-content\/uploads\/2021\/08\/DI-6.png 700w, https:\/\/aitia.fr\/erd\/wp-content\/uploads\/2021\/08\/DI-6-300x124.png 300w, https:\/\/aitia.fr\/erd\/wp-content\/uploads\/2021\/08\/DI-6-600x248.png 600w\" sizes=\"(max-width: 700px) 100vw, 700px\" \/><\/p>\n<p style=\"text-align: justify;\">Nous constatons une efficacit\u00e9 assez \u00e9lev\u00e9e dans tous les groupes d&#8217;\u00e2ge, le groupe 80-89 ans ayant l&#8217;efficacit\u00e9 la plus faible (81,1 %) et tous les autres groupes \u00e9tant entre 88,7 % et 100 % [<em>NdT : cette efficacit\u00e9 miraculeuse de 100 % n&#8217;ayant aucune signification statistique en raison du nombre ridiculement faible de cas s\u00e9v\u00e8res jusqu&#8217;\u00e0 29 ans !<\/em>].<\/p>\n<p style=\"text-align: justify;\">Nous constatons que les donn\u00e9es isra\u00e9liennes actuelles fournissent des preuves solides que le vaccin Pfizer prot\u00e8ge toujours fortement contre la maladie grave, m\u00eame pour le variant Delta, lorsqu&#8217;elles sont analys\u00e9es correctement en stratifiant par \u00e2ge. [<em>NdT : contre <strong>cette<\/strong> maladie grave, oui ; contre d&#8217;autres, \u00e9ventuellement d&#8217;origine vaccinale, c&#8217;est un autre probl\u00e8me.<\/em>]<\/p>\n<h2 style=\"text-align: justify;\">Conclusion<\/h2>\n<p style=\"text-align: justify;\">En conclusion, tant qu&#8217;il existe une disparit\u00e9 importante entre les taux de vaccination selon l&#8217;\u00e2ge, les personnes \u00e2g\u00e9es \u00e9tant plus fortement vaccin\u00e9es, le fait que les personnes \u00e2g\u00e9es ont un risque intrins\u00e8quement plus \u00e9lev\u00e9 d&#8217;hospitalisation lorsqu&#8217;elles sont infect\u00e9es par un virus respiratoire signifie qu&#8217;il est toujours important de stratifier les r\u00e9sultats selon l&#8217;\u00e2ge ; sinon, l&#8217;efficacit\u00e9 globale sera biais\u00e9e \u00e0 la baisse et repr\u00e9sentera mal l&#8217;efficacit\u00e9 du vaccin pour la pr\u00e9vention des maladies graves (il en va de m\u00eame pour l&#8217;efficacit\u00e9 par rapport au d\u00e9c\u00e8s).<\/p>\n<p style=\"text-align: justify;\">Plus fondamentalement encore, il est important d&#8217;utiliser les taux d&#8217;infection et de maladie (pour 100 000, par exemple) et non les chiffres bruts pour comparer les groupes non vaccin\u00e9s et vaccin\u00e9s afin d&#8217;ajuster la proportion de vaccin\u00e9s. L&#8217;utilisation de chiffres bruts exag\u00e8re l&#8217;efficacit\u00e9 du vaccin lorsque la proportion de vaccin\u00e9s est faible et att\u00e9nue l&#8217;efficacit\u00e9 du vaccin lorsque, comme en Isra\u00ebl, les proportions de vaccin\u00e9s sont \u00e9lev\u00e9es.<\/p>\n<p style=\"text-align: justify;\">Il ne s&#8217;agit pas seulement de faire para\u00eetre les vaccins <em><strong>pires<\/strong><\/em> qu&#8217;ils ne le sont&#8230; tout r\u00e9sum\u00e9 calculant la &#8220;proportion d&#8217;hospitalis\u00e9s non vaccin\u00e9s&#8221; qui couvre une p\u00e9riode au cours de laquelle la proportion de vaccin\u00e9s \u00e9tait faible peut \u00eatre tout aussi trompeur, en particulier s&#8217;il y a eu une pouss\u00e9e massive de Covid-19 au cours de cette p\u00e9riode. Par exemple, le calcul de la proportion totale de personnes infect\u00e9es non vaccin\u00e9es hospitalis\u00e9s aux \u00c9tats-Unis obtenue en agr\u00e9geant sur toute la p\u00e9riode 2021 (de janvier \u00e0 aujourd&#8217;hui), une p\u00e9riode qui inclut les premiers mois au cours desquels pratiquement tous les habitants des \u00c9tats-Unis n&#8217;\u00e9taient pas vaccin\u00e9s, et o\u00f9 il y a eu un pic massif en hiver, sera \u00e9galement trompeur. Ainsi, ces artefacts peuvent \u00eatre utilis\u00e9s par certains pour faire para\u00eetre les vaccins <em><strong>meilleurs<\/strong><\/em> qu&#8217;ils ne le sont en r\u00e9alit\u00e9, par exemple tout rapport sugg\u00e9rant que 99,9 % des hospitalisations sont dues \u00e0 des personnes non vaccin\u00e9es lorsqu&#8217;il couvre une longue p\u00e9riode comme celle-ci.<\/p>\n<p style=\"text-align: justify;\">L&#8217;essentiel est qu&#8217;il existe des preuves tr\u00e8s solides que les vaccins prot\u00e8gent tr\u00e8s efficacement contre les maladies graves [<em>NdT : contre les formes graves <strong>de COVID-19<\/strong>, et <strong>pour l&#8217;instant<\/strong><\/em>], m\u00eame pour le variant Delta, et m\u00eame dans ces donn\u00e9es isra\u00e9liennes qui, \u00e0 premi\u00e8re vue, semblent sugg\u00e9rer que l&#8217;efficacit\u00e9 du vaccin Pfizer pourrait diminuer. Cela appara\u00eet clairement si l&#8217;on analyse attentivement les donn\u00e9es, et concorde avec tous les autres r\u00e9sultats publi\u00e9s \u00e0 ce jour dans d&#8217;autres pays.<\/p>\n<p style=\"text-align: justify;\">Bien qu&#8217;il ne s&#8217;agisse que d&#8217;un instantan\u00e9 des infections actuellement actives au 15 ao\u00fbt 2021, les principes s&#8217;appliquent \u00e0 d&#8217;autres analyses effectu\u00e9es sur les donn\u00e9es isra\u00e9liennes, ainsi qu&#8217;\u00e0 d&#8217;autres.<\/p>\n<p style=\"text-align: justify;\">Maintenant, une mise en garde concernant toute analyse d&#8217;efficacit\u00e9 r\u00e9alis\u00e9e \u00e0 partir des donn\u00e9es isra\u00e9liennes est que les personnes pr\u00e9c\u00e9demment infect\u00e9es ne sont pas s\u00e9par\u00e9es des autres. Remarquez que :<\/p>\n<ul>\n<li style=\"text-align: justify;\">Isra\u00ebl n&#8217;a pas permis aux personnes pr\u00e9c\u00e9demment infect\u00e9es d&#8217;\u00eatre vaccin\u00e9es avant 3 mois de campagne de vaccination (en mars). [<em>NdT : sage pr\u00e9caution qui ne semble pas avoir atteint les d\u00e9cideurs fran\u00e7ais&#8230;<\/em>]<\/li>\n<li style=\"text-align: justify;\">Puis il a rendu la vaccination facultative (\u00e9tant donn\u00e9 qu&#8217;il a accord\u00e9 des passeports d&#8217;immunit\u00e9 aux personnes pr\u00e9c\u00e9demment infect\u00e9es m\u00eame si elles n&#8217;\u00e9taient pas vaccin\u00e9es) et l&#8217;a limit\u00e9e \u00e0 une seule injection.<\/li>\n<\/ul>\n<p style=\"text-align: justify;\">Compte tenu du taux de vaccination \u00e9lev\u00e9, il est plausible qu&#8217;une proportion importante de personnes non vaccin\u00e9es aient \u00e9t\u00e9 infect\u00e9es auparavant. \u00c9tant donn\u00e9 <a href=\"https:\/\/www.covid-datascience.com\/post\/overwhelming-evidence-now-that-previously-infected-have-robust-immune-protection-against-reinfection\" target=\"_blank\" rel=\"noopener\">les preuves accablantes que l&#8217;infection ant\u00e9rieure conf\u00e8re une protection immunitaire forte et durable<\/a> [<em>NdT : All\u00f4, les autorit\u00e9s fran\u00e7aises ?<\/em>], telles qu&#8217;elles ressortent de dizaines d&#8217;articles publi\u00e9s, cela signifie que les personnes non vaccin\u00e9es ont une forte protection immunitaire (peut-\u00eatre comparable \u00e0 celle des personnes vaccin\u00e9es) [<em>NdT : et probablement bien meilleure encore selon nombre de virologues dont Robert Malone et Geert Vanden Bossche<\/em>]. Cela contribuerait \u00e0 att\u00e9nuer les estimations d&#8217;efficacit\u00e9 et pourrait expliquer pourquoi l&#8217;efficacit\u00e9 par rapport \u00e0 la maladie grave n&#8217;est pas sup\u00e9rieure \u00e0 85-92 %. En outre, cela pourrait faire appara\u00eetre l&#8217;efficacit\u00e9 de la dose unique comme beaucoup plus \u00e9lev\u00e9e que dans d&#8217;autres endroits, car elle inclut \u00e9galement les personnes pr\u00e9c\u00e9demment infect\u00e9es qui ont finalement \u00e9t\u00e9 vaccin\u00e9es. Ce sont d&#8217;autres r\u00e9serves \u00e0 garder \u00e0 l&#8217;esprit&#8230;<\/p>\n<p style=\"text-align: justify;\">Au passage, <a href=\"https:\/\/pubmed.ncbi.nlm.nih.gov\/34245907\/\" target=\"_blank\" rel=\"noopener\">des rapports ant\u00e9rieurs sur les cas de vaccin\u00e9s infect\u00e9s dans les h\u00f4pitaux isra\u00e9liens<\/a>, lorsque 152 de ces personnes infect\u00e9es ont \u00e9t\u00e9 hospitalis\u00e9es, ont montr\u00e9 que 40 % de ces cas \u00e9taient immunod\u00e9prim\u00e9s et que 96 % pr\u00e9sentaient des comorbidit\u00e9s, notamment de l&#8217;hypertension (71 %), du diab\u00e8te (48 %), une insuffisance cardiaque congestive (27 %), des maladies r\u00e9nales et pulmonaires chroniques (24 % chacune), de la d\u00e9mence (19 %) et un cancer (24 %) [<em>NdT : eh oui&#8230; on en revient toujours aux fondamentaux de la <strong>vraie<\/strong> m\u00e9decine, celle qui cherche \u00e0 soigner. All\u00f4, les autorit\u00e9s fran\u00e7aises ?<\/em>]. \u00c0 ce moment-l\u00e0, pratiquement aucune des infections graves par le variant Delta en Isra\u00ebl ne concernait des personnes ne pr\u00e9sentant pas de pathologies pr\u00e9existantes importantes [<em>NdT : rappelons que les CDC aux USA <a href=\"https:\/\/www.cdc.gov\/nchs\/nvss\/vsrr\/covid_weekly\/index.htm?fbclid=IwAR1A0cnUguvr_pvSFTiYbmRmHwgweg-gQUeBeL1VWIoSogGaXmNp7XnJGIY#Comorbidities\" target=\"_blank\" rel=\"noopener\">indiquent noir sur blanc<\/a> que les &#8220;morts COVID&#8221; sont en r\u00e9alit\u00e9 pour 95 % des &#8220;morts <strong>avec<\/strong> COVID&#8221; et <strong>pour 5 % seulement des &#8220;morts de la COVID&#8221;<\/strong><\/em>].<\/p>\n<p style=\"text-align: justify;\">Des effets similaires pourraient se cacher dans d&#8217;autres variables et contextes, par exemple si les personnes qui occupent des emplois particuliers, comme les travailleurs de la sant\u00e9, ont \u00e0 la fois (1) des taux de vaccination plus \u00e9lev\u00e9s et (2) une plus grande probabilit\u00e9 d&#8217;exposition au SARS-CoV-2, alors ce ph\u00e9nom\u00e8ne pourrait \u00e9galement fausser les chiffres globaux d&#8217;efficacit\u00e9 par rapport \u00e0 l&#8217;infection si les r\u00e9sultats ne sont pas stratifi\u00e9s par ces facteurs qui pourraient affecter de mani\u00e8re diff\u00e9rentielle la probabilit\u00e9 d&#8217;exposition. Ce ph\u00e9nom\u00e8ne est particuli\u00e8rement important lorsqu&#8217;il s&#8217;agit d&#8217;\u00e9valuer <a href=\"https:\/\/www.covid-datascience.com\/post\/israeli-study-suggests-vaccine-efficacy-vs-infection-decreases-over-time-what-does-this-mean\" target=\"_blank\" rel=\"noopener\">si l&#8217;efficacit\u00e9 du vaccin par rapport \u00e0 l&#8217;infection diminue avec le temps<\/a>, \u00e9tant donn\u00e9 que dans la plupart des pays, le sous-ensemble des jeunes qui ont \u00e9t\u00e9 vaccin\u00e9s t\u00f4t sont presque tous des travailleurs de sant\u00e9 qui ont \u00e9galement une exposition sup\u00e9rieure au SARS-CoV-2 et donc des probabilit\u00e9s d&#8217;infection plus \u00e9lev\u00e9es que les personnes plus jeunes vaccin\u00e9es plus tard qui ne sont pas des travailleurs de sant\u00e9 ou d&#8217;autres &#8220;personnels essentiels&#8221; prioritaires pour une vaccination pr\u00e9coce. De m\u00eame, on peut s&#8217;attendre \u00e0 ce que les personnes immunod\u00e9prim\u00e9es fassent partie du groupe de vaccination prioritaire le plus pr\u00e9coce, et il est donc possible que l&#8217;efficacit\u00e9 r\u00e9duite chez les personnes vaccin\u00e9es plus t\u00f4t soit en partie due \u00e0 ces facteurs s&#8217;ils ne sont pas pris en compte dans l&#8217;analyse.<\/p>\n<p style=\"text-align: justify;\">Avec les donn\u00e9es d&#8217;observation du monde r\u00e9el, nous devons toujours r\u00e9fl\u00e9chir soigneusement \u00e0 des facteurs comme ceux-ci lorsque nous essayons d&#8217;\u00e9valuer l&#8217;efficacit\u00e9 du vaccin contre l&#8217;infection, la maladie grave ou le d\u00e9c\u00e8s.<\/p>\n<p style=\"text-align: justify;\">Par cons\u00e9quent, nous devons nous m\u00e9fier de toute affirmation qui se contente de rapporter des chiffres bruts ou des chiffres d&#8217;efficacit\u00e9 globale sans stratification, et nous devons nous tourner vers des analyses de donn\u00e9es minutieuses provenant d&#8217;articles publi\u00e9s qui tiennent compte de ces facteurs en utilisant les m\u00e9thodes statistiques disponibles pour l&#8217;inf\u00e9rence causale, d\u00e9crites de mani\u00e8re transparente et d\u00e9taill\u00e9e, si nous voulons avoir une id\u00e9e pr\u00e9cise de l&#8217;effet causal potentiel des vaccins. Bon nombre des articles que j&#8217;ai vus publi\u00e9s en Isra\u00ebl, au Royaume-Uni, au Canada, aux \u00c9tats-Unis et ailleurs ont utilis\u00e9 une m\u00e9thodologie rigoureuse pour ajuster ces facteurs, mais ce sont des d\u00e9tails qui doivent toujours \u00eatre \u00e9valu\u00e9s avec soin lorsqu&#8217;on essaie d&#8217;interpr\u00e9ter les implications d&#8217;une \u00e9tude donn\u00e9e.<\/p>\n<h2 style=\"text-align: justify;\">Quelques d\u00e9tails \u00e0 souligner concernant les donn\u00e9es et l&#8217;analyse :<\/h2>\n<p style=\"text-align: justify;\">Les donn\u00e9es utilis\u00e9es dans ce billet de blog ont \u00e9t\u00e9 t\u00e9l\u00e9charg\u00e9es \u00e0 partir du <a href=\"https:\/\/datadashboard.health.gov.il\/COVID-19\/general\" target=\"_blank\" rel=\"noopener\">tableau de bord du minist\u00e8re isra\u00e9lien de la sant\u00e9<\/a>. L&#8217;encadr\u00e9 \u00e0 l&#8217;extr\u00eame gauche, deuxi\u00e8me en partant du haut, comporte une fl\u00e8che vers le bas sur laquelle on peut cliquer pour obtenir les donn\u00e9es des cas graves de covid-19 actuellement actifs, par \u00e2ge et par statut vaccinal. Ces donn\u00e9es ne concernent que les r\u00e9sidents isra\u00e9liens \u00e2g\u00e9s de 12 ans et plus. Ce sont les donn\u00e9es que j&#8217;ai t\u00e9l\u00e9charg\u00e9es le 15 ao\u00fbt 2021 pour cette illustration et cette analyse. Voici l&#8217;ensemble des donn\u00e9es telles que je les ai t\u00e9l\u00e9charg\u00e9es (le seul changement est que j&#8217;ai utilis\u00e9 <em>google translate<\/em> pour obtenir les en-t\u00eates en anglais, car je ne lis pas l&#8217;h\u00e9breu).<\/p>\n<p style=\"text-align: center;\"><a href=\"https:\/\/aitia.fr\/erd\/wp-content\/uploads\/2021\/08\/Israeli_data_August_15_2021-original.xlsx\" target=\"_blank\" rel=\"noopener\">Donn\u00e9es isra\u00e9liennes originales 15 ao\u00fbt 2021 (format xlsx, 11 ko)<\/a><\/p>\n<p style=\"text-align: justify;\">\u00c9tant donn\u00e9 qu&#8217;il y avait \u00e0 la fois des chiffres bruts de cas pour les personnes non vaccin\u00e9es, partiellement vaccin\u00e9es et totalement vaccin\u00e9es, ainsi que des chiffres pour 100 000 habitants, j&#8217;ai calcul\u00e9 le nombre de personnes totalement\/partiellement\/non vaccin\u00e9es dans chaque groupe d&#8217;\u00e2ge. Je me suis concentr\u00e9 ici sur les infections graves, mais le tableau contient \u00e9galement des chiffres pour le total des infections dans chaque groupe d&#8217;\u00e2ge.<\/p>\n<p style=\"text-align: justify;\">Pour simplifier la pr\u00e9sentation, je me suis concentr\u00e9 sur les personnes totalement vaccin\u00e9es par rapport aux personnes non vaccin\u00e9es, bien que les donn\u00e9es soient \u00e9galement disponibles pour les personnes partiellement vaccin\u00e9es. J&#8217;ai \u00e9galement regroup\u00e9 les donn\u00e9es en groupes &#8220;jeunes (&lt; 50)&#8221; et &#8220;vieux (&gt; 50)&#8221; pour simplifier la pr\u00e9sentation, mais je pr\u00e9sente les estimations d&#8217;efficacit\u00e9 pour chaque groupe d&#8217;\u00e2ge \u00e0 la fin.<\/p>\n<p style=\"text-align: justify;\">Voici l&#8217;ensemble de donn\u00e9es apr\u00e8s l&#8217;ajout de ces colonnes et lignes que j&#8217;ai utilis\u00e9 pour les analyses pr\u00e9sent\u00e9es :<\/p>\n<p style=\"text-align: center;\"><a href=\"https:\/\/aitia.fr\/erd\/wp-content\/uploads\/2021\/08\/Israeli_data_August_15_2021.xlsx\" target=\"_blank\" rel=\"noopener\">Donn\u00e9es isra\u00e9liennes 15 ao\u00fbt 2021 (format xlsx, 16 ko)<\/a><\/p>\n<p style=\"text-align: justify;\">Par souci de bri\u00e8vet\u00e9, j&#8217;ai concentr\u00e9 les tableaux sur les vaccin\u00e9s complets et les non-vaccin\u00e9s uniquement, et n&#8217;ai pas inclus les vaccin\u00e9s partiels (1 dose Pfizer). C&#8217;est pourquoi le total des pourcentages n&#8217;atteint pas 100 %, mais si vous prenez 100 % &#8211; %non-vaccin\u00e9 &#8211; %compl\u00e8tement-vaccin\u00e9, vous obtenez le pourcentage de partiellement-vaccin\u00e9s. Par exemple, le pourcentage global est de 100 % &#8211; 18,2 % &#8211; 78,7 % = 3,5 % de vaccin\u00e9s partiels.<\/p>\n<p style=\"text-align: justify;\">Au passage, mon tableau original comportait deux erreurs de frappe : 90,9 \u00e0 la place de 91,9 et 2 170 563 \u00e0 la place de 2 133 516. Il s&#8217;agissait d&#8217;erreurs de copier-coller dans <em>Powerpoint<\/em>, qui n&#8217;ont pas affect\u00e9 les pourcentages, les cas pour 100 000 ou les chiffres d&#8217;efficacit\u00e9. Ils sont tous corrects.<\/p>\n<p style=\"text-align: center;\">\u2014\u2014\u2013\u2014 Fin de la traduction \u2014\u2013\u2014\u2014<\/p>\n<p>Bien entendu, l&#8217;ensemble de la d\u00e9monstration qui pr\u00e9c\u00e8de suppose implicitement :<\/p>\n<ul>\n<li>que l&#8217;efficacit\u00e9 des &#8220;vaccins&#8221; se mesure par rapport \u00e0&#8230; l&#8217;absence compl\u00e8te de traitement ;<\/li>\n<li>que les risques associ\u00e9s \u00e0 la maladie <strong>et eux seuls<\/strong> sont pris en compte (pas ceux li\u00e9s aux vaccins).<\/li>\n<\/ul>\n<p style=\"text-align: justify;\">C&#8217;est sur ce genre de &#8220;d\u00e9tails&#8221; qu&#8217;il conviendra de revenir. Mais on retiendra pour l&#8217;instant l&#8217;argumentaire ci-dessus pour juger si la pr\u00e9conisation d&#8217;une troisi\u00e8me dose d\u00e9coule \u00e0 ce jour d&#8217;un imp\u00e9ratif sanitaire ou financier.<\/p>\n<p style=\"text-align: justify;\">\n","protected":false},"excerpt":{"rendered":"<p>Je l&#8217;avais d\u00e9j\u00e0 \u00e9voqu\u00e9 sur ce blog parce que Didier Raoult l&#8217;avait fait dans une de ses vid\u00e9os, le paradoxe de Simpson est un pi\u00e8ge statistique qui peut survenir lorsque des donn\u00e9es pr\u00e9sentent une distribution particuli\u00e8re telle que celle repr\u00e9sent\u00e9e sch\u00e9matiquement \u00e0 gauche. G\u00e9n\u00e9ralement, toute recherche de causalit\u00e9 entre deux ph\u00e9nom\u00e8nes est pr\u00e9c\u00e9d\u00e9e d&#8217;une recherche [&hellip;]<\/p>\n","protected":false},"author":1,"featured_media":0,"comment_status":"open","ping_status":"open","sticky":false,"template":"","format":"standard","meta":[],"categories":[3,6],"tags":[2393,1542,2394,2392,1552,1730],"_links":{"self":[{"href":"https:\/\/aitia.fr\/erd\/wp-json\/wp\/v2\/posts\/19390"}],"collection":[{"href":"https:\/\/aitia.fr\/erd\/wp-json\/wp\/v2\/posts"}],"about":[{"href":"https:\/\/aitia.fr\/erd\/wp-json\/wp\/v2\/types\/post"}],"author":[{"embeddable":true,"href":"https:\/\/aitia.fr\/erd\/wp-json\/wp\/v2\/users\/1"}],"replies":[{"embeddable":true,"href":"https:\/\/aitia.fr\/erd\/wp-json\/wp\/v2\/comments?post=19390"}],"version-history":[{"count":53,"href":"https:\/\/aitia.fr\/erd\/wp-json\/wp\/v2\/posts\/19390\/revisions"}],"predecessor-version":[{"id":19569,"href":"https:\/\/aitia.fr\/erd\/wp-json\/wp\/v2\/posts\/19390\/revisions\/19569"}],"wp:attachment":[{"href":"https:\/\/aitia.fr\/erd\/wp-json\/wp\/v2\/media?parent=19390"}],"wp:term":[{"taxonomy":"category","embeddable":true,"href":"https:\/\/aitia.fr\/erd\/wp-json\/wp\/v2\/categories?post=19390"},{"taxonomy":"post_tag","embeddable":true,"href":"https:\/\/aitia.fr\/erd\/wp-json\/wp\/v2\/tags?post=19390"}],"curies":[{"name":"wp","href":"https:\/\/api.w.org\/{rel}","templated":true}]}}