{"id":19130,"date":"2021-08-15T16:31:13","date_gmt":"2021-08-15T14:31:13","guid":{"rendered":"https:\/\/aitia.fr\/erd\/?p=19130"},"modified":"2021-08-18T08:20:14","modified_gmt":"2021-08-18T06:20:14","slug":"covid-narbonne-mon-fils-de-18-ans-a-failli-mourir-dune-myocardite-apres-sa-1ere-dose-de-vaccin-france-3-occitanie","status":"publish","type":"post","link":"https:\/\/aitia.fr\/erd\/covid-narbonne-mon-fils-de-18-ans-a-failli-mourir-dune-myocardite-apres-sa-1ere-dose-de-vaccin-france-3-occitanie\/","title":{"rendered":"Covid. Narbonne : Mon fils de 18 ans a failli mourir d&#8217;une myocardite apr\u00e8s sa 1<sup>\u00e8re<\/sup> dose de vaccin <br>(France 3 Occitanie)"},"content":{"rendered":"<p style=\"text-align: justify;\">[<em>Note de l&#8217;administrateur de ce blog : un t\u00e9moignage ne fait pas une tendance statistique, mais si je diffuse celui-ci, c&#8217;est qu&#8217;il est h\u00e9las <a href=\"https:\/\/aitia.fr\/erd\/variations-sur-le-vaers\/\" target=\"_blank\" rel=\"noopener\">repr\u00e9sentatif d&#8217;une tendance forte<\/a>, et tr\u00e8s anormale pour des vaccins.<\/em><\/p>\n<p style=\"text-align: justify;\"><em>Et quand ce sont les fabricants de ces vaccins eux-m\u00eames qui <a href=\"https:\/\/www.swissmedic.ch\/swissmedic\/fr\/home\/medicaments-a-usage-humain\/surveillance-du-marche\/health-professional-communication--hpc-\/dhpc-mrna-impfstoffe-gegen-covid-19.html\" target=\"_blank\" rel=\"noopener\">pr\u00e9viennent les autorit\u00e9s<\/a>, celles-ci ont encore moins d&#8217;excuses.<\/em>]<\/p>\n<hr \/>\n<p style=\"text-align: center;\"><iframe loading=\"lazy\" width=\"640\" height=\"360\" src=\"https:\/\/www.youtube.com\/embed\/zYVOdtmnVsM\" title=\"YouTube video player\" frameborder=\"0\" allow=\"accelerometer; autoplay; clipboard-write; encrypted-media; gyroscope; picture-in-picture\" allowfullscreen><\/iframe><\/p>\n","protected":false},"excerpt":{"rendered":"<p>[Note de l&#8217;administrateur de ce blog : un t\u00e9moignage ne fait pas une tendance statistique, mais si je diffuse celui-ci, c&#8217;est qu&#8217;il est h\u00e9las repr\u00e9sentatif d&#8217;une tendance forte, et tr\u00e8s anormale pour des vaccins. Et quand ce sont les fabricants de ces vaccins eux-m\u00eames qui pr\u00e9viennent les autorit\u00e9s, celles-ci ont encore moins d&#8217;excuses.]<\/p>\n","protected":false},"author":1,"featured_media":0,"comment_status":"open","ping_status":"open","sticky":false,"template":"","format":"video","meta":[],"categories":[4,134,133,29,6],"tags":[1542,770,48,2328,742,1730],"_links":{"self":[{"href":"https:\/\/aitia.fr\/erd\/wp-json\/wp\/v2\/posts\/19130"}],"collection":[{"href":"https:\/\/aitia.fr\/erd\/wp-json\/wp\/v2\/posts"}],"about":[{"href":"https:\/\/aitia.fr\/erd\/wp-json\/wp\/v2\/types\/post"}],"author":[{"embeddable":true,"href":"https:\/\/aitia.fr\/erd\/wp-json\/wp\/v2\/users\/1"}],"replies":[{"embeddable":true,"href":"https:\/\/aitia.fr\/erd\/wp-json\/wp\/v2\/comments?post=19130"}],"version-history":[{"count":6,"href":"https:\/\/aitia.fr\/erd\/wp-json\/wp\/v2\/posts\/19130\/revisions"}],"predecessor-version":[{"id":19136,"href":"https:\/\/aitia.fr\/erd\/wp-json\/wp\/v2\/posts\/19130\/revisions\/19136"}],"wp:attachment":[{"href":"https:\/\/aitia.fr\/erd\/wp-json\/wp\/v2\/media?parent=19130"}],"wp:term":[{"taxonomy":"category","embeddable":true,"href":"https:\/\/aitia.fr\/erd\/wp-json\/wp\/v2\/categories?post=19130"},{"taxonomy":"post_tag","embeddable":true,"href":"https:\/\/aitia.fr\/erd\/wp-json\/wp\/v2\/tags?post=19130"}],"curies":[{"name":"wp","href":"https:\/\/api.w.org\/{rel}","templated":true}]}}