{"id":19104,"date":"2021-08-05T08:08:49","date_gmt":"2021-08-05T06:08:49","guid":{"rendered":"https:\/\/aitia.fr\/erd\/?p=19104"},"modified":"2021-08-16T21:51:42","modified_gmt":"2021-08-16T19:51:42","slug":"laurent-mucchielli-depublie-par-mediapart-sa-reaction-et-son-article-republie-france-soir","status":"publish","type":"post","link":"https:\/\/aitia.fr\/erd\/laurent-mucchielli-depublie-par-mediapart-sa-reaction-et-son-article-republie-france-soir\/","title":{"rendered":"Laurent Mucchielli d\u00e9publi\u00e9 par Mediapart : sa r\u00e9action et son article republi\u00e9 (France Soir)"},"content":{"rendered":"<p style=\"text-align: justify;\" data-wp-editing=\"1\"><img decoding=\"async\" loading=\"lazy\" class=\"alignleft wp-image-19105\" src=\"https:\/\/aitia.fr\/erd\/wp-content\/uploads\/2021\/08\/mediapart_r.png\" alt=\"\" width=\"405\" height=\"240\" srcset=\"https:\/\/aitia.fr\/erd\/wp-content\/uploads\/2021\/08\/mediapart_r.png 492w, https:\/\/aitia.fr\/erd\/wp-content\/uploads\/2021\/08\/mediapart_r-300x177.png 300w\" sizes=\"(max-width: 405px) 100vw, 405px\" \/>[<em>Note de l&#8217;administrateur de ce blog : pour ceux qui ont encore des illusions sur Mediapart. Autrefois abonn\u00e9, j&#8217;ai bien vite r\u00e9sili\u00e9 mon abonnement lorsqu&#8217;Edwy Plenel r\u00e9digea l&#8217;ignoble article <a href=\"https:\/\/aitia.fr\/erd\/lantisemite\/\" target=\"_blank\" rel=\"noopener\">mensonger<\/a> et diffamatoire <a href=\"https:\/\/www.mediapart.fr\/journal\/france\/070114\/contre-dieudonne-mais-sans-valls\" target=\"_blank\" rel=\"noopener\">&#8220;Contre Dieudonn\u00e9, mais sans Valls&#8221;<\/a> en janvier 2014.<\/em><\/p>\n<p style=\"text-align: justify;\"><em>Hors de question pour moi de financer des collabos.<\/em><\/p>\n<p style=\"text-align: justify;\"><em><strong>NB :<\/strong> l&#8217;article de Laurent Mucchielli d\u00e9publi\u00e9 par Mediapart s&#8217;intitule &#8220;<strong>La vaccination Covid \u00e0 l\u2019\u00e9preuve des faits. Deuxi\u00e8me partie : une mortalit\u00e9 in\u00e9dite<\/strong>&#8221; .<\/em>]<\/p>\n<hr \/>\n<p style=\"text-align: justify;\"><em>Auteurs :<\/em> Laurent Mucchielli, H\u00e9l\u00e9ne Banoun, Emmanuelle Darles, Vincent Pavan, Amine Umlil pour FranceSoir<\/p>\n<p style=\"text-align: justify;\">TRIBUNE &#8211; publi\u00e9 originellement le 30 juillet sur <a href=\"https:\/\/blogs.mediapart.fr\/laurent-mucchielli\/blog\" target=\"_blank\" rel=\"noopener\">le blog de Laurent Mucchielli h\u00e9berg\u00e9 chez M\u00e9diapart<\/a>, cet article vient d&#8217;\u00eatre censur\u00e9 par la r\u00e9daction du site au motif que celui-ci ne <strong>respecterait pas la charte, r\u00e9cemment mise \u00e0 jour<\/strong>.<\/p>\n<p style=\"text-align: justify;\"><em>&#8220;L\u2019expression libre d\u2019\u00e9ventuels d\u00e9saccords ou divergences doit seulement respecter les r\u00e8gles \u00e9dict\u00e9es dans\u00a0<a href=\"https:\/\/blogs.mediapart.fr\/charte-de-participation\" target=\"_blank\" rel=\"noopener\">notre Charte de participation<\/a>&#8221;\u00a0<\/em> peut-on lire sur le site de M\u00e9diapart,\u00a0<a href=\"https:\/\/blogs.mediapart.fr\/la-redaction-de-mediapart\/blog\/040821\/notre-sante-face-au-covid-vrais-debats-et-fausses-sciences\" target=\"_blank\" rel=\"noopener\">qui ajoute<\/a> que <em>la dissonance fait la richesse de M\u00e9diapart\u00a0<\/em>et qui d&#8217;apr\u00e8s le site est &#8220;<em>le seul dans toute la presse fran\u00e7aise (sic) \u00e0 permettre <\/em><em>de le prolonger et de le discuter, de l\u2019interpeller ou de s\u2019en diff\u00e9rencier<\/em>&#8220;.<\/p>\n<p style=\"text-align: justify;\">Enfin,on peut y lire \u00e0 propos de l&#8217;article que &#8220;<em>Non seulement les opinions et positions qu\u2019il y exprime ne sont pas celles de Mediapart \u2013 ce que permet naturellement notre Club participatif, ouvert au d\u00e9bat pluraliste de nos abonn\u00e9\u00b7e\u00b7s dans le respect de notre Charte de participation \u2013, mais de plus elles vont le plus souvent \u00e0 l\u2019encontre du travail de notre r\u00e9daction sur la pand\u00e9mie.&#8221;<\/em><\/p>\n<p style=\"text-align: justify;\">La libert\u00e9 d&#8217;expression a toujours \u00e9t\u00e9 conditionn\u00e9e au respect des principes \u00e9dict\u00e9s dans la loi. Chez Mediapart, elle semble devenue davantage conditionnelle encore.<\/p>\n<p><a href=\"https:\/\/www.francesoir.fr\/opinions-tribunes\/la-vaccination-covid-lepreuve-des-faits-2eme-partie-une-mortalite-inedite\" target=\"_blank\" rel=\"noopener\">Continuer la lecture sur France Soir <em>\u2192<\/em><\/a><\/p>\n","protected":false},"excerpt":{"rendered":"<p>[Note de l&#8217;administrateur de ce blog : pour ceux qui ont encore des illusions sur Mediapart. Autrefois abonn\u00e9, j&#8217;ai bien vite r\u00e9sili\u00e9 mon abonnement lorsqu&#8217;Edwy Plenel r\u00e9digea l&#8217;ignoble article mensonger et diffamatoire &#8220;Contre Dieudonn\u00e9, mais sans Valls&#8221; en janvier 2014. Hors de question pour moi de financer des collabos. NB : l&#8217;article de Laurent Mucchielli [&hellip;]<\/p>\n","protected":false},"author":1,"featured_media":0,"comment_status":"open","ping_status":"open","sticky":false,"template":"","format":"standard","meta":[],"categories":[4,134,29,6],"tags":[127,1687,1761,2382,2383,1922,1730],"_links":{"self":[{"href":"https:\/\/aitia.fr\/erd\/wp-json\/wp\/v2\/posts\/19104"}],"collection":[{"href":"https:\/\/aitia.fr\/erd\/wp-json\/wp\/v2\/posts"}],"about":[{"href":"https:\/\/aitia.fr\/erd\/wp-json\/wp\/v2\/types\/post"}],"author":[{"embeddable":true,"href":"https:\/\/aitia.fr\/erd\/wp-json\/wp\/v2\/users\/1"}],"replies":[{"embeddable":true,"href":"https:\/\/aitia.fr\/erd\/wp-json\/wp\/v2\/comments?post=19104"}],"version-history":[{"count":6,"href":"https:\/\/aitia.fr\/erd\/wp-json\/wp\/v2\/posts\/19104\/revisions"}],"predecessor-version":[{"id":19111,"href":"https:\/\/aitia.fr\/erd\/wp-json\/wp\/v2\/posts\/19104\/revisions\/19111"}],"wp:attachment":[{"href":"https:\/\/aitia.fr\/erd\/wp-json\/wp\/v2\/media?parent=19104"}],"wp:term":[{"taxonomy":"category","embeddable":true,"href":"https:\/\/aitia.fr\/erd\/wp-json\/wp\/v2\/categories?post=19104"},{"taxonomy":"post_tag","embeddable":true,"href":"https:\/\/aitia.fr\/erd\/wp-json\/wp\/v2\/tags?post=19104"}],"curies":[{"name":"wp","href":"https:\/\/api.w.org\/{rel}","templated":true}]}}