{"id":19088,"date":"2021-08-04T11:03:17","date_gmt":"2021-08-04T09:03:17","guid":{"rendered":"https:\/\/aitia.fr\/erd\/?p=19088"},"modified":"2021-08-05T08:08:33","modified_gmt":"2021-08-05T06:08:33","slug":"les-medecins-ne-sont-plus-autorises-a-remettre-en-question-le-recit-politique-dr-charles-hoffe-france-soir","status":"publish","type":"post","link":"https:\/\/aitia.fr\/erd\/les-medecins-ne-sont-plus-autorises-a-remettre-en-question-le-recit-politique-dr-charles-hoffe-france-soir\/","title":{"rendered":"&#8220;Les m\u00e9decins ne sont plus autoris\u00e9s \u00e0 remettre en question le r\u00e9cit politique&#8221; \u2013 Dr Charles Hoffe (France Soir)"},"content":{"rendered":"<p style=\"text-align: justify;\" data-wp-editing=\"1\"><img decoding=\"async\" loading=\"lazy\" class=\"alignleft wp-image-19092 size-medium\" src=\"https:\/\/aitia.fr\/erd\/wp-content\/uploads\/2021\/08\/Dr-Charles-Hoffe-280x300.jpg\" alt=\"\" width=\"280\" height=\"300\" srcset=\"https:\/\/aitia.fr\/erd\/wp-content\/uploads\/2021\/08\/Dr-Charles-Hoffe-280x300.jpg 280w, https:\/\/aitia.fr\/erd\/wp-content\/uploads\/2021\/08\/Dr-Charles-Hoffe.jpg 331w\" sizes=\"(max-width: 280px) 100vw, 280px\" \/>[<em>Note de l&#8217;administrateur de ce blog : les probl\u00e8mes de coagulation semblent anormalement \u00e9lev\u00e9s chez les patients &#8220;vaccin\u00e9s&#8221; avec les traitements exp\u00e9rimentaux \u00e0 l&#8217;ARN messager, et nous avons d\u00e9j\u00e0 pu <a href=\"https:\/\/aitia.fr\/erd\/dr-charles-hoffe-62-des-patients-vaccines-contre-le-covid-ont-des-dommages-cardiaques-permanents-cv19-fr\/\" target=\"_blank\" rel=\"noopener\">\u00e9couter le Dr Charles Hoffe en parler<\/a>. Ce qu&#8217;il dit ne sera donc pas enti\u00e8rement nouveau aux lecteurs de ce blog, mais il est important de le rappeler, tant le faisceau de pr\u00e9somptions converge vers la m\u00eame (triste) r\u00e9alit\u00e9.<\/em>]<\/p>\n<hr \/>\n<p style=\"text-align: justify;\">M\u00e9decin g\u00e9n\u00e9raliste, le docteur Charles Hoffe exerce dans petite ville au milieu de la campagne canadienne et compte tenu du lieu g\u00e9ographique o\u00f9 se trouve, il pratique \u00e9galement la m\u00e9decine d\u2019urgence. En mars 2021, tandis que la campagne de vaccination en est \u00e0 son troisi\u00e8me mois, il prend connaissance de rapports inqui\u00e9tants qui affluent depuis l\u2019Europe et les Etats-Unis concernant des probl\u00e8mes graves que certains patients rencontrent suite aux injections. Conscient qu\u2019il s\u2019agit d\u2019un vaccin exp\u00e9rimental dont les cons\u00e9quences \u00e0 long terme sont inconnues, il soul\u00e8ve des questions \u00e9thiques qui g\u00eanent le milieu m\u00e9dical et rappelle que lorsque surviennent des accidents graves, la d\u00e9ontologie m\u00e9dicale exige la fin de l\u2019exp\u00e9rience. Charles Hoffe communique ses pr\u00e9occupations \u00e0 ses coll\u00e8gues par e-mail et re\u00e7oit un avertissement de la part des autorit\u00e9s sanitaires locales lui expliquant qu\u2019il est interdit de dire quoi que ce soit de n\u00e9gatif aux sujets de ces vaccins, m\u00eame s\u2019ils doivent provoquer des accidents.<\/p>\n<p style=\"text-align: justify;\">Lorsqu\u2019il constate de graves probl\u00e8mes chez ses patients vaccin\u00e9s notamment des atteintes neurologiques et pulmonaires, il en informe le responsable provincial de la sant\u00e9 publique aupr\u00e8s duquel il plaide l\u2019arr\u00eat de la campagne de vaccination. Il explique \u00e0 une infirmi\u00e8re qu\u2019une personne qui a contract\u00e9 le Covid est naturellement immunis\u00e9e par l\u2019infection et n\u2019a pas besoin de faire le vaccin. Cette prise de position lui vaut d\u2019\u00eatre accus\u00e9 de d\u00e9tourner les gens de la vaccination, de perdre son poste d\u2019urgentiste tandis que le coll\u00e8ge des m\u00e9decins et chirurgiens lance une enqu\u00eate contre lui et l\u2019avertit qu\u2019il n\u2019a pas le droit de contredire le r\u00e9cit officiel en mati\u00e8re de sant\u00e9 publique.<\/p>\n<p style=\"text-align: justify;\">Apr\u00e8s avoir perdu un patient et constat\u00e9 des atteintes corporelles d\u00e9finitives chez 15 autres patients (soit 1% de sa patient\u00e8le), il lance une recherche pour essayer de comprendre ce qui peut provoquer ces accidents \u00e0 la vaccination, afin de savoir comment les prendre en charge au mieux.<\/p>\n<p><a href=\"https:\/\/www.francesoir.fr\/videos-les-debriefings\/charles-hoffe\" target=\"_blank\" rel=\"noopener\">Continuer la lecture (et regarder la vid\u00e9o) sur France Soir \u2192<\/a><\/p>\n","protected":false},"excerpt":{"rendered":"<p>[Note de l&#8217;administrateur de ce blog : les probl\u00e8mes de coagulation semblent anormalement \u00e9lev\u00e9s chez les patients &#8220;vaccin\u00e9s&#8221; avec les traitements exp\u00e9rimentaux \u00e0 l&#8217;ARN messager, et nous avons d\u00e9j\u00e0 pu \u00e9couter le Dr Charles Hoffe en parler. Ce qu&#8217;il dit ne sera donc pas enti\u00e8rement nouveau aux lecteurs de ce blog, mais il est important [&hellip;]<\/p>\n","protected":false},"author":1,"featured_media":0,"comment_status":"open","ping_status":"open","sticky":false,"template":"","format":"standard","meta":[],"categories":[4,133,3,29],"tags":[127,2379,2380,1687,2353,854,2381,1761,48,1730],"_links":{"self":[{"href":"https:\/\/aitia.fr\/erd\/wp-json\/wp\/v2\/posts\/19088"}],"collection":[{"href":"https:\/\/aitia.fr\/erd\/wp-json\/wp\/v2\/posts"}],"about":[{"href":"https:\/\/aitia.fr\/erd\/wp-json\/wp\/v2\/types\/post"}],"author":[{"embeddable":true,"href":"https:\/\/aitia.fr\/erd\/wp-json\/wp\/v2\/users\/1"}],"replies":[{"embeddable":true,"href":"https:\/\/aitia.fr\/erd\/wp-json\/wp\/v2\/comments?post=19088"}],"version-history":[{"count":9,"href":"https:\/\/aitia.fr\/erd\/wp-json\/wp\/v2\/posts\/19088\/revisions"}],"predecessor-version":[{"id":19099,"href":"https:\/\/aitia.fr\/erd\/wp-json\/wp\/v2\/posts\/19088\/revisions\/19099"}],"wp:attachment":[{"href":"https:\/\/aitia.fr\/erd\/wp-json\/wp\/v2\/media?parent=19088"}],"wp:term":[{"taxonomy":"category","embeddable":true,"href":"https:\/\/aitia.fr\/erd\/wp-json\/wp\/v2\/categories?post=19088"},{"taxonomy":"post_tag","embeddable":true,"href":"https:\/\/aitia.fr\/erd\/wp-json\/wp\/v2\/tags?post=19088"}],"curies":[{"name":"wp","href":"https:\/\/api.w.org\/{rel}","templated":true}]}}