{"id":18960,"date":"2021-07-26T08:14:50","date_gmt":"2021-07-26T06:14:50","guid":{"rendered":"https:\/\/aitia.fr\/erd\/?p=18960"},"modified":"2021-07-26T08:14:50","modified_gmt":"2021-07-26T06:14:50","slug":"plus-de-300-elus-de-droite-et-du-ps-saluent-le-courage-des-decisions-prises-par-emmanuel-macron-le-jdd","status":"publish","type":"post","link":"https:\/\/aitia.fr\/erd\/plus-de-300-elus-de-droite-et-du-ps-saluent-le-courage-des-decisions-prises-par-emmanuel-macron-le-jdd\/","title":{"rendered":"Plus de 300 \u00e9lus de droite et du PS saluent &#8220;le courage des d\u00e9cisions prises par Emmanuel Macron&#8221; (Le JDD)"},"content":{"rendered":"<p style=\"text-align: justify;\"><img decoding=\"async\" loading=\"lazy\" class=\"alignleft size-full wp-image-18963\" src=\"https:\/\/aitia.fr\/erd\/wp-content\/uploads\/2021\/07\/adolfo-ramirez-1.jpg\" alt=\"\" width=\"300\" height=\"458\" srcset=\"https:\/\/aitia.fr\/erd\/wp-content\/uploads\/2021\/07\/adolfo-ramirez-1.jpg 300w, https:\/\/aitia.fr\/erd\/wp-content\/uploads\/2021\/07\/adolfo-ramirez-1-197x300.jpg 197w\" sizes=\"(max-width: 300px) 100vw, 300px\" \/>[<em>Note de l&#8217;administrateur de ce blog : c&#8217;est bien connu, les collabos ont tendance \u00e0 faire du z\u00e8le jusqu&#8217;au dernier moment, pour ensuite tenter de se faire passer pour des r\u00e9sistants. Mais le peuple a de la m\u00e9moire.<\/em>]<\/p>\n<hr \/>\n<p style=\"text-align: justify;\"><strong>382 \u00e9lus de diff\u00e9rentes sensibilit\u00e9s, dont Christian Estrosi (ex-LR), Hubert Falco (ex-LR), Martine Vassal (LR), Jean-Luc Moudenc (LR) et Fran\u00e7ois Rebsamen (PS) saluent la r\u00e9cente prise de parole d&#8217;Emmanuel Macron et &#8220;le courage des d\u00e9cisions prises&#8221;.<\/strong><\/p>\n<p style=\"text-align: justify;\"><strong>Voici leur tribune :<\/strong> Comme des millions de Fran\u00e7ais, nous, maires et responsables de collectivit\u00e9s territoriales, avons suivi avec attention la r\u00e9cente adresse \u00e0 la Nation du Pr\u00e9sident de la R\u00e9publique. Et si nos sensibilit\u00e9s politiques sont diff\u00e9rentes, nos parcours divers, nous nous retrouvons tous aujourd\u2019hui pour saluer le courage des d\u00e9cisions prises, la clart\u00e9 du cap fix\u00e9.\u00a0Sur le plan sanitaire, l\u2019objectif de vacciner tous les Fran\u00e7ais est ambitieux mais n\u00e9cessaire. Ce n\u2019est en effet qu\u2019en atteignant un taux de couverture vaccinale sup\u00e9rieur \u00e0 90% de la population que nous pourrons tourner durablement la page, retrouver une vie normale dans nos villes et dans nos villages. Mise en place de centres de vaccination, campagnes de communication : depuis le d\u00e9but de l\u2019ann\u00e9e, nous sommes en premi\u00e8re ligne de combat. Nous serons au rendez-vous de cette nouvelle phase \u00e0 la fois pour organiser la vaccination des Fran\u00e7ais qui, par millions, ont pris rendez-vous ces derniers jours et pour accompagner entrepreneurs, commer\u00e7ants et responsables d\u2019\u00e9tablissements publics dans la mise en place du passe sanitaire.<\/p>\n<p><a href=\"https:\/\/www.lejdd.fr\/Politique\/exclusif-plus-de-300-elus-locaux-de-tous-bords-saluent-le-courage-des-decisions-prises-par-emmanuel-macron-4058384\" target=\"_blank\" rel=\"noopener\">Continuer la lecture sur Le Journal du Dimanche du 17 juillet 2021 \u2192<\/a><\/p>\n","protected":false},"excerpt":{"rendered":"<p>[Note de l&#8217;administrateur de ce blog : c&#8217;est bien connu, les collabos ont tendance \u00e0 faire du z\u00e8le jusqu&#8217;au dernier moment, pour ensuite tenter de se faire passer pour des r\u00e9sistants. Mais le peuple a de la m\u00e9moire.] 382 \u00e9lus de diff\u00e9rentes sensibilit\u00e9s, dont Christian Estrosi (ex-LR), Hubert Falco (ex-LR), Martine Vassal (LR), Jean-Luc Moudenc [&hellip;]<\/p>\n","protected":false},"author":1,"featured_media":0,"comment_status":"open","ping_status":"open","sticky":false,"template":"","format":"standard","meta":[],"categories":[4,134,29],"tags":[117,1687,2362,566,1008,1730],"_links":{"self":[{"href":"https:\/\/aitia.fr\/erd\/wp-json\/wp\/v2\/posts\/18960"}],"collection":[{"href":"https:\/\/aitia.fr\/erd\/wp-json\/wp\/v2\/posts"}],"about":[{"href":"https:\/\/aitia.fr\/erd\/wp-json\/wp\/v2\/types\/post"}],"author":[{"embeddable":true,"href":"https:\/\/aitia.fr\/erd\/wp-json\/wp\/v2\/users\/1"}],"replies":[{"embeddable":true,"href":"https:\/\/aitia.fr\/erd\/wp-json\/wp\/v2\/comments?post=18960"}],"version-history":[{"count":3,"href":"https:\/\/aitia.fr\/erd\/wp-json\/wp\/v2\/posts\/18960\/revisions"}],"predecessor-version":[{"id":18965,"href":"https:\/\/aitia.fr\/erd\/wp-json\/wp\/v2\/posts\/18960\/revisions\/18965"}],"wp:attachment":[{"href":"https:\/\/aitia.fr\/erd\/wp-json\/wp\/v2\/media?parent=18960"}],"wp:term":[{"taxonomy":"category","embeddable":true,"href":"https:\/\/aitia.fr\/erd\/wp-json\/wp\/v2\/categories?post=18960"},{"taxonomy":"post_tag","embeddable":true,"href":"https:\/\/aitia.fr\/erd\/wp-json\/wp\/v2\/tags?post=18960"}],"curies":[{"name":"wp","href":"https:\/\/api.w.org\/{rel}","templated":true}]}}