{"id":18950,"date":"2021-07-26T00:00:52","date_gmt":"2021-07-25T22:00:52","guid":{"rendered":"https:\/\/aitia.fr\/erd\/?p=18950"},"modified":"2021-08-04T11:03:40","modified_gmt":"2021-08-04T09:03:40","slug":"maitre-virginie-de-araujo-recchia-interpelle-les-forces-publiques","status":"publish","type":"post","link":"https:\/\/aitia.fr\/erd\/maitre-virginie-de-araujo-recchia-interpelle-les-forces-publiques\/","title":{"rendered":"Ma\u00eetre Virginie de Araujo Recchia <br>interpelle les Forces Publiques"},"content":{"rendered":"<p style=\"text-align: justify;\">[<em>Note de l&#8217;administrateur de ce blog : vid\u00e9o qui n&#8217;est pas tr\u00e8s r\u00e9cente mais qui tourne beaucoup en ce moment&#8230; on se demande bien pourquoi.<\/em><\/p>\n<p style=\"text-align: justify;\"><em>&#8220;Quand le gouvernement viole les droits du peuple, l&#8217;insurrection est, pour le peuple et pour chaque portion du peuple, le plus sacr\u00e9 des droits et le plus indispensable des devoirs.&#8221; (<\/em><em>D\u00e9claration des droits de l&#8217;homme et du citoyen de 1793, partie de la <a href=\"https:\/\/www.conseil-constitutionnel.fr\/les-constitutions-dans-l-histoire\/constitution-du-24-juin-1793\" target=\"_blank\" rel=\"noopener\">Constitution de l&#8217;an I<\/a>, jamais appliqu\u00e9e).<\/em>]<\/p>\n<hr \/>\n<p style=\"text-align: center;\"><iframe loading=\"lazy\" width=\"640\" height=\"360\" id=\"lbry-iframe\" src=\"https:\/\/odysee.com\/$\/embed\/Ma%C3%AEtre-Virginie-De-Araujo-Recchia-01\/6b27cd251fffcd7d95690453ee9bc82d9a0c57d1?r=D4UZ9qszznHFtc1ugYY6n4v28CbT8Ldg\" allowfullscreen=\"allowfullscreen\"><\/iframe><\/p>\n","protected":false},"excerpt":{"rendered":"<p>[Note de l&#8217;administrateur de ce blog : vid\u00e9o qui n&#8217;est pas tr\u00e8s r\u00e9cente mais qui tourne beaucoup en ce moment&#8230; on se demande bien pourquoi. &#8220;Quand le gouvernement viole les droits du peuple, l&#8217;insurrection est, pour le peuple et pour chaque portion du peuple, le plus sacr\u00e9 des droits et le plus indispensable des devoirs.&#8221; [&hellip;]<\/p>\n","protected":false},"author":1,"featured_media":0,"comment_status":"open","ping_status":"open","sticky":false,"template":"","format":"video","meta":[],"categories":[4,133],"tags":[],"_links":{"self":[{"href":"https:\/\/aitia.fr\/erd\/wp-json\/wp\/v2\/posts\/18950"}],"collection":[{"href":"https:\/\/aitia.fr\/erd\/wp-json\/wp\/v2\/posts"}],"about":[{"href":"https:\/\/aitia.fr\/erd\/wp-json\/wp\/v2\/types\/post"}],"author":[{"embeddable":true,"href":"https:\/\/aitia.fr\/erd\/wp-json\/wp\/v2\/users\/1"}],"replies":[{"embeddable":true,"href":"https:\/\/aitia.fr\/erd\/wp-json\/wp\/v2\/comments?post=18950"}],"version-history":[{"count":9,"href":"https:\/\/aitia.fr\/erd\/wp-json\/wp\/v2\/posts\/18950\/revisions"}],"predecessor-version":[{"id":18959,"href":"https:\/\/aitia.fr\/erd\/wp-json\/wp\/v2\/posts\/18950\/revisions\/18959"}],"wp:attachment":[{"href":"https:\/\/aitia.fr\/erd\/wp-json\/wp\/v2\/media?parent=18950"}],"wp:term":[{"taxonomy":"category","embeddable":true,"href":"https:\/\/aitia.fr\/erd\/wp-json\/wp\/v2\/categories?post=18950"},{"taxonomy":"post_tag","embeddable":true,"href":"https:\/\/aitia.fr\/erd\/wp-json\/wp\/v2\/tags?post=18950"}],"curies":[{"name":"wp","href":"https:\/\/api.w.org\/{rel}","templated":true}]}}