{"id":18911,"date":"2021-07-24T07:12:09","date_gmt":"2021-07-24T05:12:09","guid":{"rendered":"https:\/\/aitia.fr\/erd\/?p=18911"},"modified":"2021-07-24T07:12:09","modified_gmt":"2021-07-24T05:12:09","slug":"scoop-olivier-veran-pense-que-livermectine-peut-avoir-un-effet-dr-gerard-maudrux","status":"publish","type":"post","link":"https:\/\/aitia.fr\/erd\/scoop-olivier-veran-pense-que-livermectine-peut-avoir-un-effet-dr-gerard-maudrux\/","title":{"rendered":"Scoop : Olivier V\u00e9ran pense que l\u2019ivermectine <br>peut avoir un effet (Dr G\u00e9rard Maudrux)"},"content":{"rendered":"<p style=\"text-align: justify;\" data-wp-editing=\"1\"><img decoding=\"async\" loading=\"lazy\" class=\"alignleft wp-image-18914\" src=\"https:\/\/aitia.fr\/erd\/wp-content\/uploads\/2021\/07\/Ivermectin-B1a-from-xtal-3D-bs-17.png\" alt=\"\" width=\"400\" height=\"312\" srcset=\"https:\/\/aitia.fr\/erd\/wp-content\/uploads\/2021\/07\/Ivermectin-B1a-from-xtal-3D-bs-17.png 616w, https:\/\/aitia.fr\/erd\/wp-content\/uploads\/2021\/07\/Ivermectin-B1a-from-xtal-3D-bs-17-300x234.png 300w, https:\/\/aitia.fr\/erd\/wp-content\/uploads\/2021\/07\/Ivermectin-B1a-from-xtal-3D-bs-17-600x468.png 600w\" sizes=\"(max-width: 400px) 100vw, 400px\" \/>[<em>Note de l&#8217;administrateur de ce blog : c&#8217;est aujourd&#8217;hui la <a href=\"https:\/\/worldivermectinday.org\/\" target=\"_blank\" rel=\"noopener\">journ\u00e9e mondiale de l&#8217;ivermectine<\/a>, et peut-\u00eatre le d\u00e9but d&#8217;une r\u00e9volution&#8230;<\/em><\/p>\n<p style=\"text-align: justify;\"><em>On peut mentir \u00e0 une personne tout le temps, \u00e0 tout le monde occasionnellement, mais pas \u00e0 tout le monde ind\u00e9finiment. <\/em><\/p>\n<p style=\"text-align: justify;\"><em>La &#8220;pland\u00e9mie&#8221; est de plus en plus visible, d&#8217;o\u00f9 la panique qui s&#8217;empare de certains. Rien ne les sauvera.<\/em>]<\/p>\n<hr \/>\n<p style=\"text-align: justify;\">Olivier V\u00e9ran pense que l\u2019ivermectine a une pr\u00e9somption d\u2019efficacit\u00e9, mais il ne peut le dire. En tous cas, il ne veut pas dire le contraire.<\/p>\n<p style=\"text-align: justify;\">En mai 2021, 1500 m\u00e9decins ont fait un\u00a0<a href=\"https:\/\/blog-gerard.maudrux.fr\/2021\/05\/12\/ivermectine-recours-gracieux-aupres-du-ministre\/\" target=\"_blank\" rel=\"noopener\">recours gracieux<\/a>\u00a0aupr\u00e8s du ministre de la Sant\u00e9, conform\u00e9ment \u00e0 l\u2019article L.5322-2 du Code de la Sant\u00e9 Publique,\u00a0pour faire r\u00e9\u00e9tudier la d\u00e9cision de l\u2019ANSM, concernant le refus d\u2019une RTU pour l\u2019ivermectine.<\/p>\n<p style=\"text-align: justify;\">Dans ce recours, une question simple et directe \u00e9tait pos\u00e9e au ministre, mais aussi au m\u00e9decin, interpell\u00e9 par ses confr\u00e8res :<\/p>\n<p style=\"text-align: justify;\"><em>\u00ab En<\/em><em>\u00a0votre \u00e2me et conscience,\u00a0<\/em><em>pensez-vous honn\u00eatement et sinc\u00e8rement qu\u2019il n\u2019y a aucune pr\u00e9somption d\u2019efficacit\u00e9 comme le pr\u00e9tend l\u2019ANSM\u00a0?\u00a0\u00a0Nous souhaitons une r\u00e9ponse claire \u00e0 cette question.\u00a0\u00bb<\/em><\/p>\n<p style=\"text-align: justify;\">Le Ministre a \u00ab\u00a0bott\u00e9 en touche\u00a0\u00bb, ce qui est clairement un aveu\u00a0: il a refus\u00e9 d\u2019\u00e9crire au-dessus de sa signature qu\u2019il n\u2019y avait pas de pr\u00e9somption d\u2019efficacit\u00e9 de l\u2019ivermectine. S\u2019il le pensait, il lui aurait \u00e9t\u00e9 tr\u00e8s facile de nous envoyer promener, s\u2019appuyant sur les conclusions de ses services, ce qu\u2019il n\u2019a pas fait. Face \u00e0 l\u2019\u00e9vidence des faits, il ne pouvait le faire. En ne reprenant pas \u00e0 son compte ce refus, ses motifs, c\u2019est aussi quelque part clairement un\u00a0<strong>d\u00e9saveu de la position de l\u2019ANSM<\/strong>, que nous critiquons et qu\u2019il n\u2019a pas repris.<\/p>\n<p style=\"text-align: justify;\">En effet, Monsieur le ministre a fui la question, demandant au Pr Salomon, non destinataire du recours, de\u00a0<a href=\"https:\/\/blog-gerard.maudrux.fr\/wp-content\/uploads\/2021\/07\/Lettre-reponse-recours-gracieux-10-juin-2021-Directeur-general-de-la-sante.pdf\" target=\"_blank\" rel=\"noopener\">r\u00e9pondre \u00e0 sa place<\/a>. Olivier V\u00e9ran ne r\u00e9pond m\u00eame pas sur le fond, mais sort une \u00e9normit\u00e9\u00a0:\u00a0<em>\u00ab\u00a0pas de lien hi\u00e9rarchique entre le Ministre des Solidarit\u00e9s et de la Sant\u00e9, et l\u2019ANSM<\/em>\u00a0\u00bb\u00a0!!! Cet organisme ne d\u00e9pendrait donc d\u2019aucun minist\u00e8re\u00a0? Et pourtant, le contr\u00f4le de la gestion de l\u2019ANSM rel\u00e8ve bien (et en toute logique) de ce minist\u00e8re, comme on peut le\u00a0<a href=\"https:\/\/blog-gerard.maudrux.fr\/wp-content\/uploads\/2021\/07\/ansm-cop-2019-2023-3.pdf\" target=\"_blank\" rel=\"noopener\">lire ici, page 6 second paragraphe<\/a>, sign\u00e9 du pr\u00e9d\u00e9cesseur de Monsieur V\u00e9ran\u00a0:\u00a0<em>\u00ab\u00a0Plac\u00e9e sous tutelle du ministre en charge de la Sant\u00e9, l\u2019ANSM est financ\u00e9e par une subvention pour charge de service public\u2026\u00a0\u00bb<\/em>. Messieurs V\u00e9ran et Salomon ne seraient pas au courant\u00a0?<\/p>\n<p><a href=\"https:\/\/blog-gerard.maudrux.fr\/2021\/07\/23\/scoop-olivier-veran-pense-que-livermectine-peut-avoir-un-effet\/\" target=\"_blank\" rel=\"noopener\">Continuer la lecture sur le blog de G\u00e9rard Maudrux \u2192<\/a><\/p>\n","protected":false},"excerpt":{"rendered":"<p>[Note de l&#8217;administrateur de ce blog : c&#8217;est aujourd&#8217;hui la journ\u00e9e mondiale de l&#8217;ivermectine, et peut-\u00eatre le d\u00e9but d&#8217;une r\u00e9volution&#8230; On peut mentir \u00e0 une personne tout le temps, \u00e0 tout le monde occasionnellement, mais pas \u00e0 tout le monde ind\u00e9finiment. La &#8220;pland\u00e9mie&#8221; est de plus en plus visible, d&#8217;o\u00f9 la panique qui s&#8217;empare de [&hellip;]<\/p>\n","protected":false},"author":1,"featured_media":0,"comment_status":"open","ping_status":"open","sticky":false,"template":"","format":"standard","meta":[],"categories":[4,134,29],"tags":[1962,1542,2288,2198,48,1645,2141,1558],"_links":{"self":[{"href":"https:\/\/aitia.fr\/erd\/wp-json\/wp\/v2\/posts\/18911"}],"collection":[{"href":"https:\/\/aitia.fr\/erd\/wp-json\/wp\/v2\/posts"}],"about":[{"href":"https:\/\/aitia.fr\/erd\/wp-json\/wp\/v2\/types\/post"}],"author":[{"embeddable":true,"href":"https:\/\/aitia.fr\/erd\/wp-json\/wp\/v2\/users\/1"}],"replies":[{"embeddable":true,"href":"https:\/\/aitia.fr\/erd\/wp-json\/wp\/v2\/comments?post=18911"}],"version-history":[{"count":9,"href":"https:\/\/aitia.fr\/erd\/wp-json\/wp\/v2\/posts\/18911\/revisions"}],"predecessor-version":[{"id":18921,"href":"https:\/\/aitia.fr\/erd\/wp-json\/wp\/v2\/posts\/18911\/revisions\/18921"}],"wp:attachment":[{"href":"https:\/\/aitia.fr\/erd\/wp-json\/wp\/v2\/media?parent=18911"}],"wp:term":[{"taxonomy":"category","embeddable":true,"href":"https:\/\/aitia.fr\/erd\/wp-json\/wp\/v2\/categories?post=18911"},{"taxonomy":"post_tag","embeddable":true,"href":"https:\/\/aitia.fr\/erd\/wp-json\/wp\/v2\/tags?post=18911"}],"curies":[{"name":"wp","href":"https:\/\/api.w.org\/{rel}","templated":true}]}}