{"id":18775,"date":"2021-07-20T20:29:16","date_gmt":"2021-07-20T18:29:16","guid":{"rendered":"https:\/\/aitia.fr\/erd\/?p=18775"},"modified":"2021-07-20T20:37:36","modified_gmt":"2021-07-20T18:37:36","slug":"extension-du-passe-sanitaire-les-10-points-dalerte-de-la-defenseure-des-droits","status":"publish","type":"post","link":"https:\/\/aitia.fr\/erd\/extension-du-passe-sanitaire-les-10-points-dalerte-de-la-defenseure-des-droits\/","title":{"rendered":"Extension du passe sanitaire : les 10 points d\u2019alerte de la D\u00e9fenseure des droits"},"content":{"rendered":"<p style=\"text-align: justify;\"><img decoding=\"async\" loading=\"lazy\" class=\"alignleft size-full wp-image-18777\" src=\"https:\/\/aitia.fr\/erd\/wp-content\/uploads\/2021\/07\/defenseur-des-droits.png\" alt=\"\" width=\"359\" height=\"200\" srcset=\"https:\/\/aitia.fr\/erd\/wp-content\/uploads\/2021\/07\/defenseur-des-droits.png 359w, https:\/\/aitia.fr\/erd\/wp-content\/uploads\/2021\/07\/defenseur-des-droits-300x167.png 300w\" sizes=\"(max-width: 359px) 100vw, 359px\" \/>[<em>Note de l&#8217;administrateur de ce blog : dans sa fuite en avant totalitaire, tout pouvoir abusif finit par <a href=\"https:\/\/twitter.com\/LCP\/status\/1417541017436311554\" target=\"_blank\" rel=\"noopener\">se prendre les pieds dans le tapis<\/a> et par entrer en conflit avec sa propre administration (ici les services de <a href=\"https:\/\/fr.wikipedia.org\/wiki\/Claire_H%C3%A9don\" target=\"_blank\" rel=\"noopener\">Claire H\u00e9don<\/a>). <\/em><\/p>\n<p style=\"text-align: justify;\"><em>Il ne s&#8217;agit \u00e9videmment pas de rel\u00e2cher la garde et de crier victoire, mais on peut tout de m\u00eame penser que tout cela finira en vaste pantalonnade. Le gouvernement jupit\u00e9rien est-il au courant des <a href=\"https:\/\/www.legifrance.gouv.fr\/codes\/id\/LEGISCTA000006165298\/\" target=\"_blank\" rel=\"noopener\">articles 225-1 \u00e0 225-4<\/a> du Code P\u00e9nal ? <\/em>]<\/p>\n<hr \/>\n<p style=\"text-align: justify;\">L\u2019\u00e9volution rapide de l&#8217;\u00e9pid\u00e9mie de Covid-19, port\u00e9e par le variant <em>Delta<\/em>, a conduit le gouvernement \u00e0 pr\u00e9senter hier soir en Conseil des ministres un projet de loi relatif \u00e0 \u00ab\u00a0la gestion de la crise sanitaire\u00a0\u00bb. Ce texte proposant des transformations profondes pour l\u2019exercice de droits et libert\u00e9s qui sont au fondement de notre pacte social et r\u00e9publicain, la D\u00e9fenseure des droits, malgr\u00e9 des d\u00e9lais extr\u00eamement contraints pour l\u2019examiner, a souhait\u00e9 rendre public <a title=\"Avis du 20 juillet 2021 - nouvelle fen\u00eatre\" href=\"https:\/\/juridique.defenseurdesdroits.fr\/index.php?lvl=notice_display&amp;id=39976\" target=\"_blank\" rel=\"noopener\">un avis au Parlement<\/a> ce jour.<\/p>\n<p style=\"text-align: justify;\">Tout en reconnaissant l\u2019importance de la vaccination dans la lutte contre la pand\u00e9mie, la D\u00e9fenseure des droits s\u2019interroge tant sur la m\u00e9thode que sur la proportionnalit\u00e9 de la plupart des dispositions et restrictions pr\u00e9sentes dans le texte.<\/p>\n<ol>\n<li><strong>La n\u00e9cessit\u00e9 d\u2019un d\u00e9bat d\u00e9mocratique<\/strong><\/li>\n<\/ol>\n<p style=\"text-align: justify;\">Par un <a href=\"https:\/\/juridique.defenseurdesdroits.fr\/index.php?lvl=notice_display&amp;id=35504&amp;opac_view=-1\" target=\"_blank\" rel=\"noopener\">avis n\u00b0 20-10 du 3 d\u00e9cembre 2020<\/a> rendu dans le cadre de la prorogation de l\u2019\u00e9tat d\u2019urgence sanitaire, la D\u00e9fenseure des droits a appel\u00e9 de ses v\u0153ux l\u2019organisation d\u2019un d\u00e9bat d\u00e9mocratique public de fond. Elle ne peut aujourd\u2019hui que renouveler cette demande et regretter vivement le choix d\u2019une proc\u00e9dure acc\u00e9l\u00e9r\u00e9e compte-tenu de l\u2019ampleur des atteintes aux droits et libert\u00e9s fondamentales pr\u00e9vues par ce projet de loi ainsi que du caract\u00e8re in\u00e9dit de certaines dispositions qu\u2019il comporte.<\/p>\n<p><a href=\"https:\/\/www.defenseurdesdroits.fr\/fr\/communique-de-presse\/2021\/07\/extension-du-passe-sanitaire-les-10-points-dalerte-de-la-defenseure-des\" target=\"_blank\" rel=\"noopener\">Continuer la lecture sur defenseurdesdroits.fr \u2192<\/a><\/p>\n","protected":false},"excerpt":{"rendered":"<p>[Note de l&#8217;administrateur de ce blog : dans sa fuite en avant totalitaire, tout pouvoir abusif finit par se prendre les pieds dans le tapis et par entrer en conflit avec sa propre administration (ici les services de Claire H\u00e9don). Il ne s&#8217;agit \u00e9videmment pas de rel\u00e2cher la garde et de crier victoire, mais on [&hellip;]<\/p>\n","protected":false},"author":1,"featured_media":0,"comment_status":"open","ping_status":"open","sticky":false,"template":"","format":"standard","meta":[],"categories":[4,3,6],"tags":[2340,1542,2338,50,2341,126,2339,2141],"_links":{"self":[{"href":"https:\/\/aitia.fr\/erd\/wp-json\/wp\/v2\/posts\/18775"}],"collection":[{"href":"https:\/\/aitia.fr\/erd\/wp-json\/wp\/v2\/posts"}],"about":[{"href":"https:\/\/aitia.fr\/erd\/wp-json\/wp\/v2\/types\/post"}],"author":[{"embeddable":true,"href":"https:\/\/aitia.fr\/erd\/wp-json\/wp\/v2\/users\/1"}],"replies":[{"embeddable":true,"href":"https:\/\/aitia.fr\/erd\/wp-json\/wp\/v2\/comments?post=18775"}],"version-history":[{"count":6,"href":"https:\/\/aitia.fr\/erd\/wp-json\/wp\/v2\/posts\/18775\/revisions"}],"predecessor-version":[{"id":18782,"href":"https:\/\/aitia.fr\/erd\/wp-json\/wp\/v2\/posts\/18775\/revisions\/18782"}],"wp:attachment":[{"href":"https:\/\/aitia.fr\/erd\/wp-json\/wp\/v2\/media?parent=18775"}],"wp:term":[{"taxonomy":"category","embeddable":true,"href":"https:\/\/aitia.fr\/erd\/wp-json\/wp\/v2\/categories?post=18775"},{"taxonomy":"post_tag","embeddable":true,"href":"https:\/\/aitia.fr\/erd\/wp-json\/wp\/v2\/tags?post=18775"}],"curies":[{"name":"wp","href":"https:\/\/api.w.org\/{rel}","templated":true}]}}