{"id":18383,"date":"2021-06-18T16:01:02","date_gmt":"2021-06-18T14:01:02","guid":{"rendered":"https:\/\/aitia.fr\/erd\/?p=18383"},"modified":"2021-06-18T16:03:45","modified_gmt":"2021-06-18T14:03:45","slug":"focus-n5-avec-le-pr-christian-perronne-les-effets-secondaires-hold-up-media","status":"publish","type":"post","link":"https:\/\/aitia.fr\/erd\/focus-n5-avec-le-pr-christian-perronne-les-effets-secondaires-hold-up-media\/","title":{"rendered":"Focus n\u00b05 avec le Pr Christian Perronne : <br>les effets secondaires des vaccins (HOLD-UP M\u00e9dia)"},"content":{"rendered":"<p style=\"text-align: justify;\">[<em>Note de l&#8217;administrateur de ce blog : nous reviendrons prochainement sur les effets secondaires des &#8220;vaccins&#8221; COVID et sur le syst\u00e8me am\u00e9ricain de surveillance VAERS.<\/em><\/p>\n<p style=\"text-align: justify;\"><em>Et on m\u00e9ditera ce passage (\u00e0 16:32), clair comme de l&#8217;eau de roche contrairement aux <a href=\"https:\/\/t.me\/trottasilvano\/2282\" target=\"_blank\" rel=\"noopener\">discours absurdes de politiciens divers<\/a> :<\/em><\/p>\n<blockquote>\n<p style=\"text-align: justify;\"><em>&#8220;Beaucoup d&#8217;organismes officiels ont condamn\u00e9 tous les m\u00e9dicaments qui marchent, que ce soit l&#8217;hydroxychloroquine, l&#8217;ivermectine, parce que si une agence de r\u00e9gulation des m\u00e9dicaments \u2013 la FDA aux \u00c9tats-Unis, l&#8217;agence du m\u00e9dicament europ\u00e9enne, ou en France l&#8217;agence du m\u00e9dicament qui s&#8217;appelle l&#8217;ANSM \u2013 <strong>si une seule de ces agences reconna\u00eet publiquement qu&#8217;il y a un seul m\u00e9dicament qui marche et qui peut gu\u00e9rir 90% des malades si on le donne suffisamment t\u00f4t, ils n&#8217;ont pas le droit de d\u00e9livrer une autorisation de commercialisation pour les vaccins.<\/strong> \u00c7a s&#8217;appelle une AMM (Autorisation de Mise sur le March\u00e9) Con-di-tion-nelle. <strong>Conditionnelle, \u00e7a veut dire \u00e0 la condition qu&#8217;il n&#8217;y ait pas de traitement efficace.<\/strong>&#8220;<\/em><\/p>\n<\/blockquote>\n<p><\/p>\n<p style=\"text-align: justify;\"><em>On portera aussi attention \u00e0 la derni\u00e8re minute de l&#8217;interview, sur les tests s\u00e9rologiques.<\/p>\n<p style=\"text-align: justify;\">La logique est t\u00eatue, et les m\u00e9decins honn\u00eates aussi, comme ceux de la &#8220;<a href=\"https:\/\/covid19criticalcare.com\/\" target=\"_blank\" rel=\"noopener\">Front Line COVID-19 Critical Care Alliance<\/a>&#8221; qui ont \u00e9labor\u00e9 <a href=\"https:\/\/covid19criticalcare.com\/covid-19-protocols\/\" target=\"_blank\" rel=\"noopener\">plusieurs protocoles de traitement<\/a> correspondant \u00e0 divers stades de la maladie et o\u00f9 l&#8217;ivermectine joue un r\u00f4le central. Et qui les ont m\u00eame traduits en plusieurs langues dont le fran\u00e7ais (exemple pour le <a href=\"https:\/\/covid19criticalcare.com\/wp-content\/uploads\/2020\/12\/FLCCC_Alliance-I-MASKplus-Protocol-FRANCAIS.pdf\" target=\"_blank\" rel=\"noopener\">traitement ambulatoire pr\u00e9coce<\/a>). <\/em><\/p>\n<p style=\"text-align: justify;\">Bien \u00e9couter aussi ce que dit Christian Perronne \u00e0 partir de 24:55, sur les mesures liberticides et en particulier le port obligatoire du masque pour les non-malades, une v\u00e9ritable absurdit\u00e9 m\u00e9dicale.<\/p>\n<hr \/>\n<p style=\"text-align: center;\"><iframe loading=\"lazy\" width=\"640\" height=\"360\" id=\"lbry-iframe\" src=\"https:\/\/odysee.com\/$\/embed\/PERRONNE-FOCUS\/67ab2ce05b6e0d99f8688aaedc666bdb29c3bad1?r=CkhCK66M8fYByJArizSwB43TTg2QZdxv\" allowfullscreen=\"allowfullscreen\"><span style=\"display: inline-block; width: 0px; overflow: hidden; line-height: 0;\" data-mce-type=\"bookmark\" class=\"mce_SELRES_start\">\ufeff<\/span><\/iframe><\/p>\n","protected":false},"excerpt":{"rendered":"<p>[Note de l&#8217;administrateur de ce blog : nous reviendrons prochainement sur les effets secondaires des &#8220;vaccins&#8221; COVID et sur le syst\u00e8me am\u00e9ricain de surveillance VAERS. Et on m\u00e9ditera ce passage (\u00e0 16:32), clair comme de l&#8217;eau de roche contrairement aux discours absurdes de politiciens divers : &#8220;Beaucoup d&#8217;organismes officiels ont condamn\u00e9 tous les m\u00e9dicaments qui [&hellip;]<\/p>\n","protected":false},"author":1,"featured_media":0,"comment_status":"open","ping_status":"open","sticky":false,"template":"","format":"video","meta":[],"categories":[4,133,29],"tags":[1642,1542,1687,854,2276,2307,1730],"_links":{"self":[{"href":"https:\/\/aitia.fr\/erd\/wp-json\/wp\/v2\/posts\/18383"}],"collection":[{"href":"https:\/\/aitia.fr\/erd\/wp-json\/wp\/v2\/posts"}],"about":[{"href":"https:\/\/aitia.fr\/erd\/wp-json\/wp\/v2\/types\/post"}],"author":[{"embeddable":true,"href":"https:\/\/aitia.fr\/erd\/wp-json\/wp\/v2\/users\/1"}],"replies":[{"embeddable":true,"href":"https:\/\/aitia.fr\/erd\/wp-json\/wp\/v2\/comments?post=18383"}],"version-history":[{"count":13,"href":"https:\/\/aitia.fr\/erd\/wp-json\/wp\/v2\/posts\/18383\/revisions"}],"predecessor-version":[{"id":18396,"href":"https:\/\/aitia.fr\/erd\/wp-json\/wp\/v2\/posts\/18383\/revisions\/18396"}],"wp:attachment":[{"href":"https:\/\/aitia.fr\/erd\/wp-json\/wp\/v2\/media?parent=18383"}],"wp:term":[{"taxonomy":"category","embeddable":true,"href":"https:\/\/aitia.fr\/erd\/wp-json\/wp\/v2\/categories?post=18383"},{"taxonomy":"post_tag","embeddable":true,"href":"https:\/\/aitia.fr\/erd\/wp-json\/wp\/v2\/tags?post=18383"}],"curies":[{"name":"wp","href":"https:\/\/api.w.org\/{rel}","templated":true}]}}