{"id":18332,"date":"2021-06-27T21:44:40","date_gmt":"2021-06-27T19:44:40","guid":{"rendered":"https:\/\/aitia.fr\/erd\/?p=18332"},"modified":"2021-09-05T15:55:05","modified_gmt":"2021-09-05T13:55:05","slug":"variations-sur-le-vaers","status":"publish","type":"post","link":"https:\/\/aitia.fr\/erd\/variations-sur-le-vaers\/","title":{"rendered":"Variations sur le VAERS"},"content":{"rendered":"<div id=\"attachment_18575\" style=\"width: 410px\" class=\"wp-caption alignleft\"><img aria-describedby=\"caption-attachment-18575\" decoding=\"async\" loading=\"lazy\" class=\"wp-image-18575\" src=\"https:\/\/aitia.fr\/erd\/wp-content\/uploads\/2021\/06\/elephant-in-the-room.jpg\" alt=\"\" width=\"400\" height=\"215\" srcset=\"https:\/\/aitia.fr\/erd\/wp-content\/uploads\/2021\/06\/elephant-in-the-room.jpg 590w, https:\/\/aitia.fr\/erd\/wp-content\/uploads\/2021\/06\/elephant-in-the-room-300x161.jpg 300w\" sizes=\"(max-width: 400px) 100vw, 400px\" \/><p id=\"caption-attachment-18575\" class=\"wp-caption-text\">&#8220;Parfois, m\u00eame si je me tiens au milieu de la pi\u00e8ce, <br \/>personne ne me remarque.&#8221;<\/p><\/div>\n<p style=\"text-align: justify;\" data-wp-editing=\"1\">Le VAERS, c&#8217;est le <em>Vaccine Adverse Events Reporting System<\/em>, l&#8217;organisme de pharmacovigilance consacr\u00e9 aux vaccins aux \u00c9tats-Unis. Sa <a href=\"https:\/\/wonder.cdc.gov\/vaers.html\" target=\"_blank\" rel=\"noopener\">base de donn\u00e9es<\/a>, modestement intitul\u00e9e <em>Wonder<\/em><span id='easy-footnote-1-18332' class='easy-footnote-margin-adjust'><\/span><span class='easy-footnote'><a href='https:\/\/aitia.fr\/erd\/variations-sur-le-vaers\/#easy-footnote-bottom-1-18332' title='pour &amp;#8220;&lt;em&gt;Wide-ranging ONline Data for Epidemiologic Research&lt;\/em&gt;&amp;#8220;'><sup>1<\/sup><\/a><\/span>, est consultable en ligne de fa\u00e7on relativement ais\u00e9e, contrairement \u00e0 celle de son homologue europ\u00e9en, <a href=\"https:\/\/www.ema.europa.eu\/en\/human-regulatory\/research-development\/pharmacovigilance\/eudravigilance\" target=\"_blank\" rel=\"noopener\">Eudravigilance<\/a><span id='easy-footnote-2-18332' class='easy-footnote-margin-adjust'><\/span><span class='easy-footnote'><a href='https:\/\/aitia.fr\/erd\/variations-sur-le-vaers\/#easy-footnote-bottom-2-18332' title='qui s&amp;#8217;occupe des m\u00e9dicaments en g\u00e9n\u00e9ral, et non des seuls vaccins'><sup>2<\/sup><\/a><\/span> \u2013 pour les courageux, <a href=\"https:\/\/www.francesoir.fr\/opinions-tribunes\/chronique-ndeg48-deja-132-deces-declares-dans-eudravigilance-seulement-26-jours\" target=\"_blank\" rel=\"noopener\">France Soir a d\u00e9taill\u00e9 en janvier 2021<\/a> le mode d&#8217;emploi de cette usine \u00e0 gaz.<\/p>\n<p style=\"text-align: justify;\">On vous l&#8217;a dit et r\u00e9p\u00e9t\u00e9, les vaccins anti-COVID, ayant <a href=\"https:\/\/ourworldindata.org\/vaccination#vaccine-innovation\" target=\"_blank\" rel=\"noopener\">battu tous les records de rapidit\u00e9<\/a> pour leur mise au point, et autoris\u00e9s exceptionnellement en raison de <a href=\"https:\/\/www.francesoir.fr\/videos-les-debriefings\/avec-les-chiffres-les-medias-font-des-erreurs-plus-ou-moins-volontaires\" target=\"_blank\" rel=\"noopener\">l&#8217;urgence de la situation<\/a> et de <a href=\"https:\/\/covid19criticalcare.com\/wp-content\/uploads\/2020\/12\/FLCCC_Alliance-I-MASKplus-Protocol-FRANCAIS.pdf\" target=\"_blank\" rel=\"noopener\">l&#8217;absence de traitements pour la COVID-19<\/a>, sont s\u00fbrs et efficaces. Mais il est bien de confronter les annonces avec la r\u00e9alit\u00e9, or la campagne de vaccination massive d\u00e9but\u00e9e aux \u00c9tats-Unis fin 2020, qui aujourd&#8217;hui aboutit \u00e0 <a href=\"https:\/\/ourworldindata.org\/covid-vaccinations\" target=\"_blank\" rel=\"noopener\">45 % de la population totalement vaccin\u00e9e<\/a> et 53 % ayant re\u00e7u au moins une dose, nous fournit des renseignements pr\u00e9cieux du monde r\u00e9el qu&#8217;aucune \u00e9tude <em>randomis\u00e9e<\/em> en double aveugle \u2013 <em>a fortiori<\/em> si elle est financ\u00e9e par les fabricants de vaccins \u2013 ne pourra jamais fournir.<\/p>\n<p style=\"text-align: justify;\">Le VAERS ne nous apprend rien sur les effets positifs des vaccins, mais nous donne des indications sur leurs effets n\u00e9gatifs, l\u00e9gers ou graves, mort comprise. Certes, un effet ind\u00e9sirable signal\u00e9 \u00e0 la suite d&#8217;une vaccination ne signifie pas qu&#8217;il est d\u00fb \u00e0 cette vaccination \u2013 corr\u00e9lation temporelle n&#8217;est pas causalit\u00e9 \u2013 mais inversement, on sait par exp\u00e9rience que ces effets ind\u00e9sirables r\u00e9ellement imputables \u00e0 une vaccination sont largement sous-d\u00e9clar\u00e9s, un probl\u00e8me <a href=\"https:\/\/vaers.hhs.gov\/data\/dataguide.html\" target=\"_blank\" rel=\"noopener\">que le VAERS lui-m\u00eame signale<\/a>. Par d\u00e9finition difficile \u00e0 \u00e9valuer, cette sous-d\u00e9claration a par exemple \u00e9t\u00e9 \u00e9tudi\u00e9e pour les <a href=\"https:\/\/fr.wikipedia.org\/wiki\/Choc_anaphylactique\" target=\"_blank\" rel=\"noopener\">chocs anaphylactiques<\/a> et les <a href=\"https:\/\/fr.wikipedia.org\/wiki\/Syndrome_de_Guillain-Barr%C3%A9\" target=\"_blank\" rel=\"noopener\">syndromes de Guillain-Barr\u00e9<\/a> (donc des effets ind\u00e9sirables graves) suite \u00e0 certains vaccins, et <a href=\"https:\/\/pubmed.ncbi.nlm.nih.gov\/33039207\/\" target=\"_blank\" rel=\"noopener\">les auteurs de l&#8217;\u00e9tude ont conclu<\/a> qu&#8217;entre 13 et 76 % des anaphylaxies \u00e9taient d\u00e9clar\u00e9es, et entre 12 et 64 % des syndromes de Guillain-Barr\u00e9, suivant les vaccins.<\/p>\n<p><!--more--><\/p>\n<p style=\"text-align: justify;\">De plus, les donn\u00e9es anonymis\u00e9es sont disponibles environ 4 \u00e0 6 semaines apr\u00e8s r\u00e9ception des rapports correspondants <a href=\"https:\/\/vaers.hhs.gov\/data.html\" target=\"_blank\" rel=\"noopener\">d&#8217;apr\u00e8s le VAERS<\/a> \u2013 et sans doute encore plus lorsqu&#8217;un afflux de signalements encombre la cha\u00eene de traitement. Cependant, malgr\u00e9 toutes ces limitations, les donn\u00e9es \u00e0 notre disposition peuvent servir \u00e0 \u00e9tablir des comparaisons entre les &#8220;vaccins&#8221; COVID et les autres, dont les effets sont mieux connus et qui rel\u00e8vent de technologies &#8220;classiques&#8221;. C&#8217;est ce que nous allons faire, en nous limitant aux effets marquants et en \u00e9vitant d&#8217;interpr\u00e9ter des variations subtiles sans int\u00e9r\u00eat.<\/p>\n<p style=\"text-align: justify;\">La base de donn\u00e9es du VAERS permet d&#8217;effectuer des recherches jusqu&#8217;\u00e0 des dates tr\u00e8s recul\u00e9es (par exemple on peut choisir la date de vaccination, ann\u00e9e par ann\u00e9e, jusqu&#8217;en 1980, et il y a m\u00eame une cat\u00e9gorie &#8220;de 1900 \u00e0 1980&#8221;) mais le VAERS lui-m\u00eame pr\u00e9cise : &#8220;Les informations dans cette base de donn\u00e9es concernent des rapports re\u00e7us depuis 1990 jusqu&#8217;\u00e0 aujourd&#8217;hui.&#8221;<span id='easy-footnote-3-18332' class='easy-footnote-margin-adjust'><\/span><span class='easy-footnote'><a href='https:\/\/aitia.fr\/erd\/variations-sur-le-vaers\/#easy-footnote-bottom-3-18332' title='&amp;#8220;The information in this database contains reports received from 1990 to the present.&amp;#8221;'><sup>3<\/sup><\/a><\/span> Nous n&#8217;irons donc pas plus loin que 1990 pour effectuer nos recherches comparatives.<\/p>\n<p style=\"text-align: justify;\">Il n&#8217;y a pas moins de 12 rubriques \u00e0 compl\u00e9ter pour interroger la base, et certaines comportent un grand nombre de possibilit\u00e9s (comme la n\u00b02 qui permet de s\u00e9lectionner les sympt\u00f4mes). Il est cependant possible de limiter l&#8217;effort et le temps pass\u00e9 en laissant de nombreux champs \u00e0 leur valeur par d\u00e9faut et en ne pr\u00e9cisant que quelques param\u00e8tres. Par exemple, en choisissant dans la rubrique 1 &#8220;Year Vaccinated&#8221; (ann\u00e9e de vaccination) uniquement, en sautant directement \u00e0 la rubrique 5 pour y s\u00e9lectionner &#8220;Death&#8221; (d\u00e9c\u00e8s) dans la rubrique &#8220;Event Category&#8221; (type d&#8217;\u00e9v\u00e9nement) et en s\u00e9lectionnant dans la rubrique 9 (&#8220;Select vaccination dates&#8221;) toutes les ann\u00e9es depuis 1990 jusqu&#8217;\u00e0 2021 puis en cliquant sur &#8220;Send&#8221; (envoyer) depuis n&#8217;importe laquelle des rubriques, on obtient les d\u00e9c\u00e8s signal\u00e9s apr\u00e8s vaccination, <strong>tous vaccins confondus<\/strong>, de 1990 \u00e0 2021. Et on s&#8217;aper\u00e7oit, chose frappante, que <strong>plus de la moiti\u00e9 du total<\/strong> (qui est de 8 603) concerne l&#8217;ann\u00e9e 2021 \u2013 qui est loin d&#8217;\u00eatre termin\u00e9e, rappelons-le. Un petit dessin valant mieux qu&#8217;un long discours, et le VAERS nous offrant un outil de visualisation fort pratique, voici la traduction en images de ce qui pr\u00e9c\u00e8de :<\/p>\n<div id=\"attachment_18537\" style=\"width: 586px\" class=\"wp-caption aligncenter\"><img aria-describedby=\"caption-attachment-18537\" decoding=\"async\" loading=\"lazy\" class=\"size-full wp-image-18537\" src=\"https:\/\/aitia.fr\/erd\/wp-content\/uploads\/2021\/06\/deaths-by-year-vaccinated-all-vaccines.jpeg\" alt=\"\" width=\"576\" height=\"450\" srcset=\"https:\/\/aitia.fr\/erd\/wp-content\/uploads\/2021\/06\/deaths-by-year-vaccinated-all-vaccines.jpeg 576w, https:\/\/aitia.fr\/erd\/wp-content\/uploads\/2021\/06\/deaths-by-year-vaccinated-all-vaccines-300x234.jpeg 300w\" sizes=\"(max-width: 576px) 100vw, 576px\" \/><p id=\"caption-attachment-18537\" class=\"wp-caption-text\">D\u00e9c\u00e8s signal\u00e9s par ann\u00e9e de vaccination, <strong>tous vaccins confondus <\/strong>; le total est 8 603.<\/p><\/div>\n<p style=\"text-align: justify;\">Comme on dit aux \u00e9tudiants, la variation observ\u00e9e pour 2021 (et m\u00eame, dans une certaine mesure, pour 2020) n&#8217;est pas vraiment &#8220;dans l&#8217;\u00e9paisseur du trait&#8221;. Il se passe vraiment quelque chose de bizarre. Alors certes, diront \u2013 avec raison \u2013 les optimistes, la vaccination anti-COVID est un \u00e9v\u00e9nement singulier pour lequel ont \u00e9t\u00e9 vaccin\u00e9es en priorit\u00e9 des personnes fragiles, donc le plus souvent tr\u00e8s \u00e2g\u00e9es et \u00e0 l&#8217;esp\u00e9rance de vie limit\u00e9e (&#8220;r\u00e9siduelle&#8221;, <a href=\"https:\/\/www.youtube.com\/watch?v=vbnRxx_h7CY\" target=\"_blank\" rel=\"noopener\">disait Laurent Alexandre<\/a> pour justifier la prise de risque avec des vaccins exp\u00e9rimentaux). C&#8217;est exact. Qu&#8217;\u00e0 cela ne tienne, le VAERS nous offre aussi la possibilit\u00e9 de s\u00e9lectionner l&#8217;\u00e2ge des patients (rubrique 4) et nous pouvons par exemple s\u00e9lectionner toutes les tranches de 18 \u00e0 49 ans, afin de ne garder que des personnes, sinon en pleine sant\u00e9, du moins pas diminu\u00e9es par l&#8217;\u00e2ge<span id='easy-footnote-4-18332' class='easy-footnote-margin-adjust'><\/span><span class='easy-footnote'><a href='https:\/\/aitia.fr\/erd\/variations-sur-le-vaers\/#easy-footnote-bottom-4-18332' title='La vaccination anti-COVID n&amp;#8217;ayant concern\u00e9 que des adultes jusqu&amp;#8217;\u00e0 tr\u00e8s r\u00e9cemment, il para\u00eet logique d&amp;#8217;exclure les \u00e2ges inf\u00e9rieurs pour une comparaison valable, surtout qu&amp;#8217;une large majorit\u00e9 des d\u00e9c\u00e8s signal\u00e9s apr\u00e8s vaccination concerne, en temps normal, des b\u00e9b\u00e9s de moins de 6 mois.'><sup>4<\/sup><\/a><\/span>. Cette restriction \u00e9tant faite, nous n&#8217;obtenons plus cette fois que 580 d\u00e9c\u00e8s&#8230; mais la r\u00e9partition suivant les ann\u00e9es n&#8217;est pas vraiment plus rassurante :<\/p>\n<div id=\"attachment_18538\" style=\"width: 586px\" class=\"wp-caption aligncenter\"><img aria-describedby=\"caption-attachment-18538\" decoding=\"async\" loading=\"lazy\" class=\"wp-image-18538 size-full\" src=\"https:\/\/aitia.fr\/erd\/wp-content\/uploads\/2021\/06\/deaths-by-year-vaccinated-all-vaccines-18-49-years.jpeg\" alt=\"\" width=\"576\" height=\"450\" srcset=\"https:\/\/aitia.fr\/erd\/wp-content\/uploads\/2021\/06\/deaths-by-year-vaccinated-all-vaccines-18-49-years.jpeg 576w, https:\/\/aitia.fr\/erd\/wp-content\/uploads\/2021\/06\/deaths-by-year-vaccinated-all-vaccines-18-49-years-300x234.jpeg 300w\" sizes=\"(max-width: 576px) 100vw, 576px\" \/><p id=\"caption-attachment-18538\" class=\"wp-caption-text\">D\u00e9c\u00e8s signal\u00e9s par ann\u00e9e de vaccination, <br \/><strong>tous vaccins confondus<\/strong>, de 18 \u00e0 49 ans. (total : 581)<\/p><\/div>\n<p style=\"text-align: justify;\">L&#8217;hypoth\u00e8se &#8220;c&#8217;est les vieux qui cr\u00e8vent et ils seraient morts de toute fa\u00e7on&#8221; n&#8217;est donc pas valable. Une autre fa\u00e7on de le v\u00e9rifier est de limiter l&#8217;intervalle entre la vaccination et le d\u00e9c\u00e8s (rubrique 5, &#8220;Onset Interval&#8221;) : on peut par exemple choisir &#8220;0 days&#8221; (bizarrement au pluriel) pour signifier qu&#8217;on ne s&#8217;int\u00e9resse qu&#8217;aux d\u00e9c\u00e8s survenus dans les 24 h suivant la vaccination. On peut raisonnablement penser qu&#8217;aucun(e) infirmier(e) ne pousserait le vice jusqu&#8217;\u00e0 planter une aiguille dans une personne mourante. On obtient cette fois (tous \u00e2ges confondus) un peu moins de 1200 d\u00e9c\u00e8s et la r\u00e9partition suivante :<\/p>\n<div id=\"attachment_18540\" style=\"width: 586px\" class=\"wp-caption aligncenter\"><img aria-describedby=\"caption-attachment-18540\" decoding=\"async\" loading=\"lazy\" class=\"wp-image-18540 size-full\" src=\"https:\/\/aitia.fr\/erd\/wp-content\/uploads\/2021\/06\/deaths-by-year-vaccinated-all-vaccines-0-day-onset-interval.jpeg\" alt=\"\" width=\"576\" height=\"450\" srcset=\"https:\/\/aitia.fr\/erd\/wp-content\/uploads\/2021\/06\/deaths-by-year-vaccinated-all-vaccines-0-day-onset-interval.jpeg 576w, https:\/\/aitia.fr\/erd\/wp-content\/uploads\/2021\/06\/deaths-by-year-vaccinated-all-vaccines-0-day-onset-interval-300x234.jpeg 300w\" sizes=\"(max-width: 576px) 100vw, 576px\" \/><p id=\"caption-attachment-18540\" class=\"wp-caption-text\">D\u00e9c\u00e8s signal\u00e9s par ann\u00e9e de vaccination, moins de 24 h apr\u00e8s vaccination, <br \/><strong>tous vaccins confondus.<\/strong> <br \/>(total : 1 197)<\/p><\/div>\n<p style=\"text-align: justify;\">On peut aussi cumuler les deux crit\u00e8res (d\u00e9c\u00e8s le jour m\u00eame et \u00e2ge compris entre 18 et 49 ans), ce qui donne seulement 90 d\u00e9c\u00e8s&#8230; mais toujours plus de la moiti\u00e9 pour 2021 :<\/p>\n<div id=\"attachment_18541\" style=\"width: 586px\" class=\"wp-caption aligncenter\"><img aria-describedby=\"caption-attachment-18541\" decoding=\"async\" loading=\"lazy\" class=\"wp-image-18541 size-full\" src=\"https:\/\/aitia.fr\/erd\/wp-content\/uploads\/2021\/06\/deaths-by-year-vaccinated-all-vaccines-18-49-years-0-day-onset-interval.jpeg\" alt=\"\" width=\"576\" height=\"450\" srcset=\"https:\/\/aitia.fr\/erd\/wp-content\/uploads\/2021\/06\/deaths-by-year-vaccinated-all-vaccines-18-49-years-0-day-onset-interval.jpeg 576w, https:\/\/aitia.fr\/erd\/wp-content\/uploads\/2021\/06\/deaths-by-year-vaccinated-all-vaccines-18-49-years-0-day-onset-interval-300x234.jpeg 300w\" sizes=\"(max-width: 576px) 100vw, 576px\" \/><p id=\"caption-attachment-18541\" class=\"wp-caption-text\">D\u00e9c\u00e8s signal\u00e9s par ann\u00e9e de vaccination, moins de 24 h apr\u00e8s vaccination, <br \/><strong>tous vaccins confondus, de 18 \u00e0 49 ans.<\/strong> <br \/>(total : 90)<\/p><\/div>\n<p style=\"text-align: justify;\">De rarissime entre 1990 et 2020 (de 0 \u00e0 5 d\u00e9c\u00e8s par an rapport\u00e9s), ce genre d&#8217;\u00e9v\u00e9nement est devenu en 2021 beaucoup moins rare, puisqu&#8217;on approche une cinquantaine de d\u00e9c\u00e8s, alors que l&#8217;ann\u00e9e est loin d&#8217;\u00eatre termin\u00e9e et que les donn\u00e9es disponibles sont tr\u00e8s incompl\u00e8tes \u00e0 partir du mois de mai au minimum. Comment peut-on le savoir ? En demandant par exemple le nombre d&#8217;effets ind\u00e9sirables graves (rubrique 5 : &#8220;Serious&#8221; \u2192 &#8220;Yes&#8221;) par mois de vaccination (rubrique 1 : &#8220;Month Vaccinated&#8221;), sur une ann\u00e9e quelconque du pass\u00e9, puis en faisant la m\u00eame chose pour 2021 :<\/p>\n<div id=\"attachment_18558\" style=\"width: 460px\" class=\"wp-caption aligncenter\"><img aria-describedby=\"caption-attachment-18558\" decoding=\"async\" loading=\"lazy\" class=\"size-full wp-image-18558\" src=\"https:\/\/aitia.fr\/erd\/wp-content\/uploads\/2021\/06\/severe-AE-by-month-3-592-2019-all-vaccines-1.jpeg\" alt=\"\" width=\"450\" height=\"450\" srcset=\"https:\/\/aitia.fr\/erd\/wp-content\/uploads\/2021\/06\/severe-AE-by-month-3-592-2019-all-vaccines-1.jpeg 450w, https:\/\/aitia.fr\/erd\/wp-content\/uploads\/2021\/06\/severe-AE-by-month-3-592-2019-all-vaccines-1-300x300.jpeg 300w, https:\/\/aitia.fr\/erd\/wp-content\/uploads\/2021\/06\/severe-AE-by-month-3-592-2019-all-vaccines-1-150x150.jpeg 150w\" sizes=\"(max-width: 450px) 100vw, 450px\" \/><p id=\"caption-attachment-18558\" class=\"wp-caption-text\">Effets ind\u00e9sirables graves d\u00e9clar\u00e9s par mois de vaccination pour l&#8217;ann\u00e9e 2019, tous vaccins confondus (3 592 \u00e9v\u00e9nements recens\u00e9s).<\/p><\/div>\n<div id=\"attachment_18560\" style=\"width: 460px\" class=\"wp-caption aligncenter\"><img aria-describedby=\"caption-attachment-18560\" decoding=\"async\" loading=\"lazy\" class=\"size-full wp-image-18560\" src=\"https:\/\/aitia.fr\/erd\/wp-content\/uploads\/2021\/06\/severe-AE-by-month-28-991-2021-all-vaccines.jpeg\" alt=\"\" width=\"450\" height=\"450\" srcset=\"https:\/\/aitia.fr\/erd\/wp-content\/uploads\/2021\/06\/severe-AE-by-month-28-991-2021-all-vaccines.jpeg 450w, https:\/\/aitia.fr\/erd\/wp-content\/uploads\/2021\/06\/severe-AE-by-month-28-991-2021-all-vaccines-300x300.jpeg 300w, https:\/\/aitia.fr\/erd\/wp-content\/uploads\/2021\/06\/severe-AE-by-month-28-991-2021-all-vaccines-150x150.jpeg 150w\" sizes=\"(max-width: 450px) 100vw, 450px\" \/><p id=\"caption-attachment-18560\" class=\"wp-caption-text\">Effets ind\u00e9sirables graves d\u00e9clar\u00e9s par mois de vaccination pour l&#8217;ann\u00e9e 2021, tous vaccins confondus (28 991 \u00e9v\u00e9nements recens\u00e9s).<\/p><\/div>\n<p style=\"text-align: justify;\">On voit clairement que si la baisse de mars \u00e0 avril peut encore \u00e0 la rigueur \u00eatre imput\u00e9e aux fluctuations al\u00e9atoires, ce n&#8217;est certainement plus le cas \u00e0 partir du mois de mai. Et on remarque \u00e9galement que le nombre d&#8217;\u00e9v\u00e9nements graves recens\u00e9s pour les premiers mois de 2021 est 8 fois sup\u00e9rieur \u00e0 celui de l&#8217;ann\u00e9e 2019 enti\u00e8re : les donn\u00e9es, encore embryonnaires, du mois de juin 2021 (427 cas) sont presque au niveau du maximum de 2019 (494 cas), le mois d&#8217;octobre.<\/p>\n<p style=\"text-align: justify;\">Oui mais, diront encore les confiants ind\u00e9crottables, on ne peut pas comparer une vaccination de masse exceptionnelle comme celle-ci aux vaccinations &#8220;au fil de l&#8217;eau&#8221; habituelles, concernant un nombre bien moins grand de personnes. Et ils auront raison. Comment faire pour s&#8217;affranchir de ce biais, ou au moins pouvoir l&#8217;estimer afin de le corriger ? La majorit\u00e9 des vaccinations interviennent au cours de l&#8217;enfance, en fonction du programme de vaccination recommand\u00e9 par les autorit\u00e9s sanitaires locales. Actuellement aux \u00c9tats-Unis, <a href=\"https:\/\/www.cdc.gov\/vaccines\/schedules\/hcp\/imz\/child-adolescent.html\" target=\"_blank\" rel=\"noopener\">une vingtaine de vaccins sont recommand\u00e9s<\/a><span id='easy-footnote-5-18332' class='easy-footnote-margin-adjust'><\/span><span class='easy-footnote'><a href='https:\/\/aitia.fr\/erd\/variations-sur-le-vaers\/#easy-footnote-bottom-5-18332' title='On raisonne bien s\u00fbr par maladie et non par produit pharmaceutique.'><sup>5<\/sup><\/a><\/span> de la naissance \u00e0 18 ans. Sachant qu&#8217;il na\u00eet aux USA environ <a href=\"https:\/\/www.statista.com\/statistics\/195908\/number-of-births-in-the-united-states-since-1990\/\" target=\"_blank\" rel=\"noopener\">3,75 millions de b\u00e9b\u00e9s par an<\/a>, si chacun d&#8217;entre eux respectait le programme vaccinal cela ferait environ <strong>75 millions de vaccinations par an<\/strong>. Certes il y a bien quelques r\u00e9calcitrants, <a href=\"https:\/\/www.cnews.fr\/monde\/2021-03-29\/covid-19-une-communaute-amish-t-elle-atteint-limmunite-collective-1064364\" target=\"_blank\" rel=\"noopener\">Amish<\/a> ou autres, mais assez peu, et il existe \u00e9galement des vaccinations \u00e0 l&#8217;\u00e2ge adulte, certes bien moins importantes en nombre \u2013 sauf peut-\u00eatre pour la grippe, r\u00e9cente vache \u00e0 lait pharmaceutique \u2013 dont nous n&#8217;avons pas tenu compte.<\/p>\n<p style=\"text-align: justify;\">[<em><strong>Remarque compl\u00e9mentaire du 5 septembre 2021 :<\/strong> <a href=\"https:\/\/www.hrsa.gov\/sites\/default\/files\/hrsa\/vaccine-compensation\/data\/data-statistics-report.pdf\" target=\"_blank\" rel=\"noopener\">la HRSA rapporte<\/a> que selon les CDC, <span id=\"page3R_mcid125\" class=\"markedContent\"><span dir=\"ltr\" role=\"presentation\">4 092 757 049<\/span><\/span> doses de vaccin ont \u00e9t\u00e9 distribu\u00e9es entre le 01\/01\/2006 et le 31\/12\/2019 aux USA, ce qui fait une moyenne de plus de 292 millions par an sur 14 ans, tr\u00e8s probablement \u00e0 la hausse. Mon hypoth\u00e8se de 75 millions de vaccinations par an \u00e9tait donc prudente, m\u00eame \u00e0 3 doses par vaccin (qui feraient 225 millions de doses par an).<\/em>]<\/p>\n<p style=\"text-align: justify;\">Pour la COVID-19, il y a actuellement aux \u00c9tats-Unis <a href=\"https:\/\/ourworldindata.org\/covid-vaccinations\" target=\"_blank\" rel=\"noopener\">45 % de la population enti\u00e8rement vaccin\u00e9e<\/a>&#8230; mais on n&#8217;arrivait fin avril qu&#8217;\u00e0 30 %, or les donn\u00e9es du VAERS sont visiblement tr\u00e8s incompl\u00e8tes pour les plus r\u00e9centes et le graphe ci-dessus nous incite \u00e0 faire comme si nous ne disposions que des 4 premiers mois de vaccination de l&#8217;ann\u00e9e. Et comme si les effets ind\u00e9sirables graves n&#8217;adviennent pas avec un retard de plusieurs mois ou davantage&#8230;<\/p>\n<p style=\"text-align: justify;\">Bref, 30 % d&#8217;une population de 330 millions d&#8217;habitants valant <strong>100 millions<\/strong>, on voit finalement que la comparaison, <strong>\u00e0 ce moment de l&#8217;ann\u00e9e 2021<\/strong>, entre les effets ind\u00e9sirables <strong>annuels<\/strong> de la totalit\u00e9 des vaccins hors COVID d&#8217;une part, et ceux <strong>r\u00e9pertori\u00e9s \u00e0 ce jour pour 2021<\/strong> des vaccins anti-COVID d&#8217;autre part, n&#8217;est pas idiote : il y a bien un risque de surestimation (d&#8217;un tiers, d&#8217;apr\u00e8s notre calcul rapide) de la nocivit\u00e9 des vaccins anti-COVID mais, \u00e0 100 contre 75 millions, on reste n\u00e9anmoins dans le m\u00eame ordre de grandeur d&#8217;actes de vaccination. Une analyse moins grossi\u00e8re \u00e0 partir de donn\u00e9es plus pr\u00e9cises serait certainement utile, mais ce n&#8217;est pas le but de cet article : <strong>il est plut\u00f4t de convaincre chacun qu&#8217;il peut, avec un minimum de recherche et d&#8217;esprit critique, se faire lui-m\u00eame une id\u00e9e plut\u00f4t que de faire confiance aux &#8220;experts&#8221;<\/strong>.<\/p>\n<p style=\"text-align: justify;\">Vu le nombre de param\u00e8tres \u00e0 choisir dans <em>Wonder<\/em>, il serait possible d&#8217;\u00e9crire une th\u00e8se rien qu&#8217;en tournant les boutons de la base de donn\u00e9es<span id='easy-footnote-6-18332' class='easy-footnote-margin-adjust'><\/span><span class='easy-footnote'><a href='https:\/\/aitia.fr\/erd\/variations-sur-le-vaers\/#easy-footnote-bottom-6-18332' title='Certains pr\u00e9tendent que c&amp;#8217;est le genre d&amp;#8217;activit\u00e9 qu&amp;#8217;affectionnent certains professeurs d&amp;#8217;universit\u00e9 et patrons de laboratoire, et que c&amp;#8217;est la raison pour laquelle ils sont pr\u00eats \u00e0 tout pour acqu\u00e9rir tr\u00e8s cher les appareils de recherche poss\u00e9dant le plus de boutons possible. Nous laisserons de c\u00f4t\u00e9 cette m\u00e9disance indigne.'><sup>6<\/sup><\/a><\/span>. Mais cet article \u00e9tant d\u00e9j\u00e0 bien long pour le temps de cerveau disponible de l&#8217;\u00eatre humain moyen, <em>a fortiori<\/em> sous pression mentale covidienne, on se contentera de rajouter une note finale optimiste en ne parlant plus de d\u00e9c\u00e8s, mais seulement de myocardites et de thromboses graves, puisqu&#8217;il semble que ce sont deux signatures assez typiques des &#8220;vaccins&#8221; anti-COVID.<\/p>\n<p style=\"text-align: justify;\">Des myocardites \u2013 certaines graves voire mortelles \u2013 ont \u00e9t\u00e9 signal\u00e9es apr\u00e8s vaccination anti-COVID par les media, chez des personnes jeunes et en bonne sant\u00e9, <a href=\"https:\/\/www.linternaute.com\/actualite\/guide-vie-quotidienne\/2526190-vaccin-pfizer-des-cas-de-myocardite-lies-a-l-injection\/\" target=\"_blank\" rel=\"noopener\">particuli\u00e8rement en Isra\u00ebl<\/a>, pays \u00e0 la pointe de la vaccination, chez de jeunes hommes. S&#8217;agit-il d&#8217;une l\u00e9gende urbaine conspirationniste ou d&#8217;un ph\u00e9nom\u00e8ne m\u00e9dical r\u00e9el ? Pour le savoir, il suffit de rechercher &#8220;myocarditis&#8221; \u00e0 la section 2, de s\u00e9lectionner l&#8217;ensemble des r\u00e9sultats obtenus<span id='easy-footnote-7-18332' class='easy-footnote-margin-adjust'><\/span><span class='easy-footnote'><a href='https:\/\/aitia.fr\/erd\/variations-sur-le-vaers\/#easy-footnote-bottom-7-18332' title='Je n&amp;#8217;ai pas retenu &amp;#8220;Diphteria&amp;#8221; qui semble hors-sujet.'><sup>7<\/sup><\/a><\/span>, de ne pas oublier de s\u00e9lectionner &#8220;Yes&#8221; pour &#8220;Serious&#8221; \u00e0 la section 5 si l&#8217;on souhaite se limiter aux myocardites graves, et on obtient 1007 cas&#8230; dont 764, soit 75,9 %, pour 2021. Le graphique est parlant :<\/p>\n<div id=\"attachment_18571\" style=\"width: 586px\" class=\"wp-caption aligncenter\"><img aria-describedby=\"caption-attachment-18571\" decoding=\"async\" loading=\"lazy\" class=\"wp-image-18571 size-full\" src=\"https:\/\/aitia.fr\/erd\/wp-content\/uploads\/2021\/06\/myocarditis-severe-only-by-year-vaccinated-all-vaccines.jpeg\" alt=\"\" width=\"576\" height=\"450\" srcset=\"https:\/\/aitia.fr\/erd\/wp-content\/uploads\/2021\/06\/myocarditis-severe-only-by-year-vaccinated-all-vaccines.jpeg 576w, https:\/\/aitia.fr\/erd\/wp-content\/uploads\/2021\/06\/myocarditis-severe-only-by-year-vaccinated-all-vaccines-300x234.jpeg 300w\" sizes=\"(max-width: 576px) 100vw, 576px\" \/><p id=\"caption-attachment-18571\" class=\"wp-caption-text\">Myocardites graves signal\u00e9es par ann\u00e9e de vaccination, tous vaccins confondus.<\/p><\/div>\n<p style=\"text-align: justify;\">Terminons par les cas de <a href=\"https:\/\/fr.wikipedia.org\/wiki\/Thrombose\" target=\"_blank\" rel=\"noopener\">thrombose<\/a> grave, ce qui n\u00e9cessite de faire une recherche avec le mot &#8220;thrombosis&#8221; \u00e0 la section 2, de s\u00e9lectionner l&#8217;ensemble des r\u00e9sultats obtenus, et de s\u00e9lectionner &#8220;Yes&#8221; pour &#8220;Serious&#8221; \u00e0 la section 5. On obtient 2 363 cas&#8230; dont 2 113 pour 2021 soit 89,4%. Sans appel, et graphiquement impressionnant :<\/p>\n<div id=\"attachment_18568\" style=\"width: 586px\" class=\"wp-caption aligncenter\"><img aria-describedby=\"caption-attachment-18568\" decoding=\"async\" loading=\"lazy\" class=\"size-full wp-image-18568\" src=\"https:\/\/aitia.fr\/erd\/wp-content\/uploads\/2021\/06\/thrombosis-severe-only-by-year-vaccinated-all-vaccines.jpeg\" alt=\"\" width=\"576\" height=\"450\" srcset=\"https:\/\/aitia.fr\/erd\/wp-content\/uploads\/2021\/06\/thrombosis-severe-only-by-year-vaccinated-all-vaccines.jpeg 576w, https:\/\/aitia.fr\/erd\/wp-content\/uploads\/2021\/06\/thrombosis-severe-only-by-year-vaccinated-all-vaccines-300x234.jpeg 300w\" sizes=\"(max-width: 576px) 100vw, 576px\" \/><p id=\"caption-attachment-18568\" class=\"wp-caption-text\">Thromboses graves signal\u00e9es par ann\u00e9e de vaccination, tous vaccins confondus.<\/p><\/div>\n<p style=\"text-align: justify;\">Il est bien s\u00fbr possible d&#8217;affiner la recherche par tranche d&#8217;\u00e2ge, par sexe etc&#8230; que chacun assaisonne \u00e0 sa convenance !<\/p>\n<p style=\"text-align: justify;\">Le ph\u00e9nom\u00e8ne auquel nous assistons \u2013 et je ne parle pas de l&#8217;\u00e9pid\u00e9mie de COVID-19 \u2013 est de toute \u00e9vidence plus que significatif. \u00c0 tel point qu&#8217;un des pionniers, <a href=\"https:\/\/www.rwmalonemd.com\/mrna-vaccine-inventor\" target=\"_blank\" rel=\"noopener\">sinon <em>le<\/em> pionnier<\/a> de la vaccination \u00e0 ARN, le Dr Robert Malone \u2013 lui-m\u00eame vaccin\u00e9 parce qu&#8217;il en avait besoin pour voyager, et parce qu&#8217;il pensait que la vaccination permettait de lutter contre <a href=\"https:\/\/www.youtube.com\/watch?v=k1Hy1MhPODA\" target=\"_blank\" rel=\"noopener\">les sympt\u00f4mes du &#8220;COVID long&#8221;<\/a> dont il souffre \u2013 s&#8217;est r\u00e9cemment mis <a href=\"https:\/\/www.foxnews.com\/media\/tucker-carlson-mrna-vaccine-inventor\" target=\"_blank\" rel=\"noopener\">\u00e0 avertir ses concitoyens<\/a> des dangers de cette vaccination qu&#8217;il estime beaucoup trop risqu\u00e9e, en particulier pour les jeunes et pour les femmes en \u00e2ge de procr\u00e9er. En compagnie d&#8217;un entrepreneur, <a href=\"https:\/\/trialsitenews.com\/should-you-get-vaccinated\/\" target=\"_blank\" rel=\"noopener\">Steve Kirsch<\/a>, lui aussi vaccin\u00e9 (ainsi que ses trois filles), il a \u00e9t\u00e9 interrog\u00e9 par <a href=\"https:\/\/en.wikipedia.org\/wiki\/Bret_Weinstein\" target=\"_blank\" rel=\"noopener\">Bret Weinstein<\/a>, docteur en biologie sp\u00e9cialiste de l&#8217;\u00e9volution, dans un long entretien de plus de 3 h qui a fait environ 600 000 vues sur YouTube en une semaine&#8230; avant d&#8217;\u00eatre supprim\u00e9 par la police de la pens\u00e9e, bien \u00e9videmment (mais ce n&#8217;est pas grave, <a href=\"https:\/\/odysee.com\/@voicesforfreedom:6\/SteveKirschWinterstein:a\" target=\"_blank\" rel=\"noopener\">il s&#8217;est multipli\u00e9 sur Odysee<\/a><span id='easy-footnote-8-18332' class='easy-footnote-margin-adjust'><\/span><span class='easy-footnote'><a href='https:\/\/aitia.fr\/erd\/variations-sur-le-vaers\/#easy-footnote-bottom-8-18332' title='Ne pas oublier de d\u00e9rouler la description de la vid\u00e9o, qui donne un descriptif tr\u00e8s d\u00e9taill\u00e9 de son contenu avec des rep\u00e8res de temps pr\u00e9cieux.'><sup>8<\/sup><\/a><\/span>).<\/p>\n<p style=\"text-align: justify;\">La balance b\u00e9n\u00e9fice\/risques penche du bon c\u00f4t\u00e9, nous dit-on. Vu l&#8217;ampleur apparente des risques, il faudrait donc que les b\u00e9n\u00e9fices soient particuli\u00e8rement massifs. Cette balance est bien s\u00fbr diff\u00e9rente suivant les \u00e2ges, et sans doute meilleure pour les personnes \u00e2g\u00e9es que pour les jeunes&#8230; m\u00eame si <a href=\"https:\/\/infodujour.fr\/societe\/50183-douze-morts-du-covid-en-belgique-tous-etaient-vaccines\" target=\"_blank\" rel=\"noopener\">certains \u00e9v\u00e9nements r\u00e9cents<\/a> font \u00e9galement douter de l&#8217;efficacit\u00e9 de la vaccination pour \u00e9viter les formes graves de la maladie chez les plus fragiles de nos a\u00een\u00e9s.<\/p>\n<p style=\"text-align: justify;\">Quoi qu&#8217;il en soit, chacun peut aujourd&#8217;hui au prix d&#8217;un effort mod\u00e9r\u00e9 de documentation, de compr\u00e9hension et de p\u00e9dagogie envers ses proches, contribuer \u00e0 \u00e9claircir une situation particuli\u00e8rement troublante, o\u00f9 il semble qu&#8217;il soit devenu n\u00e9cessaire de recourir <a href=\"https:\/\/aitia.fr\/erd\/le-maire-de-new-york-attire-les-reticents-a-la-vaccination-avec-des-frites-et-des-hamburgers\/\" target=\"_blank\" rel=\"noopener\">aux incitations les plus futiles<\/a> pour convaincre la population de se faire injecter une th\u00e9rapie g\u00e9nique exp\u00e9rimentale.<\/p>\n<p style=\"text-align: justify;\">Mais surtout, que tout le monde se m\u00e9fie des biais cognitifs, bien connus de ceux qui nous gouvernent, puisqu&#8217;ils en revendiquent l&#8217;utilisation !<\/p>\n<p style=\"text-align: center;\"><iframe loading=\"lazy\" width=\"640\" height=\"360\" src=\"https:\/\/www.youtube.com\/embed\/s_5AX0Ew4Lo\" title=\"YouTube video player\" frameborder=\"0\" allow=\"accelerometer; autoplay; clipboard-write; encrypted-media; gyroscope; picture-in-picture\" allowfullscreen=\"allowfullscreen\"><\/iframe><\/p>\n","protected":false},"excerpt":{"rendered":"<p>Le VAERS, c&#8217;est le Vaccine Adverse Events Reporting System, l&#8217;organisme de pharmacovigilance consacr\u00e9 aux vaccins aux \u00c9tats-Unis. Sa base de donn\u00e9es, modestement intitul\u00e9e Wonder, est consultable en ligne de fa\u00e7on relativement ais\u00e9e, contrairement \u00e0 celle de son homologue europ\u00e9en, Eudravigilance \u2013 pour les courageux, France Soir a d\u00e9taill\u00e9 en janvier 2021 le mode d&#8217;emploi de [&hellip;]<\/p>\n","protected":false},"author":1,"featured_media":0,"comment_status":"open","ping_status":"open","sticky":false,"template":"","format":"standard","meta":[],"categories":[3,29,6],"tags":[2326,425,1542,1942,770,48,2328,2282,2324,2325,2277,1730,2327],"_links":{"self":[{"href":"https:\/\/aitia.fr\/erd\/wp-json\/wp\/v2\/posts\/18332"}],"collection":[{"href":"https:\/\/aitia.fr\/erd\/wp-json\/wp\/v2\/posts"}],"about":[{"href":"https:\/\/aitia.fr\/erd\/wp-json\/wp\/v2\/types\/post"}],"author":[{"embeddable":true,"href":"https:\/\/aitia.fr\/erd\/wp-json\/wp\/v2\/users\/1"}],"replies":[{"embeddable":true,"href":"https:\/\/aitia.fr\/erd\/wp-json\/wp\/v2\/comments?post=18332"}],"version-history":[{"count":105,"href":"https:\/\/aitia.fr\/erd\/wp-json\/wp\/v2\/posts\/18332\/revisions"}],"predecessor-version":[{"id":19706,"href":"https:\/\/aitia.fr\/erd\/wp-json\/wp\/v2\/posts\/18332\/revisions\/19706"}],"wp:attachment":[{"href":"https:\/\/aitia.fr\/erd\/wp-json\/wp\/v2\/media?parent=18332"}],"wp:term":[{"taxonomy":"category","embeddable":true,"href":"https:\/\/aitia.fr\/erd\/wp-json\/wp\/v2\/categories?post=18332"},{"taxonomy":"post_tag","embeddable":true,"href":"https:\/\/aitia.fr\/erd\/wp-json\/wp\/v2\/tags?post=18332"}],"curies":[{"name":"wp","href":"https:\/\/api.w.org\/{rel}","templated":true}]}}