{"id":18253,"date":"2021-05-29T08:02:34","date_gmt":"2021-05-29T06:02:34","guid":{"rendered":"https:\/\/aitia.fr\/erd\/?p=18253"},"modified":"2021-05-29T08:02:34","modified_gmt":"2021-05-29T06:02:34","slug":"inde-covid-et-ivermectine-suite-dr-gerard-maudrux","status":"publish","type":"post","link":"https:\/\/aitia.fr\/erd\/inde-covid-et-ivermectine-suite-dr-gerard-maudrux\/","title":{"rendered":"Inde : Covid et Ivermectine, suite (Dr G\u00e9rard Maudrux)"},"content":{"rendered":"<p style=\"text-align: justify;\"><a href=\"https:\/\/www.ledevoir.com\/monde\/599316\/i-covidbat-un-nouveau-record-de-cas-quotidiens-de-covid-19\"><img decoding=\"async\" loading=\"lazy\" class=\"alignleft wp-image-18263\" src=\"https:\/\/aitia.fr\/erd\/wp-content\/uploads\/2021\/05\/covid-inde-le-devoir-300x192.jpg\" alt=\"\" width=\"405\" height=\"259\" srcset=\"https:\/\/aitia.fr\/erd\/wp-content\/uploads\/2021\/05\/covid-inde-le-devoir-300x192.jpg 300w, https:\/\/aitia.fr\/erd\/wp-content\/uploads\/2021\/05\/covid-inde-le-devoir-768x492.jpg 768w, https:\/\/aitia.fr\/erd\/wp-content\/uploads\/2021\/05\/covid-inde-le-devoir-600x384.jpg 600w, https:\/\/aitia.fr\/erd\/wp-content\/uploads\/2021\/05\/covid-inde-le-devoir.jpg 828w\" sizes=\"(max-width: 405px) 100vw, 405px\" \/><\/a>[<em>Note de l&#8217;administrateur de ce blog : le cas de l&#8217;Inde est un cas d&#8217;\u00e9cole \u00e0 plus d&#8217;un titre. Comme le remarque le Dr G\u00e9rard Maudrux, il y a un mois tous les media de grand chemin se ruaient sur l&#8217;Inde afin d&#8217;alimenter la psychose covidienne et de maintenir le troupeau dans la peur. Cette pr\u00e9cipitation \u00e9tait bien imprudente pour eux :<\/em><\/p>\n<p style=\"text-align: justify;\"><em>\u2013 si les chiffres absolus de contaminations et de morts pouvaient \u00eatre impressionnants, c&#8217;\u00e9tait sans les ramener \u00e0 la population gigantesque de l&#8217;Inde \u2013 qui de plus souffre de bien d&#8217;autres probl\u00e8mes sanitaires plus graves \u2013 et quiconque sait comparer ce qui est comparable pouvait voir que <a href=\"https:\/\/ourworldindata.org\/covid-cases\" target=\"_blank\" rel=\"noopener\">la situation de l&#8217;Inde restait globalement bien meilleure<\/a> que celle de pays &#8220;riches et avanc\u00e9s&#8221; ;<\/em><\/p>\n<p style=\"text-align: justify;\"><em>\u2013 la concomitance de cette hausse rapide de contaminations d\u00e9but avril avec l&#8217;essor d&#8217;une campagne de vaccination (restant encore tr\u00e8s partielle, puisque n&#8217;atteignant pas aujourd&#8217;hui <a href=\"https:\/\/ourworldindata.org\/covid-vaccinations\" target=\"_blank\" rel=\"noopener\">12% de la population<\/a>) devrait conduire les esprits curieux \u00e0 se poser des questions ;<\/em><\/p>\n<p style=\"text-align: justify;\"><em>\u2013 enfin et surtout, tout comme les \u00c9tats &#8220;rebelles&#8221; (et g\u00e9n\u00e9ralement r\u00e9publicains) des USA ont d\u00e9montr\u00e9 la totale inefficacit\u00e9 des mesures liberticides de confinement, de fermeture des commerces et de port du masque g\u00e9n\u00e9ralis\u00e9 en d\u00e9cidant de les supprimer et en s&#8217;en portant tr\u00e8s bien, les \u00c9tats indiens d\u00e9cidant de traiter les patients par l&#8217;ivermectine <a href=\"https:\/\/aitia.fr\/erd\/wp-content\/uploads\/2021\/05\/cas-COVID-Uttar-Pradesh-2021-05-29.png\" target=\"_blank\" rel=\"noopener\">ont vu leur \u00e9pid\u00e9mie s&#8217;\u00e9teindre brutalement<\/a>, alors que les autres voyaient <a href=\"https:\/\/aitia.fr\/erd\/wp-content\/uploads\/2021\/05\/cas-COVID-Tamil-Nadu-2021-05-29.png\" target=\"_blank\" rel=\"noopener\">la courbe continuer \u00e0 augmenter<\/a> de plus belle&#8230;<\/em><\/p>\n<p style=\"text-align: justify;\"><em>Les media de grand chemin croyaient nous faire peur, ils d\u00e9montrent en r\u00e9alit\u00e9 avec \u00e9clat leur malhonn\u00eatet\u00e9 \u2013 pour ne pas dire criminalit\u00e9 \u2013 ainsi que celle de nos gouvernants, et le caract\u00e8re manifestement organis\u00e9 de la terreur covidienne. Chacun peut le v\u00e9rifier par soi-m\u00eame <a href=\"https:\/\/ourworldindata.org\/coronavirus\" target=\"_blank\" rel=\"noopener\">en consultant chiffres et courbes \u00e0 sa guise<\/a>, sans se d\u00e9partir bien s\u00fbr de son esprit critique, en privil\u00e9giant par exemple <a href=\"https:\/\/aitia.fr\/erd\/100-000-morts-vraiment-decoder-leco\/\" target=\"_blank\" rel=\"noopener\">les chiffres bruts de mortalit\u00e9<\/a> \u00e0 ceux \u00e9tiquet\u00e9s &#8220;COVID&#8221;, susceptibles de manipulation.<\/em>]<\/p>\n<hr \/>\n<p style=\"text-align: justify;\">Il y a un mois la totalit\u00e9 de nos \u00ab sp\u00e9cialistes Covid \u00bb et de la presse se ruaient sur l\u2019Inde, comme les mouches sur le vinaigre. J\u2019avais de suite pris le contrepied le 27 avril dans un billet, pour expliquer que d\u2019une part leur situation \u00e9pid\u00e9miologique (je ne parle pas de leur situation sanitaire, mauvaise, c\u2019est un autre probl\u00e8me) n\u2019\u00e9tait pas pire que la n\u00f4tre, au contraire, et d\u2019autre part je disais qu\u2019il fallait attendre un peu pour voir le r\u00e9sultat de l\u2019utilisation de l\u2019Ivermectine \u00e0 grande \u00e9chelle, face \u00e0 une vague puissante, dont on disait en France (comme ici) que le pic ne serait pas atteint avant plusieurs semaines alors qu\u2019il \u00e9tait d\u00e9j\u00e0 pass\u00e9 !<\/p>\n<p style=\"text-align: justify;\">Qui avait raison ? Les alarmistes ? Les d\u00e9fenseurs de l\u2019Ivermectine ? Le r\u00e9sultat est l\u00e0, \u00e9clatant, indiscutable. Pourtant pas un mot dans la presse, pas un mot de nos sp\u00e9cialistes. Personne ne se demande comment les indiens, avec moins de moyens, ont fait dix fois mieux que nous. Personne ne cherche \u00e0 savoir pour les copier ou s\u2019en inspirer.<\/p>\n<p><a href=\"https:\/\/blog-gerard.maudrux.fr\/2021\/05\/28\/inde-covid-et-ivermectine-suite\/\" target=\"_blank\" rel=\"noopener\">Continuer la lecture sur le blog du Dr G\u00e9rard Maudrux \u2192<\/a><\/p>\n","protected":false},"excerpt":{"rendered":"<p>[Note de l&#8217;administrateur de ce blog : le cas de l&#8217;Inde est un cas d&#8217;\u00e9cole \u00e0 plus d&#8217;un titre. Comme le remarque le Dr G\u00e9rard Maudrux, il y a un mois tous les media de grand chemin se ruaient sur l&#8217;Inde afin d&#8217;alimenter la psychose covidienne et de maintenir le troupeau dans la peur. Cette [&hellip;]<\/p>\n","protected":false},"author":1,"featured_media":0,"comment_status":"open","ping_status":"open","sticky":false,"template":"","format":"standard","meta":[],"categories":[4,134,29,6],"tags":[1542,1687,2288,2289,2198,48,12,1730],"_links":{"self":[{"href":"https:\/\/aitia.fr\/erd\/wp-json\/wp\/v2\/posts\/18253"}],"collection":[{"href":"https:\/\/aitia.fr\/erd\/wp-json\/wp\/v2\/posts"}],"about":[{"href":"https:\/\/aitia.fr\/erd\/wp-json\/wp\/v2\/types\/post"}],"author":[{"embeddable":true,"href":"https:\/\/aitia.fr\/erd\/wp-json\/wp\/v2\/users\/1"}],"replies":[{"embeddable":true,"href":"https:\/\/aitia.fr\/erd\/wp-json\/wp\/v2\/comments?post=18253"}],"version-history":[{"count":15,"href":"https:\/\/aitia.fr\/erd\/wp-json\/wp\/v2\/posts\/18253\/revisions"}],"predecessor-version":[{"id":18272,"href":"https:\/\/aitia.fr\/erd\/wp-json\/wp\/v2\/posts\/18253\/revisions\/18272"}],"wp:attachment":[{"href":"https:\/\/aitia.fr\/erd\/wp-json\/wp\/v2\/media?parent=18253"}],"wp:term":[{"taxonomy":"category","embeddable":true,"href":"https:\/\/aitia.fr\/erd\/wp-json\/wp\/v2\/categories?post=18253"},{"taxonomy":"post_tag","embeddable":true,"href":"https:\/\/aitia.fr\/erd\/wp-json\/wp\/v2\/tags?post=18253"}],"curies":[{"name":"wp","href":"https:\/\/api.w.org\/{rel}","templated":true}]}}