{"id":18227,"date":"2021-05-27T19:30:26","date_gmt":"2021-05-27T17:30:26","guid":{"rendered":"https:\/\/aitia.fr\/erd\/?p=18227"},"modified":"2021-05-27T19:30:26","modified_gmt":"2021-05-27T17:30:26","slug":"eradication-de-la-variole-la-desastreuse-vaccination-des-sujets-contacts-bernard-guennebaud-pour-laimsib","status":"publish","type":"post","link":"https:\/\/aitia.fr\/erd\/eradication-de-la-variole-la-desastreuse-vaccination-des-sujets-contacts-bernard-guennebaud-pour-laimsib\/","title":{"rendered":"\u00c9radication de la variole, la d\u00e9sastreuse vaccination <br>des sujets contacts (Bernard Guennebaud pour l&#8217;AIMSIB)"},"content":{"rendered":"<p style=\"text-align: justify;\" data-wp-editing=\"1\"><img decoding=\"async\" loading=\"lazy\" class=\"alignleft wp-image-18234\" src=\"https:\/\/aitia.fr\/erd\/wp-content\/uploads\/2021\/05\/vaccin_jenner_sn635.jpg\" alt=\"\" width=\"390\" height=\"301\" srcset=\"https:\/\/aitia.fr\/erd\/wp-content\/uploads\/2021\/05\/vaccin_jenner_sn635.jpg 458w, https:\/\/aitia.fr\/erd\/wp-content\/uploads\/2021\/05\/vaccin_jenner_sn635-300x232.jpg 300w\" sizes=\"(max-width: 390px) 100vw, 390px\" \/>[<em>Note de l&#8217;administrateur de ce blog : face au <a href=\"https:\/\/www.egaliteetreconciliation.fr\/Le-delire-totalitaire-de-la-vaccination-en-anneau-pronee-par-Jerome-Salomon-64176.html\" target=\"_blank\" rel=\"noopener\">d\u00e9lire totalitaire<\/a> (et obscurantiste) de certains il est utile de revisiter l&#8217;histoire de la vaccination, que certains voudraient bien r\u00e9\u00e9crire et simplifier pour n&#8217;en retenir que les <a href=\"http:\/\/www.ursulagauthier.fr\/wp-content\/uploads\/2015\/03\/mao-propagande.jpg\" target=\"_blank\" rel=\"noopener\">glorieuses victoires<\/a>&#8230; mais des \u00e9rudits int\u00e8gres veillent. Le cas de la variole est particuli\u00e8rement \u00e9clairant sur les risques d&#8217;une approche de la m\u00e9decine en &#8220;mode bourrin&#8221; (si \u00e7a ne marche pas, augmentons la dose).<\/em><\/p>\n<p style=\"text-align: justify;\"><em>Les amateurs de documents historiques pourront aussi consulter <a href=\"http:\/\/apps.who.int\/iris\/bitstream\/handle\/10665\/39258\/a41464_fre.pdf\" target=\"_blank\" rel=\"noopener\">ce document tout \u00e0 fait officiel de l&#8217;OMS<\/a> et constater que, \u00e0 l&#8217;\u00e9poque o\u00f9 elle n&#8217;\u00e9tait pas encore achet\u00e9e par Bill Gates, elle savait tenir des propos nuanc\u00e9s. En particulier p. 32, paragraphe 8.2.4 : &#8220;Les campagnes d&#8217;\u00e9radication reposant enti\u00e8rement ou essentiellement sur la vaccination de masse furent couronn\u00e9es de succ\u00e8s dans quelques pays mais \u00e9chou\u00e8rent dans la plupart des cas&#8221;.<\/em>]<\/p>\n<hr \/>\n<p style=\"text-align: justify;\"><strong>Le 8 Mai 2020 a marqu\u00e9 le quaranti\u00e8me anniversaire de l\u2019\u00e9radication officielle de la variole, naturellement tous les poncifs autour de la vaccination anti-variolique (qui a sauv\u00e9 le monde) ont \u00e9t\u00e9 maintes fois rab\u00e2ch\u00e9s sans qu\u2019aucun avis historiquement mieux inform\u00e9 ne puisse se faire entendre. Mais voil\u00e0, pour Bernard Guennebaud il y va de la variole comme de la Loi de Poisson, qui veut en parler devrait d\u2019abord en conna\u00eetre parfaitement le sujet. Attention, cet article vous d\u00e9routera certainement car il est pour une fois de lecture facile, alors\u2026 Bonne lecture.<\/strong><\/p>\n<h2>Introduction<\/h2>\n<p style=\"text-align: justify;\"><strong>La victoire sur la variole signait l\u2019arr\u00eat de la circulation des 2 virus de la variole humaine, la variole majeure,<\/strong> la plus dangereuse et <strong>la variole mineure encore nomm\u00e9e <em>alastrim<\/em><\/strong> et souvent confondue avec <strong>la varicelle.<\/strong> Elle avait un taux de mortalit\u00e9 (l\u00e9talit\u00e9) beaucoup moins \u00e9lev\u00e9 que celui de la variole majeure. De plus, elle permettait souvent aux malades de circuler, ce qui la rendait beaucoup plus contagieuse. Aussi, son virus fut plus difficile \u00e0 \u00e9radiquer.<\/p>\n<p>On a ainsi attribu\u00e9 \u00e0 la variole, sans distinction, les caract\u00e9ristiques cumul\u00e9es de ces 2 maladies\u00a0: tout \u00e0 la fois une mortalit\u00e9 \u00e9lev\u00e9e et une forte contagiosit\u00e9.<\/p>\n<p>Mon premier article sur l\u2019\u00e9radication de la variole <span id='easy-footnote-1-18227' class='easy-footnote-margin-adjust'><\/span><span class='easy-footnote'><a href='https:\/\/aitia.fr\/erd\/eradication-de-la-variole-la-desastreuse-vaccination-des-sujets-contacts-bernard-guennebaud-pour-laimsib\/#easy-footnote-bottom-1-18227' title='&lt;a href=&quot;https:\/\/www.aimsib.org\/2019\/12\/22\/eradication-de-la-variole-les-grandes-manoeuvres-ont-commence\/&quot; target=&quot;_blank&quot; rel=&quot;noopener&quot;&gt;https:\/\/www.aimsib.org\/2019\/12\/22\/eradication-de-la-variole-les-grandes-manoeuvres-ont-commence\/&lt;\/a&gt;'><sup>1<\/sup><\/a><\/span> s\u2019achevait sur une d\u00e9claration en 1999 de <strong>Donald Henderson<\/strong> qui, en tant que directeur du programme d\u2019\u00e9radication lanc\u00e9 par l\u2019OMS, fut consid\u00e9r\u00e9 comme le chef de guerre qui obtint la victoire fin 1977 <span id='easy-footnote-2-18227' class='easy-footnote-margin-adjust'><\/span><span class='easy-footnote'><a href='https:\/\/aitia.fr\/erd\/eradication-de-la-variole-la-desastreuse-vaccination-des-sujets-contacts-bernard-guennebaud-pour-laimsib\/#easy-footnote-bottom-2-18227' title='Henderson\u00a0 1999 \u00ab\u00a0 Eradication : Lessons From the Past \u00bb, &lt;em&gt;MMWR&lt;\/em&gt;, vol. 48, suppl\u00e9ment, 31\/12\/1999\u00a0 &lt;a href=&quot;https:\/\/www.cdc.gov\/mmwr\/preview\/mmwrhtml\/su48a6.htm&quot; target=&quot;_blank&quot; rel=&quot;noopener&quot;&gt;https:\/\/www.cdc.gov\/mmwr\/preview\/mmwrhtml\/su48a6.htm&lt;\/a&gt;'><sup>2<\/sup><\/a><\/span> :<\/p>\n<p>\u2013 \u00ab <em>L\u2019\u00e9radication n\u2019a \u00e9t\u00e9 obtenue que de justesse. Dans de nombreuses r\u00e9gions du monde, <strong>ses progr\u00e8s ont oscill\u00e9 entre succ\u00e8s et d\u00e9sastres,<\/strong> la d\u00e9cision n\u2019\u00e9tant souvent emport\u00e9e que par des circonstances tr\u00e8s favorables ou des efforts extraordinaires\u00a0 des \u00e9quipes sur le terrain.\u00a0\u00bb<\/em><\/p>\n<p><a href=\"https:\/\/www.aimsib.org\/2020\/05\/10\/eradication-de-la-variole-la-desastreuse-vaccination-des-sujets-contacts\/\" target=\"_blank\" rel=\"noopener\">Continuer la lecture sur aimsib.org \u2192<\/a><\/p>\n","protected":false},"excerpt":{"rendered":"<p>[Note de l&#8217;administrateur de ce blog : face au d\u00e9lire totalitaire (et obscurantiste) de certains il est utile de revisiter l&#8217;histoire de la vaccination, que certains voudraient bien r\u00e9\u00e9crire et simplifier pour n&#8217;en retenir que les glorieuses victoires&#8230; mais des \u00e9rudits int\u00e8gres veillent. Le cas de la variole est particuli\u00e8rement \u00e9clairant sur les risques d&#8217;une [&hellip;]<\/p>\n","protected":false},"author":1,"featured_media":0,"comment_status":"open","ping_status":"open","sticky":false,"template":"","format":"standard","meta":[],"categories":[134,3,29,6],"tags":[2287,2285,1796,2286,1730,2284],"_links":{"self":[{"href":"https:\/\/aitia.fr\/erd\/wp-json\/wp\/v2\/posts\/18227"}],"collection":[{"href":"https:\/\/aitia.fr\/erd\/wp-json\/wp\/v2\/posts"}],"about":[{"href":"https:\/\/aitia.fr\/erd\/wp-json\/wp\/v2\/types\/post"}],"author":[{"embeddable":true,"href":"https:\/\/aitia.fr\/erd\/wp-json\/wp\/v2\/users\/1"}],"replies":[{"embeddable":true,"href":"https:\/\/aitia.fr\/erd\/wp-json\/wp\/v2\/comments?post=18227"}],"version-history":[{"count":11,"href":"https:\/\/aitia.fr\/erd\/wp-json\/wp\/v2\/posts\/18227\/revisions"}],"predecessor-version":[{"id":18241,"href":"https:\/\/aitia.fr\/erd\/wp-json\/wp\/v2\/posts\/18227\/revisions\/18241"}],"wp:attachment":[{"href":"https:\/\/aitia.fr\/erd\/wp-json\/wp\/v2\/media?parent=18227"}],"wp:term":[{"taxonomy":"category","embeddable":true,"href":"https:\/\/aitia.fr\/erd\/wp-json\/wp\/v2\/categories?post=18227"},{"taxonomy":"post_tag","embeddable":true,"href":"https:\/\/aitia.fr\/erd\/wp-json\/wp\/v2\/tags?post=18227"}],"curies":[{"name":"wp","href":"https:\/\/api.w.org\/{rel}","templated":true}]}}