{"id":18206,"date":"2021-05-25T14:05:38","date_gmt":"2021-05-25T12:05:38","guid":{"rendered":"https:\/\/aitia.fr\/erd\/?p=18206"},"modified":"2021-05-29T06:49:11","modified_gmt":"2021-05-29T04:49:11","slug":"temoignage-de-philippe-merle-deces-post-vaccin-anti-covid-videos-dinfos-reportages","status":"publish","type":"post","link":"https:\/\/aitia.fr\/erd\/temoignage-de-philippe-merle-deces-post-vaccin-anti-covid-videos-dinfos-reportages\/","title":{"rendered":"T\u00e9moignage de Philippe Merle &#8211; D\u00e9c\u00e8s post vaccin <br>anti-covid (Vid\u00e9os d&#8217;Infos &#038; Reportages)"},"content":{"rendered":"<p style=\"text-align: center;\"><iframe loading=\"lazy\" width=\"640\" height=\"360\" src=\"https:\/\/www.youtube.com\/embed\/Sx5tHe08AXA\" title=\"YouTube video player\" frameborder=\"0\" allow=\"accelerometer; autoplay; clipboard-write; encrypted-media; gyroscope; picture-in-picture\" allowfullscreen=\"allowfullscreen\"><\/iframe><\/p>\n<p style=\"text-align: center;\"><iframe loading=\"lazy\" id=\"lbry-iframe\" width=\"640\" height=\"360\" src=\"https:\/\/odysee.com\/$\/embed\/T%C3%A9moignage-de-Philippe-Merle---D%C3%A9c%C3%A8s-post-vaccin-anti-covid-(1080p_25fps_H264-128kbit_AAC)\/6dcdd72ee1f5bebdd08d0ff4e356468109fa6c8c?r=CkhCK66M8fYByJArizSwB43TTg2QZdxv\" allowfullscreen><\/iframe><\/p>\n","protected":false},"excerpt":{"rendered":"","protected":false},"author":1,"featured_media":0,"comment_status":"open","ping_status":"open","sticky":false,"template":"","format":"standard","meta":[],"categories":[1],"tags":[1870,1542,1942,2279,742,2277,852,2278],"_links":{"self":[{"href":"https:\/\/aitia.fr\/erd\/wp-json\/wp\/v2\/posts\/18206"}],"collection":[{"href":"https:\/\/aitia.fr\/erd\/wp-json\/wp\/v2\/posts"}],"about":[{"href":"https:\/\/aitia.fr\/erd\/wp-json\/wp\/v2\/types\/post"}],"author":[{"embeddable":true,"href":"https:\/\/aitia.fr\/erd\/wp-json\/wp\/v2\/users\/1"}],"replies":[{"embeddable":true,"href":"https:\/\/aitia.fr\/erd\/wp-json\/wp\/v2\/comments?post=18206"}],"version-history":[{"count":3,"href":"https:\/\/aitia.fr\/erd\/wp-json\/wp\/v2\/posts\/18206\/revisions"}],"predecessor-version":[{"id":18255,"href":"https:\/\/aitia.fr\/erd\/wp-json\/wp\/v2\/posts\/18206\/revisions\/18255"}],"wp:attachment":[{"href":"https:\/\/aitia.fr\/erd\/wp-json\/wp\/v2\/media?parent=18206"}],"wp:term":[{"taxonomy":"category","embeddable":true,"href":"https:\/\/aitia.fr\/erd\/wp-json\/wp\/v2\/categories?post=18206"},{"taxonomy":"post_tag","embeddable":true,"href":"https:\/\/aitia.fr\/erd\/wp-json\/wp\/v2\/tags?post=18206"}],"curies":[{"name":"wp","href":"https:\/\/api.w.org\/{rel}","templated":true}]}}