{"id":17947,"date":"2021-04-20T07:23:04","date_gmt":"2021-04-20T05:23:04","guid":{"rendered":"https:\/\/aitia.fr\/erd\/?p=17947"},"modified":"2021-04-20T07:23:04","modified_gmt":"2021-04-20T05:23:04","slug":"nuremberg-2-0-les-proces-covid-commencent-radio-quebec","status":"publish","type":"post","link":"https:\/\/aitia.fr\/erd\/nuremberg-2-0-les-proces-covid-commencent-radio-quebec\/","title":{"rendered":"Nuremberg 2.0, les proc\u00e8s COVID commencent. <br>(Radio-Qu\u00e9bec)"},"content":{"rendered":"<p>[<em>Note de l&#8217;administrateur de ce blog : je l&#8217;ai d\u00e9j\u00e0 \u00e9crit, si 2020 a \u00e9t\u00e9 l&#8217;ann\u00e9e o\u00f9 tous ceux qui ont encore un esprit critique en \u00e9tat de marche ont \u00e9t\u00e9 accus\u00e9s de &#8220;complotisme&#8221; pour remettre en cause la version dominante de la &#8220;crise sanitaire&#8221;, 2021 sera celle o\u00f9 les autres sauront que les premiers avaient raison (m\u00eame si, bien s\u00fbr, il ne suffit pas de contester un mensonge pour dire la v\u00e9rit\u00e9).<\/em><\/p>\n<p><em>Il n&#8217;y a pas d&#8217;autre issue possible, c&#8217;est litt\u00e9ralement une question de vie ou de mort.<\/em>]<\/p>\n<hr \/>\n<p style=\"text-align: center;\"><iframe loading=\"lazy\" width=\"640\" height=\"360\" id=\"lbry-iframe\" src=\"https:\/\/odysee.com\/$\/embed\/fuellmich\/ef016c0ef09e65f6e07549bd7c0d9f131d3e7f44?r=CkhCK66M8fYByJArizSwB43TTg2QZdxv\" allowfullscreen=\"allowfullscreen\"><\/iframe><\/p>\n","protected":false},"excerpt":{"rendered":"<p>[Note de l&#8217;administrateur de ce blog : je l&#8217;ai d\u00e9j\u00e0 \u00e9crit, si 2020 a \u00e9t\u00e9 l&#8217;ann\u00e9e o\u00f9 tous ceux qui ont encore un esprit critique en \u00e9tat de marche ont \u00e9t\u00e9 accus\u00e9s de &#8220;complotisme&#8221; pour remettre en cause la version dominante de la &#8220;crise sanitaire&#8221;, 2021 sera celle o\u00f9 les autres sauront que les premiers [&hellip;]<\/p>\n","protected":false},"author":1,"featured_media":0,"comment_status":"open","ping_status":"open","sticky":false,"template":"","format":"video","meta":[],"categories":[134,133,3,29],"tags":[425,1542,2082,1524,2234,2235,1832,2081,2232,2233],"_links":{"self":[{"href":"https:\/\/aitia.fr\/erd\/wp-json\/wp\/v2\/posts\/17947"}],"collection":[{"href":"https:\/\/aitia.fr\/erd\/wp-json\/wp\/v2\/posts"}],"about":[{"href":"https:\/\/aitia.fr\/erd\/wp-json\/wp\/v2\/types\/post"}],"author":[{"embeddable":true,"href":"https:\/\/aitia.fr\/erd\/wp-json\/wp\/v2\/users\/1"}],"replies":[{"embeddable":true,"href":"https:\/\/aitia.fr\/erd\/wp-json\/wp\/v2\/comments?post=17947"}],"version-history":[{"count":2,"href":"https:\/\/aitia.fr\/erd\/wp-json\/wp\/v2\/posts\/17947\/revisions"}],"predecessor-version":[{"id":17949,"href":"https:\/\/aitia.fr\/erd\/wp-json\/wp\/v2\/posts\/17947\/revisions\/17949"}],"wp:attachment":[{"href":"https:\/\/aitia.fr\/erd\/wp-json\/wp\/v2\/media?parent=17947"}],"wp:term":[{"taxonomy":"category","embeddable":true,"href":"https:\/\/aitia.fr\/erd\/wp-json\/wp\/v2\/categories?post=17947"},{"taxonomy":"post_tag","embeddable":true,"href":"https:\/\/aitia.fr\/erd\/wp-json\/wp\/v2\/tags?post=17947"}],"curies":[{"name":"wp","href":"https:\/\/api.w.org\/{rel}","templated":true}]}}