{"id":17882,"date":"2021-04-03T10:48:41","date_gmt":"2021-04-03T08:48:41","guid":{"rendered":"https:\/\/aitia.fr\/erd\/?p=17882"},"modified":"2021-04-03T10:48:41","modified_gmt":"2021-04-03T08:48:41","slug":"nouveau-confinement-lexcuse-des-jeunes-decoder-leco","status":"publish","type":"post","link":"https:\/\/aitia.fr\/erd\/nouveau-confinement-lexcuse-des-jeunes-decoder-leco\/","title":{"rendered":"Nouveau confinement : l&#8217;excuse des jeunes (D\u00e9coder l&#8217;\u00e9co)"},"content":{"rendered":"<p style=\"text-align: justify;\">[<em>Note de l&#8217;administrateur de ce blog : on reconna\u00eet les pervers \u00e0 leur capacit\u00e9 \u00e0 renverser compl\u00e8tement la logique. Ainsi, ceux qui sacrifient depuis le d\u00e9but de cette crise &#8220;sanitaire&#8221; l&#8217;avenir de la jeunesse voudraient aujourd&#8217;hui nous faire croire que c&#8217;est &#8220;pour les jeunes&#8221; qu&#8217;il faut reconfiner.<\/em><\/p>\n<p style=\"text-align: justify;\"><em>Jusqu&#8217;\u00e0 quand laisserons-nous ces psychopathes d\u00e9truire la France (et pas qu&#8217;elle h\u00e9las) ?<\/em><\/p>\n<p style=\"text-align: justify;\"><em>Une vid\u00e9o implacable \u00e0 diffuser massivement afin de sortir de ce nihilisme sectaire<\/em>.]<\/p>\n<hr \/>\n<p style=\"text-align: center;\"><iframe loading=\"lazy\" width=\"640\" height=\"360\" src=\"https:\/\/www.youtube.com\/embed\/APG2-DEWrW4\" title=\"YouTube video player\" frameborder=\"0\" allow=\"accelerometer; autoplay; clipboard-write; encrypted-media; gyroscope; picture-in-picture\" allowfullscreen=\"allowfullscreen\"><\/iframe><\/p>\n","protected":false},"excerpt":{"rendered":"<p>[Note de l&#8217;administrateur de ce blog : on reconna\u00eet les pervers \u00e0 leur capacit\u00e9 \u00e0 renverser compl\u00e8tement la logique. Ainsi, ceux qui sacrifient depuis le d\u00e9but de cette crise &#8220;sanitaire&#8221; l&#8217;avenir de la jeunesse voudraient aujourd&#8217;hui nous faire croire que c&#8217;est &#8220;pour les jeunes&#8221; qu&#8217;il faut reconfiner. Jusqu&#8217;\u00e0 quand laisserons-nous ces psychopathes d\u00e9truire la France [&hellip;]<\/p>\n","protected":false},"author":1,"featured_media":0,"comment_status":"open","ping_status":"open","sticky":false,"template":"","format":"video","meta":[],"categories":[133,3,29,6],"tags":[1561,1542,2185,2226,48,1922,12],"_links":{"self":[{"href":"https:\/\/aitia.fr\/erd\/wp-json\/wp\/v2\/posts\/17882"}],"collection":[{"href":"https:\/\/aitia.fr\/erd\/wp-json\/wp\/v2\/posts"}],"about":[{"href":"https:\/\/aitia.fr\/erd\/wp-json\/wp\/v2\/types\/post"}],"author":[{"embeddable":true,"href":"https:\/\/aitia.fr\/erd\/wp-json\/wp\/v2\/users\/1"}],"replies":[{"embeddable":true,"href":"https:\/\/aitia.fr\/erd\/wp-json\/wp\/v2\/comments?post=17882"}],"version-history":[{"count":2,"href":"https:\/\/aitia.fr\/erd\/wp-json\/wp\/v2\/posts\/17882\/revisions"}],"predecessor-version":[{"id":17884,"href":"https:\/\/aitia.fr\/erd\/wp-json\/wp\/v2\/posts\/17882\/revisions\/17884"}],"wp:attachment":[{"href":"https:\/\/aitia.fr\/erd\/wp-json\/wp\/v2\/media?parent=17882"}],"wp:term":[{"taxonomy":"category","embeddable":true,"href":"https:\/\/aitia.fr\/erd\/wp-json\/wp\/v2\/categories?post=17882"},{"taxonomy":"post_tag","embeddable":true,"href":"https:\/\/aitia.fr\/erd\/wp-json\/wp\/v2\/tags?post=17882"}],"curies":[{"name":"wp","href":"https:\/\/api.w.org\/{rel}","templated":true}]}}