{"id":17804,"date":"2021-03-17T21:00:53","date_gmt":"2021-03-17T20:00:53","guid":{"rendered":"https:\/\/aitia.fr\/erd\/?p=17804"},"modified":"2021-03-18T21:05:37","modified_gmt":"2021-03-18T20:05:37","slug":"mensonges-mediatiques-jusquou-ira-t-on","status":"publish","type":"post","link":"https:\/\/aitia.fr\/erd\/mensonges-mediatiques-jusquou-ira-t-on\/","title":{"rendered":"Mensonges m\u00e9diatiques\u00a0: jusqu&#8217;o\u00f9 ira-t-on ?"},"content":{"rendered":"<p style=\"text-align: justify;\">Un tr\u00e8s court article en forme de devinette : qu&#8217;y a-t-il de remarquable dans la vid\u00e9o ci-dessous publi\u00e9e par <a href=\"https:\/\/thehill.com\/\" target=\"_blank\" rel=\"noopener\"><em>The Hill<\/em><\/a>, un grand site d&#8217;information politique am\u00e9ricain, sur <a href=\"https:\/\/twitter.com\/thehill\/status\/1371898779922804737?s=19\" target=\"_blank\" rel=\"noopener\">son fil twitter le 16 mars<\/a> ?<\/p>\n<blockquote class=\"twitter-tweet\" data-width=\"550\" data-dnt=\"true\">\n<p lang=\"en\" dir=\"ltr\">Reporter: &quot;Do you have any plans to travel to the southern border?&quot;<\/p>\n<p>President Biden: &quot;Not at the moment.&quot; <a href=\"https:\/\/t.co\/Sw5oIj5vKf\">pic.twitter.com\/Sw5oIj5vKf<\/a><\/p>\n<p>&mdash; The Hill (@thehill) <a href=\"https:\/\/twitter.com\/thehill\/status\/1371898779922804737?ref_src=twsrc%5Etfw\">March 16, 2021<\/a><\/p><\/blockquote>\n<p><script async src=\"https:\/\/platform.twitter.com\/widgets.js\" charset=\"utf-8\"><\/script><\/p>\n<p style=\"text-align: justify;\">Vous avez 24h pour trouver, la solution sera donn\u00e9e demain \u00e0 la m\u00eame heure.<\/p>\n<p>Et pour ajouter des angles d&#8217;attaque \u00e0 l&#8217;\u00e9nigme, un autre point de vue de le m\u00eame sc\u00e8ne :<\/p>\n<p style=\"text-align: center;\"><iframe loading=\"lazy\" width=\"560\" height=\"315\" src=\"https:\/\/www.youtube.com\/embed\/qAPYk1XjwhU\" frameborder=\"0\" allow=\"accelerometer; autoplay; clipboard-write; encrypted-media; gyroscope; picture-in-picture\" allowfullscreen=\"allowfullscreen\"><\/iframe><\/p>\n<p style=\"text-align: justify;\"><strong>Mise \u00e0 jour du 18 mars :<\/strong> et voici la r\u00e9ponse promise (qui aura, sans doute, \u00e9t\u00e9 trouv\u00e9e par la plupart des spectateurs).<\/p>\n<p><!--more--><\/p>\n<p style=\"text-align: justify;\">Chacun pourra constater que les mains du non-pr\u00e9sident Biden (pardon, j&#8217;ai du mal \u00e0 penser que cette loque <a href=\"https:\/\/t.me\/disclosetv\/1083\" target=\"_blank\" rel=\"noopener\">est v\u00e9ritablement pr\u00e9sident<\/a> de la premi\u00e8re puissance mondiale) ont l&#8217;\u00e9trange propri\u00e9t\u00e9, bien qu&#8217;\u00e9tant derri\u00e8re les micros du point de vue de la cam\u00e9ra, d&#8217;appara\u00eetre (parfois) devant ceux-ci, ce qui d\u00e9fie les lois de l&#8217;optique les plus \u00e9l\u00e9mentaires (celles que l&#8217;on exp\u00e9rimente d\u00e8s le plus jeune \u00e2ge en jouant \u00e0 cache-cache). Par exemple vers 10 et 11 secondes dans la premi\u00e8re vid\u00e9o, ou vers 5 secondes dans la deuxi\u00e8me.<\/p>\n<p style=\"text-align: justify;\">On en d\u00e9duira donc, soit que Joe Biden poss\u00e8de des pouvoirs extraordinaires, que c&#8217;est peut-\u00eatre un demi-dieu, ce qui lui permet d&#8217;appara\u00eetre devant m\u00eame lorsqu&#8217;il est derri\u00e8re (tout rapprochement avec les r\u00e9cents r\u00e9sultats des \u00e9lections pr\u00e9sidentielles am\u00e9ricaines serait pur complotisme de cerveau malade), soit que des images pr\u00e9sent\u00e9es comme de simples reportages sur des media de grande diffusion sont en r\u00e9alit\u00e9 aussi truqu\u00e9es qu&#8217;un spot de publicit\u00e9 pour produit de beaut\u00e9.<\/p>\n","protected":false},"excerpt":{"rendered":"<p>Un tr\u00e8s court article en forme de devinette : qu&#8217;y a-t-il de remarquable dans la vid\u00e9o ci-dessous publi\u00e9e par The Hill, un grand site d&#8217;information politique am\u00e9ricain, sur son fil twitter le 16 mars ? Reporter: &quot;Do you have any plans to travel to the southern border?&quot; President Biden: &quot;Not at the moment.&quot; pic.twitter.com\/Sw5oIj5vKf &mdash; [&hellip;]<\/p>\n","protected":false},"author":1,"featured_media":0,"comment_status":"open","ping_status":"open","sticky":false,"template":"","format":"video","meta":[],"categories":[133,5,3,29],"tags":[1852,688,2216],"_links":{"self":[{"href":"https:\/\/aitia.fr\/erd\/wp-json\/wp\/v2\/posts\/17804"}],"collection":[{"href":"https:\/\/aitia.fr\/erd\/wp-json\/wp\/v2\/posts"}],"about":[{"href":"https:\/\/aitia.fr\/erd\/wp-json\/wp\/v2\/types\/post"}],"author":[{"embeddable":true,"href":"https:\/\/aitia.fr\/erd\/wp-json\/wp\/v2\/users\/1"}],"replies":[{"embeddable":true,"href":"https:\/\/aitia.fr\/erd\/wp-json\/wp\/v2\/comments?post=17804"}],"version-history":[{"count":10,"href":"https:\/\/aitia.fr\/erd\/wp-json\/wp\/v2\/posts\/17804\/revisions"}],"predecessor-version":[{"id":17818,"href":"https:\/\/aitia.fr\/erd\/wp-json\/wp\/v2\/posts\/17804\/revisions\/17818"}],"wp:attachment":[{"href":"https:\/\/aitia.fr\/erd\/wp-json\/wp\/v2\/media?parent=17804"}],"wp:term":[{"taxonomy":"category","embeddable":true,"href":"https:\/\/aitia.fr\/erd\/wp-json\/wp\/v2\/categories?post=17804"},{"taxonomy":"post_tag","embeddable":true,"href":"https:\/\/aitia.fr\/erd\/wp-json\/wp\/v2\/tags?post=17804"}],"curies":[{"name":"wp","href":"https:\/\/api.w.org\/{rel}","templated":true}]}}