{"id":17737,"date":"2021-03-10T08:59:06","date_gmt":"2021-03-10T07:59:06","guid":{"rendered":"https:\/\/aitia.fr\/erd\/?p=17737"},"modified":"2021-03-10T08:59:06","modified_gmt":"2021-03-10T07:59:06","slug":"big-pharma-est-en-train-denterrer-methodiquement-la-tres-efficace-ivermectine-sante-corps-esprit","status":"publish","type":"post","link":"https:\/\/aitia.fr\/erd\/big-pharma-est-en-train-denterrer-methodiquement-la-tres-efficace-ivermectine-sante-corps-esprit\/","title":{"rendered":"Big Pharma est en train d\u2019enterrer m\u00e9thodiquement la tr\u00e8s efficace ivermectine (Sant\u00e9 Corps Esprit)"},"content":{"rendered":"<p style=\"text-align: justify;\"><img decoding=\"async\" loading=\"lazy\" class=\"alignleft wp-image-17739\" src=\"https:\/\/aitia.fr\/erd\/wp-content\/uploads\/2021\/03\/ivermectine.jpeg\" alt=\"\" width=\"390\" height=\"260\" srcset=\"https:\/\/aitia.fr\/erd\/wp-content\/uploads\/2021\/03\/ivermectine.jpeg 512w, https:\/\/aitia.fr\/erd\/wp-content\/uploads\/2021\/03\/ivermectine-300x200.jpeg 300w\" sizes=\"(max-width: 390px) 100vw, 390px\" \/>[<em>Note de l&#8217;administrateur de ce blog : cet article sera utile \u00e0 ceux qui n&#8217;auraient pas encore compris que la France est dirig\u00e9e par une oligarchie corrompue et criminelle&#8230; Voir aussi <a href=\"https:\/\/aitia.fr\/erd\/ne-serions-nous-pas-des-cobayes-lansm-donne-son-feu-vert-pour-le-bamlanivimab-dans-le-covid-ihu-mediterranee-infection\/\" target=\"_blank\" rel=\"noopener\">cet expos\u00e9 du 2 mars \u00e0 l&#8217;IHU M\u00e9diterran\u00e9e-Infection par le Pr Philippe Brouqui<\/a>.<br \/>\n<\/em><\/p>\n<p style=\"text-align: justify;\"><em>2020 aura \u00e9t\u00e9 l&#8217;ann\u00e9e o\u00f9 furent trait\u00e9s de &#8220;complotistes&#8221; tous ceux qui refusaient de croire les mensonges officiels ; 2021 sera l&#8217;ann\u00e9e o\u00f9 tout le monde prendra conscience de ces gigantesques complots et o\u00f9 les institutions de toute nature \u2013 agences de sant\u00e9 en premier \u2013 perdront tout cr\u00e9dit aupr\u00e8s du grand public. Il faut en passer par l\u00e0 pour que l&#8217;humanit\u00e9 acc\u00e8de \u00e0 un niveau de conscience sup\u00e9rieure, mais, h\u00e9las, au prix d&#8217;un grand nombre de victimes.<\/em>]<\/p>\n<hr \/>\n<p style=\"text-align: justify;\">Cher(e) ami(e) de la Sant\u00e9,<\/p>\n<p style=\"text-align: justify;\">Si vous pensez encore qu\u2019il n\u2019y a pas de \u00ab\u00a0complot\u00a0\u00bb sur les traitements contre la Covid-19, lisez bien ce qui suit.<\/p>\n<p style=\"text-align: justify;\">Il y a quelques jours, Emmanuel Macron a fait autoriser la prescription d\u2019un m\u00e9dicament \u00ab\u00a0innovant\u00a0\u00bb \u00e0 plus de 1 000 euros le traitement.<\/p>\n<p style=\"text-align: justify;\">Ce m\u00e9dicament, appel\u00e9 bamlanivimab, est tr\u00e8s controvers\u00e9 :<\/p>\n<ul style=\"text-align: justify;\">\n<li>Il n\u2019a m\u00eame pas pass\u00e9 la phase 2 des exp\u00e9rimentations (normalement un m\u00e9dicament doit avoir pass\u00e9 la phase 3 pour \u00eatre autoris\u00e9)\u00a0;<\/li>\n<li>Les tests pr\u00e9liminaires ne montrent pas d\u2019efficacit\u00e9 probante\u2026 et on sait d\u00e9j\u00e0 que ce m\u00e9dicament sera inefficace contre les nouveaux variants ;<\/li>\n<li>Il doit \u00eatre prescrit \u00e0 l\u2019h\u00f4pital, donc bien apr\u00e8s le d\u00e9but des sympt\u00f4mes, alors qu\u2019il n\u2019a de chances d\u2019\u00eatre efficace qu\u2019au d\u00e9but de l\u2019infection ;<\/li>\n<li>Et pour couronner le tout, c\u2019est le genre de m\u00e9dicament\u00a0qui favorise\u00a0l\u2019apparition de nouveaux variants<a href=\"https:\/\/www.lexpress.fr\/actualite\/sciences\/anticorps-monoclonaux-imbroglio-autour-d-un-medicament-risque-mais-pousse-par-l-etat_2145966.html\" target=\"_blank\" rel=\"noopener\"><sup>[1]<\/sup><\/a>.<\/li>\n<\/ul>\n<p style=\"text-align: justify;\">Bref, il n\u2019y a vraiment aucune bonne raison d\u2019accorder une \u00ab\u00a0autorisation temporaire d\u2019utilisation\u00a0\u00bb \u00e0 ce m\u00e9dicament.<\/p>\n<p style=\"text-align: justify;\">Mais c\u2019est pourtant ce que vient de faire l\u2019Agence du M\u00e9dicament.<\/p>\n<p style=\"text-align: justify;\"><em>\u00ab\u00a0Une autorisation temporaire d\u2019utilisation d\u00e9livr\u00e9e sur un niveau de preuve aussi faible, c\u2019est probablement du jamais-vu<\/em> \u00bb<a href=\"https:\/\/www.francesoir.fr\/opinions-tribunes\/covid-quand-lansm-danse-le-bambalaba-avec-lilly\" target=\"_blank\" rel=\"noopener\"><sup>[2]<\/sup><\/a>, a d\u00e9clar\u00e9 le Pr Mathieu Molimard, chef de service de pharmacologie clinique au CHU de Bordeaux.<\/p>\n<p style=\"text-align: justify;\">Alors pourquoi avoir fait une chose pareille\u00a0?<\/p>\n<p style=\"text-align: justify;\">Pour une seule raison\u00a0: il y a derri\u00e8re ce m\u00e9dicament un Big Pharma au lobbying puissant, le laboratoire Eli Lilly.<\/p>\n<p style=\"text-align: justify;\">Les grands laboratoires comme Eli Lilly ont des relais chez les \u00ab\u00a0grands pontes\u00a0\u00bb de la m\u00e9decine, les politiques et les hauts fonctionnaires bien plac\u00e9s.<\/p>\n<p style=\"text-align: justify;\">G\u00e9n\u00e9ralement, on ne sait pas trop qui a corrompu qui, qui a influenc\u00e9 qui.<\/p>\n<p style=\"text-align: justify;\">Mais ici, on en a appris de belles\u00a0!<\/p>\n<p><a href=\"https:\/\/www.sante-corps-esprit.com\/big-pharma-est-en-train-denterrer-methodiquement-la-tres-efficace-ivermectine\/#sources\" target=\"_blank\" rel=\"noopener\">Continuez la lecture sur Sant\u00e9 Corps Esprit \u2192<\/a><\/p>\n","protected":false},"excerpt":{"rendered":"<p>[Note de l&#8217;administrateur de ce blog : cet article sera utile \u00e0 ceux qui n&#8217;auraient pas encore compris que la France est dirig\u00e9e par une oligarchie corrompue et criminelle&#8230; Voir aussi cet expos\u00e9 du 2 mars \u00e0 l&#8217;IHU M\u00e9diterran\u00e9e-Infection par le Pr Philippe Brouqui. 2020 aura \u00e9t\u00e9 l&#8217;ann\u00e9e o\u00f9 furent trait\u00e9s de &#8220;complotistes&#8221; tous ceux [&hellip;]<\/p>\n","protected":false},"author":1,"featured_media":0,"comment_status":"open","ping_status":"open","sticky":false,"template":"","format":"standard","meta":[],"categories":[4,134,3,29],"tags":[2208,2206,2207,2197,1757,2181,425,1542,2205,2198,2204],"_links":{"self":[{"href":"https:\/\/aitia.fr\/erd\/wp-json\/wp\/v2\/posts\/17737"}],"collection":[{"href":"https:\/\/aitia.fr\/erd\/wp-json\/wp\/v2\/posts"}],"about":[{"href":"https:\/\/aitia.fr\/erd\/wp-json\/wp\/v2\/types\/post"}],"author":[{"embeddable":true,"href":"https:\/\/aitia.fr\/erd\/wp-json\/wp\/v2\/users\/1"}],"replies":[{"embeddable":true,"href":"https:\/\/aitia.fr\/erd\/wp-json\/wp\/v2\/comments?post=17737"}],"version-history":[{"count":6,"href":"https:\/\/aitia.fr\/erd\/wp-json\/wp\/v2\/posts\/17737\/revisions"}],"predecessor-version":[{"id":17744,"href":"https:\/\/aitia.fr\/erd\/wp-json\/wp\/v2\/posts\/17737\/revisions\/17744"}],"wp:attachment":[{"href":"https:\/\/aitia.fr\/erd\/wp-json\/wp\/v2\/media?parent=17737"}],"wp:term":[{"taxonomy":"category","embeddable":true,"href":"https:\/\/aitia.fr\/erd\/wp-json\/wp\/v2\/categories?post=17737"},{"taxonomy":"post_tag","embeddable":true,"href":"https:\/\/aitia.fr\/erd\/wp-json\/wp\/v2\/tags?post=17737"}],"curies":[{"name":"wp","href":"https:\/\/api.w.org\/{rel}","templated":true}]}}