{"id":17712,"date":"2021-03-02T19:47:48","date_gmt":"2021-03-02T18:47:48","guid":{"rendered":"https:\/\/aitia.fr\/erd\/?p=17712"},"modified":"2021-03-02T19:47:48","modified_gmt":"2021-03-02T18:47:48","slug":"herbe-a-pic-affaire-a-suivre","status":"publish","type":"post","link":"https:\/\/aitia.fr\/erd\/herbe-a-pic-affaire-a-suivre\/","title":{"rendered":"Herbe-\u00e0-pic : affaire \u00e0 suivre"},"content":{"rendered":"<p style=\"text-align: justify;\">[<em>Note de l&#8217;administrateur de ce blog : si le virus SARS-CoV-2 est utilis\u00e9 \u00e0 des fins politiques, alors il importe pour ceux qui l&#8217;utilisent d&#8217;\u00e9liminer tous les grains de sable qui viendraient contrarier le plan \u00e9tabli. Comme, par exemple, l&#8217;existence de rem\u00e8des efficaces et peu chers&#8230; ou m\u00eame la &#8220;croyance&#8221; que la crise sanitaire en cours <a href=\"https:\/\/aitia.fr\/erd\/raison-garder\/\" target=\"_blank\" rel=\"noopener\">n&#8217;a rien d&#8217;une catastrophe<\/a> \u00e0 l&#8217;aune du pass\u00e9 r\u00e9cent (<a href=\"https:\/\/aitia.fr\/erd\/2020-la-moisson-des-morts-decoder-leco\/\" target=\"_blank\" rel=\"noopener\">voir \u00e9galement ici<\/a>). <\/em><\/p>\n<p style=\"text-align: justify;\"><em>L&#8217;herbe-\u00e0-pic (<a href=\"https:\/\/fr.wikipedia.org\/wiki\/Neurolaena_lobata\" target=\"_blank\" rel=\"noopener\">Neurolaena lobata<\/a>) est-elle une nouvelle candidate \u00e0 la r\u00e9solution inopportune (pour une infime minorit\u00e9) d&#8217;une crise touchant l&#8217;immense majorit\u00e9 ? L&#8217;avenir le dira.<\/em><\/p>\n<p style=\"text-align: justify;\"><em>Mais il est au moins aussi important de conna\u00eetre la r\u00e9action des autorit\u00e9s \u00e0 cette d\u00e9couverte prometteuse que les d\u00e9veloppements purement m\u00e9dicamenteux de l&#8217;affaire, sachant que la crise est politique avant d&#8217;\u00eatre sanitaire.<\/em>]<\/p>\n<hr \/>\n<p style=\"text-align: center;\"><iframe loading=\"lazy\" width=\"640\" height=\"360\" src=\"https:\/\/www.youtube.com\/embed\/93W_R2yMy1o\" frameborder=\"0\" allow=\"accelerometer; autoplay; clipboard-write; encrypted-media; gyroscope; picture-in-picture\" allowfullscreen=\"allowfullscreen\"><\/iframe><\/p>\n","protected":false},"excerpt":{"rendered":"<p>[Note de l&#8217;administrateur de ce blog : si le virus SARS-CoV-2 est utilis\u00e9 \u00e0 des fins politiques, alors il importe pour ceux qui l&#8217;utilisent d&#8217;\u00e9liminer tous les grains de sable qui viendraient contrarier le plan \u00e9tabli. Comme, par exemple, l&#8217;existence de rem\u00e8des efficaces et peu chers&#8230; ou m\u00eame la &#8220;croyance&#8221; que la crise sanitaire en [&hellip;]<\/p>\n","protected":false},"author":1,"featured_media":0,"comment_status":"open","ping_status":"open","sticky":false,"template":"","format":"video","meta":[],"categories":[134,133,3,29],"tags":[1542,2194,2190,2191,2193,1558,2192],"_links":{"self":[{"href":"https:\/\/aitia.fr\/erd\/wp-json\/wp\/v2\/posts\/17712"}],"collection":[{"href":"https:\/\/aitia.fr\/erd\/wp-json\/wp\/v2\/posts"}],"about":[{"href":"https:\/\/aitia.fr\/erd\/wp-json\/wp\/v2\/types\/post"}],"author":[{"embeddable":true,"href":"https:\/\/aitia.fr\/erd\/wp-json\/wp\/v2\/users\/1"}],"replies":[{"embeddable":true,"href":"https:\/\/aitia.fr\/erd\/wp-json\/wp\/v2\/comments?post=17712"}],"version-history":[{"count":6,"href":"https:\/\/aitia.fr\/erd\/wp-json\/wp\/v2\/posts\/17712\/revisions"}],"predecessor-version":[{"id":17718,"href":"https:\/\/aitia.fr\/erd\/wp-json\/wp\/v2\/posts\/17712\/revisions\/17718"}],"wp:attachment":[{"href":"https:\/\/aitia.fr\/erd\/wp-json\/wp\/v2\/media?parent=17712"}],"wp:term":[{"taxonomy":"category","embeddable":true,"href":"https:\/\/aitia.fr\/erd\/wp-json\/wp\/v2\/categories?post=17712"},{"taxonomy":"post_tag","embeddable":true,"href":"https:\/\/aitia.fr\/erd\/wp-json\/wp\/v2\/tags?post=17712"}],"curies":[{"name":"wp","href":"https:\/\/api.w.org\/{rel}","templated":true}]}}