{"id":17696,"date":"2021-02-24T21:37:45","date_gmt":"2021-02-24T20:37:45","guid":{"rendered":"https:\/\/aitia.fr\/erd\/?p=17696"},"modified":"2021-02-24T21:37:45","modified_gmt":"2021-02-24T20:37:45","slug":"antonio-guterres-limpact-de-la-covid-19-sur-les-droits-civils-politiques-onu","status":"publish","type":"post","link":"https:\/\/aitia.fr\/erd\/antonio-guterres-limpact-de-la-covid-19-sur-les-droits-civils-politiques-onu\/","title":{"rendered":"Ant\u00f3nio Guterres : l&#8217;impact de la Covid-19 <br>sur les droits civils &#038; politiques (ONU)"},"content":{"rendered":"<p style=\"text-align: justify;\">[<em>Note de l&#8217;administrateur de ce blog : en d\u00e9non\u00e7ant moult d\u00e9rives autoritaires de gouvernements ayant utilis\u00e9 la COVID-19 comme une aubaine pour faire avancer leur agenda politique autoritaire, le secr\u00e9taire g\u00e9n\u00e9ral de l&#8217;ONU rejoint donc la cohorte mal fam\u00e9e des complotistes.<\/em><\/p>\n<p style=\"text-align: justify;\"><em>Le couplet &#8220;f\u00e9ministe&#8221; et &#8220;inclusif&#8221; arrive un peu comme un cheveu sur la soupe, mais ne boudons pas notre plaisir : il est quand m\u00eame rassurant de voir que le rappel des \u00e9vidences n&#8217;est pas r\u00e9serv\u00e9 aux &#8220;dissidents&#8221;.<\/em>]<\/p>\n<hr \/>\n<p style=\"text-align: center;\"><iframe loading=\"lazy\" width=\"640\" height=\"360\" src=\"https:\/\/www.youtube.com\/embed\/sI44H4X7eZ0\" frameborder=\"0\" allow=\"accelerometer; autoplay; clipboard-write; encrypted-media; gyroscope; picture-in-picture\" allowfullscreen=\"allowfullscreen\"><\/iframe><\/p>\n","protected":false},"excerpt":{"rendered":"<p>[Note de l&#8217;administrateur de ce blog : en d\u00e9non\u00e7ant moult d\u00e9rives autoritaires de gouvernements ayant utilis\u00e9 la COVID-19 comme une aubaine pour faire avancer leur agenda politique autoritaire, le secr\u00e9taire g\u00e9n\u00e9ral de l&#8217;ONU rejoint donc la cohorte mal fam\u00e9e des complotistes. Le couplet &#8220;f\u00e9ministe&#8221; et &#8220;inclusif&#8221; arrive un peu comme un cheveu sur la soupe, [&hellip;]<\/p>\n","protected":false},"author":1,"featured_media":0,"comment_status":"open","ping_status":"open","sticky":false,"template":"","format":"video","meta":[],"categories":[4,133,29],"tags":[2189,1542,1687,166,1879],"_links":{"self":[{"href":"https:\/\/aitia.fr\/erd\/wp-json\/wp\/v2\/posts\/17696"}],"collection":[{"href":"https:\/\/aitia.fr\/erd\/wp-json\/wp\/v2\/posts"}],"about":[{"href":"https:\/\/aitia.fr\/erd\/wp-json\/wp\/v2\/types\/post"}],"author":[{"embeddable":true,"href":"https:\/\/aitia.fr\/erd\/wp-json\/wp\/v2\/users\/1"}],"replies":[{"embeddable":true,"href":"https:\/\/aitia.fr\/erd\/wp-json\/wp\/v2\/comments?post=17696"}],"version-history":[{"count":3,"href":"https:\/\/aitia.fr\/erd\/wp-json\/wp\/v2\/posts\/17696\/revisions"}],"predecessor-version":[{"id":17699,"href":"https:\/\/aitia.fr\/erd\/wp-json\/wp\/v2\/posts\/17696\/revisions\/17699"}],"wp:attachment":[{"href":"https:\/\/aitia.fr\/erd\/wp-json\/wp\/v2\/media?parent=17696"}],"wp:term":[{"taxonomy":"category","embeddable":true,"href":"https:\/\/aitia.fr\/erd\/wp-json\/wp\/v2\/categories?post=17696"},{"taxonomy":"post_tag","embeddable":true,"href":"https:\/\/aitia.fr\/erd\/wp-json\/wp\/v2\/tags?post=17696"}],"curies":[{"name":"wp","href":"https:\/\/api.w.org\/{rel}","templated":true}]}}