{"id":17675,"date":"2021-02-18T19:34:30","date_gmt":"2021-02-18T18:34:30","guid":{"rendered":"https:\/\/aitia.fr\/erd\/?p=17675"},"modified":"2021-02-18T19:34:30","modified_gmt":"2021-02-18T18:34:30","slug":"nos-terroristes-sont-bien-imprudents-antipresse","status":"publish","type":"post","link":"https:\/\/aitia.fr\/erd\/nos-terroristes-sont-bien-imprudents-antipresse\/","title":{"rendered":"Nos terroristes sont bien imprudents&#8230; (Antipresse)"},"content":{"rendered":"<div id=\"attachment_17685\" style=\"width: 440px\" class=\"wp-caption alignleft\"><a href=\"https:\/\/aitia.fr\/erd\/wp-content\/uploads\/2021\/02\/La-Geste-Covide.png\" target=\"_blank\" rel=\"noopener\"><img aria-describedby=\"caption-attachment-17685\" decoding=\"async\" loading=\"lazy\" class=\"wp-image-17685\" src=\"https:\/\/aitia.fr\/erd\/wp-content\/uploads\/2021\/02\/La-Geste-Covide-copie.png\" alt=\"La Geste Covide ou Tapestrie de Greux de Yul Caravage.\" width=\"430\" height=\"306\" srcset=\"https:\/\/aitia.fr\/erd\/wp-content\/uploads\/2021\/02\/La-Geste-Covide-copie.png 556w, https:\/\/aitia.fr\/erd\/wp-content\/uploads\/2021\/02\/La-Geste-Covide-copie-300x214.png 300w\" sizes=\"(max-width: 430px) 100vw, 430px\" \/><\/a><p id=\"caption-attachment-17685\" class=\"wp-caption-text\"><i>La Geste Covide ou Tapestrie de Greux<\/i> de Yul Caravage.<\/p><\/div>\n<p style=\"text-align: justify;\">[<em>Note de l&#8217;administrateur de ce blog : l&#8217;Antipresse a encore montr\u00e9, dans sa livraison du dimanche 14 f\u00e9vrier, combien la raison et la rigueur n&#8217;\u00e9taient pas l&#8217;apanage des scientifiques mais celui de toute personne r\u00e9solue \u00e0 utiliser correctement son cerveau. Et quand en plus c&#8217;est \u00e9crit avec style, c&#8217;est encore plus percutant.<\/em><\/p>\n<p style=\"text-align: justify;\"><em>J&#8217;encourage donc mes lecteurs \u00e0 soutenir cet hebdomadaire num\u00e9rique (mais \u00e0 la composition, que vous ne verrez pas ici, digne des meilleures publications sur papier) en s&#8217;y abonnant <a href=\"https:\/\/antipresse.net\/\" target=\"_blank\" rel=\"noopener\">\u00e0 partir de cette page<\/a>.<\/em><\/p>\n<p style=\"text-align: justify;\"><em>On se dirige donc, lentement mais s\u00fbrement, vers un nouveau proc\u00e8s de Nuremberg, car m\u00eame si les mensonges prennent l&#8217;ascenseur (des media de grand chemin) tandis que la v\u00e9rit\u00e9 doit se contenter de l&#8217;escalier, celle-ci finit toujours par avoir le dessus car elle est pouss\u00e9e par la force de la logique. Et l&#8217;immense majorit\u00e9 des humains non-psychopathes. D\u00e9j\u00e0, ici ou l\u00e0, quelques fleurs de raison \u00e9closent, comme en Su\u00e8de o\u00f9 l&#8217;Agence Publique de la Sant\u00e9 <a href=\"https:\/\/www.thelocal.se\/20210122\/swedish-public-health-agency-wear-medical-masks-on-public-transport-not-cloth-masks\" target=\"_blank\" rel=\"noopener\">ne <strong>recommande<\/strong> le port du masque<\/a> qu&#8217;aux heures de grande affluence dans les transports en commun, et o\u00f9 des municipalit\u00e9s <a href=\"https:\/\/theconversation.com\/covid-why-are-swedish-towns-banning-masks-153681\" target=\"_blank\" rel=\"noopener\"><strong>l&#8217;ont m\u00eame interdit<\/strong> dans certains cas, notamment \u00e0 l&#8217;\u00e9cole<\/a>.<\/em><\/p>\n<p><em>Quant au documentaire &#8220;Ceci n&#8217;est pas un complot&#8221; dont il est question dans l&#8217;article, il peut \u00eatre regard\u00e9 <a href=\"https:\/\/www.youtube.com\/watch?v=mqUOTj-1d5E\" target=\"_blank\" rel=\"noopener\">gratuitement ici<\/a>, ou <a href=\"https:\/\/odysee.com\/@PilluleRouge:1\/Ceci-n'est-pas-un-complot---2021---VF:4\" target=\"_blank\" rel=\"noopener\">encore l\u00e0<\/a> (si YouTube d\u00e9cide qu&#8217;il doit dispara\u00eetre).<\/em><\/p>\n<p style=\"text-align: justify;\"><em>La p\u00e9dagogie est l&#8217;art de la r\u00e9p\u00e9tition. Et exige donc autant de patience que de d\u00e9termination.<\/em>]<\/p>\n<hr \/>\n<p><em>par Slobodan Despot<\/em><\/p>\n<p style=\"text-align: justify;\"><strong>Apr\u00e8s les r\u00e9v\u00e9lations de \u00ab Die Welt \u00bb et du film \u00ab Ceci n\u2019est pas un complot \u00bb, la gestion du Covid en Europe de l\u2019Ouest appara\u00eet comme une guerre pr\u00e9ventive des autorit\u00e9s contre&#8230; leur propre population. Quelle en sera l\u2019issue ?<\/strong><\/p>\n<p style=\"text-align: justify;\">Le 7 f\u00e9vrier dernier, l\u2019hebdomadaire bon teint <em>Die Welt<\/em> r\u00e9v\u00e9lait que le minist\u00e8re de l\u2019Int\u00e9rieur allemand, dirig\u00e9 par Horst Seehofer, avait fait pression en mars 2020 sur les institutions scientifiques pour leur faire \u00e9laborer une projection d\u00e9lib\u00e9r\u00e9ment alarmiste de l\u2019\u00e9volution du Covid-19 et justifier ainsi une politique sanitaire \u00abpr\u00e9ventive et r\u00e9pressive\u00bb. La mod\u00e9lisation de la pand\u00e9mie fut pr\u00eate en quatre jours seulement. Les savants produiront m\u00eame un \u00abWorst Case Scenario\u00bb pr\u00e9voyant un million de morts.<\/p>\n<p style=\"text-align: justify;\">Quelques jours plus t\u00f4t, la projection math\u00e9matique de Neil Ferguson, de l\u2019Imperial College, avait sem\u00e9 la panique dans le gouvernement britannique en le soumettant au chantage : tu confines ou tu r\u00e9ponds d\u2019un demi-million de morts&#8230; Sur la base du m\u00eame document, M. Macron\u00ae, soudain livide, cessait de se faire voir au th\u00e9\u00e2tre et entamait l\u2019\u00e9tranglement de la vie \u00e9conomique, culturelle et sociale fran\u00e7aise.<\/p>\n<p><!--more--><\/p>\n<p style=\"text-align: justify;\">La mod\u00e9lisation Ferguson a depuis \u00e9t\u00e9 d\u00e9mentie, et la validit\u00e9 des confinements pour combattre la pand\u00e9mie largement mise en cause. Cela n\u2019a eu aucune incidence sur le pilotage des autorit\u00e9s.<\/p>\n<p style=\"text-align: justify;\">La r\u00e9v\u00e9lation de <em>Die Welt<\/em> n\u2019en est pas vraiment une. On avait subodor\u00e9 depuis longtemps que la pand\u00e9mie \u00e9tait utilis\u00e9e comme alibi pour une \u00ab r\u00e9volte des \u00e9lites \u00bb contre leur propre population. Depuis bient\u00f4t un an, on nous habitue \u00e0 consid\u00e9rer l\u2019\u00e9tat d\u2019urgence comme une condition d\u2019existence ordinaire.<\/p>\n<p style=\"text-align: justify;\">C\u2019est la \u00ab nouvelle normalit\u00e9 \u00bb. Une nouvelle normalit\u00e9 fond\u00e9e sur quoi ? Sur des projections fausses et extorqu\u00e9es. A l\u2019heure o\u00f9 j\u2019\u00e9cris, la mortalit\u00e9 du Covid reflue inexorablement et les gouverm\u00e9dias (c\u2019est un tout d\u00e9sormais) semblent pris de panique face \u00e0 cette bonne nouvelle. Pour justifier la destruction nucl\u00e9aire des \u00e9conomies et des vies qu\u2019ils ont initi\u00e9e, il faudrait aujourd\u2019hui une \u00e9pid\u00e9mie au moins aussi mortelle que l\u2019Ebola&#8230; Mais le Covid ne lui arrive pas \u00e0 la cheville. Les 99,9 % des infect\u00e9s lui survivent. C\u2019est un \u00ab flop \u00bb terrible de la narration impos\u00e9e. Quelqu\u2019un va bien devoir en r\u00e9pondre. Ou pas ?<\/p>\n<h2>Anxio-g\u00e9nies<\/h2>\n<p style=\"text-align: justify;\">Au m\u00eame moment, en Belgique, paraissait le film de Bernard Crutzen, <em>Ceci n\u2019est pas un complot<\/em>. Ce documentaire de 70 minutes, \u0153uvre d\u2019un cin\u00e9aste reconnu, pointe sobrement le c\u0153ur du probl\u00e8me : la fabrication du consentement par une surench\u00e8re de terreur m\u00e9diatique. Le film a bien entendu \u00e9t\u00e9 d\u00e9nigr\u00e9 par les m\u00e9dias vis\u00e9s, des intervenants \u2014 comme pour <em>Hold-Up<\/em> \u2014 se sont \u00ab distanci\u00e9s \u00bb, mais les images ne mentent pas. On peut y voir, entre autres (min. 35), comment les experts et leurs alli\u00e9s m\u00e9diatiques fabriquent la <em>news<\/em> gla\u00e7ante de la mort par Covid d\u2019une fillette de trois ans \u2014 puis le d\u00e9menti formel du p\u00e8re de l\u2019enfant : elle avait agonis\u00e9 d\u2019une maladie neuromusculaire. A ce jour, les m\u00e9dias belges n\u2019ont pas corrig\u00e9 ce faux. On y voit aussi le premier virologue du pays, Marc Van Ranst, cribl\u00e9 de conflits d\u2019int\u00e9r\u00eats avec la pharma, se vanter dans une conf\u00e9rence (min. 22) comment il avait r\u00e9ussi \u00e0 mobiliser les m\u00e9dias lors de l\u2019\u00e9pisode H1N1 \u2014 et m\u00eame raconter avec gourmandise (en 2009 d\u00e9j\u00e0 !) la manipulation des chiffres de d\u00e9c\u00e8s. Ni la compromission, ni le cynisme av\u00e9r\u00e9, ni la d\u00e9loyaut\u00e9 du personnage \u00e0 l\u2019\u00e9gard du public ne l\u2019ont emp\u00each\u00e9, en 2020, de \u00ab souffler \u00e0 l\u2019oreille \u00bb des d\u00e9cideurs&#8230; et des journalistes encore, bien entendu.<\/p>\n<p style=\"text-align: justify;\">Vers la fin du film, on entend en voix off un responsable belge annoncer l\u2019abolition des contacts physiques \u00ab aussi bri\u00e8vement que possible, mais aussi longtemps qu\u2019il le faudra \u00bb (01h00). La formule ressemble \u00e0 s\u2019y m\u00e9prendre \u00e0 la phrase culte du ministre suisse de la Sant\u00e9, Alain Berset, \u00ab agir aussi vite que possible, mais aussi lentement que n\u00e9cessaire \u00bb. Les Belges et les Suisses auraient-ils le m\u00eame cabinet de communication?<\/p>\n<p style=\"text-align: justify;\">Sur le constat g\u00e9n\u00e9ral, quoi qu\u2019il en soit, l\u2019enqu\u00eate Crutzen aurait presque pu \u00eatre tourn\u00e9e n\u2019importe o\u00f9 ailleurs dans le monde occidental. En Suisse comme chez les Bataves, la rh\u00e9torique de l\u2019intimidation et de la terreur bat son plein. Les m\u00e9dias de grand chemin ne servent pas de contre-pouvoir mais de caisses de r\u00e9sonance, le patron de la \u00abTask Force\u00bb est issu d\u2019un laboratoire qui a re\u00e7u des millions de la Fondation Gates, les mesures les plus absurdes s\u2019encha\u00eenent sans recul ni proportion et personne dans le parlement de la Belle au Bois dormant ne pose aucune question.<\/p>\n<p style=\"text-align: justify;\">On pourrait pourtant profiter du scandale allemand pour se demander si les m\u00eames pressions n\u2019ont pas \u00e9t\u00e9 exerc\u00e9es ailleurs. On se souvient qu\u2019\u00e0 l\u2019heure de se retirer, le 28 mai, le \u00ab M. Covid \u00bb suisse, Daniel Koch, avait confess\u00e9 son d\u00e9saccord avec les politiques, notamment sur la fermeture des \u00e9coles, mesure nullement motiv\u00e9e par l\u2019urgence sanitaire :<\/p>\n<blockquote>\n<p style=\"text-align: justify;\">\u00ab Sur le plan \u00e9pid\u00e9miologique, ce n\u2019\u00e9tait pas une n\u00e9cessit\u00e9. Mais sur le plan de faire comprendre la situation, c\u2019\u00e9tait bien qu\u2019on l\u2019a (sic) fait. \u00bb<\/p>\n<\/blockquote>\n<p><\/p>\n<p style=\"text-align: justify;\">Quelle situation si \u00e9pouvantable s\u2019agissait-il de faire comprendre en mai 2020, pourrait-on se demander aujourd\u2019hui, au vu des courbes de mortalit\u00e9 d\u00e9sesp\u00e9r\u00e9ment ordinaires ? Mais personne ne se demande rien.<\/p>\n<h2 style=\"text-align: justify;\">\u00c9tranges imp(r)udences<\/h2>\n<p style=\"text-align: justify;\">Crutzen a raison : ce n\u2019est pas un complot, parce que tout est fait en pleine lumi\u00e8re. Si cela a march\u00e9, c\u2019est parce qu\u2019en 2020, les populations des pays d\u00e9mocratiques ne voyaient aucune raison de se m\u00e9fier de leurs dirigeants. Or ce qu\u2019il d\u00e9crit, et que les \u00e9v\u00e9nements attestent, c\u2019est une v\u00e9ritable guerre, ou une exp\u00e9rience v\u00e9t\u00e9rinaire, des m\u00eames dirigeants \u00e0 l\u2019encontre de leur propre population.<\/p>\n<p style=\"text-align: justify;\">Ce qui frappe dans l\u2019impudence et l\u2019imprudence de leurs agissements (il y a 200 pages d\u2019e-mails dans le dossier du montage allemand !), c\u2019est que les responsables semblent avoir agi avec la conviction absolue de leur impunit\u00e9. Comme si personne ne les regardait. Comme si personne n\u2019allait plus devoir r\u00e9pondre de ses actes, essuyer une non-r\u00e9\u00e9lection, \u00eatre convoqu\u00e9 par la justice. Comme si, au terme de l\u2019exp\u00e9rience, les cobayes devaient \u00eatre mis \u00e0 mort ou d\u00e9finitivement b\u00e2illonn\u00e9s.<\/p>\n<p style=\"text-align: justify;\">Or les cobayes sont toujours l\u00e0, ces m\u00eames autorit\u00e9s aussi, mais la confiance est de toute \u00e9vidence rompue. Comment va-t-on sortir de ce \u00ab stand-off \u00bb ? Par le raidissement d\u2019abord, sans doute : encore plus de verrouillage et plus de mensonges. Jusqu\u2019\u00e0 ce que cela casse d\u00e9finitivement. Et ce jour-l\u00e0, plus personne ne pensera aux \u00ab mesures de distanciation \u00bb.<\/p>\n<p style=\"text-align: center;\">______________<\/p>\n<p><em>Compl\u00e9ment musical \u00e0 cet article (parce que tout ce qui ram\u00e8ne \u00e0 l&#8217;humanit\u00e9 est bon \u00e0 prendre) :<\/em><\/p>\n<p style=\"text-align: center;\"><iframe loading=\"lazy\" width=\"640\" height=\"360\" src=\"https:\/\/www.youtube.com\/embed\/jAX5zUMZhbE\" frameborder=\"0\" allow=\"accelerometer; autoplay; clipboard-write; encrypted-media; gyroscope; picture-in-picture\" allowfullscreen=\"allowfullscreen\"><\/iframe><\/p>\n","protected":false},"excerpt":{"rendered":"<p>[Note de l&#8217;administrateur de ce blog : l&#8217;Antipresse a encore montr\u00e9, dans sa livraison du dimanche 14 f\u00e9vrier, combien la raison et la rigueur n&#8217;\u00e9taient pas l&#8217;apanage des scientifiques mais celui de toute personne r\u00e9solue \u00e0 utiliser correctement son cerveau. Et quand en plus c&#8217;est \u00e9crit avec style, c&#8217;est encore plus percutant. J&#8217;encourage donc mes [&hellip;]<\/p>\n","protected":false},"author":1,"featured_media":0,"comment_status":"open","ping_status":"open","sticky":false,"template":"","format":"standard","meta":[],"categories":[134,3,29],"tags":[390,1542,1687,1546,391,2188],"_links":{"self":[{"href":"https:\/\/aitia.fr\/erd\/wp-json\/wp\/v2\/posts\/17675"}],"collection":[{"href":"https:\/\/aitia.fr\/erd\/wp-json\/wp\/v2\/posts"}],"about":[{"href":"https:\/\/aitia.fr\/erd\/wp-json\/wp\/v2\/types\/post"}],"author":[{"embeddable":true,"href":"https:\/\/aitia.fr\/erd\/wp-json\/wp\/v2\/users\/1"}],"replies":[{"embeddable":true,"href":"https:\/\/aitia.fr\/erd\/wp-json\/wp\/v2\/comments?post=17675"}],"version-history":[{"count":16,"href":"https:\/\/aitia.fr\/erd\/wp-json\/wp\/v2\/posts\/17675\/revisions"}],"predecessor-version":[{"id":17695,"href":"https:\/\/aitia.fr\/erd\/wp-json\/wp\/v2\/posts\/17675\/revisions\/17695"}],"wp:attachment":[{"href":"https:\/\/aitia.fr\/erd\/wp-json\/wp\/v2\/media?parent=17675"}],"wp:term":[{"taxonomy":"category","embeddable":true,"href":"https:\/\/aitia.fr\/erd\/wp-json\/wp\/v2\/categories?post=17675"},{"taxonomy":"post_tag","embeddable":true,"href":"https:\/\/aitia.fr\/erd\/wp-json\/wp\/v2\/tags?post=17675"}],"curies":[{"name":"wp","href":"https:\/\/api.w.org\/{rel}","templated":true}]}}