{"id":17650,"date":"2021-02-15T10:21:35","date_gmt":"2021-02-15T09:21:35","guid":{"rendered":"https:\/\/aitia.fr\/erd\/?p=17650"},"modified":"2021-02-15T10:21:35","modified_gmt":"2021-02-15T09:21:35","slug":"covid-19-point-de-situation-du-samedi-13-fevrier-2021-0h00-gmt-general-delawarde","status":"publish","type":"post","link":"https:\/\/aitia.fr\/erd\/covid-19-point-de-situation-du-samedi-13-fevrier-2021-0h00-gmt-general-delawarde\/","title":{"rendered":"COVID-19 : Point de situation du samedi 13 f\u00e9vrier 2021 0h00 GMT (G\u00e9n\u00e9ral Delawarde)"},"content":{"rendered":"<p style=\"text-align: justify;\"><img decoding=\"async\" loading=\"lazy\" class=\"size-full wp-image-16270 alignleft\" src=\"https:\/\/aitia.fr\/erd\/wp-content\/uploads\/2020\/10\/General-D.-Delawarde.jpg\" alt=\"\" width=\"334\" height=\"269\" srcset=\"https:\/\/aitia.fr\/erd\/wp-content\/uploads\/2020\/10\/General-D.-Delawarde.jpg 334w, https:\/\/aitia.fr\/erd\/wp-content\/uploads\/2020\/10\/General-D.-Delawarde-300x242.jpg 300w\" sizes=\"(max-width: 334px) 100vw, 334px\" \/>[<em>Note de l&#8217;administrateur de ce blog : le <a href=\"https:\/\/www.association-eclat.fr\/delawarde-dominique-E92.html\" target=\"_blank\" rel=\"noopener noreferrer\">g\u00e9n\u00e9ral Dominique Delawarde<\/a> n&#8217;est pas seulement un auteur et conf\u00e9rencier tr\u00e8s au fait de la politique internationale, il r\u00e9dige \u00e9galement deux fois par mois des points de situation sur la &#8220;pand\u00e9mie&#8221; COVID-19 qu&#8217;il communique \u00e0 ses correspondants sous forme d&#8217;un document au format PDF. J&#8217;avais d\u00e9j\u00e0 diffus\u00e9 <a href=\"https:\/\/aitia.fr\/erd\/covid-19-point-de-situation-du-samedi-24-octobre-0h00-gmt-general-delawarde\/\" target=\"_blank\" rel=\"noopener\">le 24 octobre dernier<\/a> son bilan \u00e9pid\u00e9mique du moment. <\/em><\/p>\n<p style=\"text-align: justify;\"><em>Une fois n&#8217;est pas coutume, les nouvelles sont plut\u00f4t bonnes, puisque :<\/em><\/p>\n<ul style=\"text-align: justify;\">\n<li><em><strong>l&#8217;\u00e9pid\u00e9mie r\u00e9gresse<\/strong> au niveau mondial, sans que l&#8217;on sache pr\u00e9cis\u00e9ment pourquoi (Didier Raoult nous avait bien pr\u00e9venu sur ce genre de myst\u00e8re) ;<\/em><\/li>\n<li><em>elle le fait naturellement, cette am\u00e9lioration <strong>ne pouvant en aucun cas \u00eatre attribu\u00e9e aux vaccins<\/strong> vu le faible nombre de personnes concern\u00e9es ;<\/em><\/li>\n<li><em>on constate toujours que <strong>ce sont les pays les plus pauvres<\/strong>, et vraisemblablement les moins soumis \u00e0 la d\u00e9sinformation et aux promesses mirobolantes (pour leurs chiffres d&#8217;affaires) des laboratoires pharmaceutiques, <strong>qui s&#8217;en sortent le mieux<\/strong> et de loin ;<\/em><\/li>\n<li><em>le g\u00e9n\u00e9ral Delawarde rappelle une nouvelle fois dans l&#8217;avant-propos qu&#8217;historiquement, la <a href=\"https:\/\/fr.wikipedia.org\/wiki\/Grippe_asiatique\" target=\"_blank\" rel=\"noopener noreferrer\">grippe &#8220;asiatique&#8221; de 1956-1958<\/a> et celle <a href=\"https:\/\/fr.wikipedia.org\/wiki\/Grippe_de_Hong_Kong\" target=\"_blank\" rel=\"noopener noreferrer\">&#8220;de Hong Kong&#8221; de 1968-1970<\/a> (sans m\u00eame aller chercher la fameuse et tr\u00e8s meurtri\u00e8re&#8221;grippe espagnole&#8221; de 1918-1920) <strong>firent encore plus de victimes<\/strong> en pourcentage de la population mondiale sans susciter une pareille hyst\u00e9rie<\/em><em>.<\/em><\/li>\n<\/ul>\n<p style=\"text-align: justify;\"><em>La seule mauvaise nouvelle, c&#8217;est que les gouvernements continuent \u00e0 mentir et \u00e0 entretenir la peur, et que l&#8217;ensemble des humains n&#8217;a pas encore compris que ce qui vient &#8220;d&#8217;en haut&#8221; (gouvernement, media, institutions diverses&#8230;) ne doit pas \u00eatre cru aveugl\u00e9ment. Et peut m\u00eame, et <strong>doit m\u00eame<\/strong> si n\u00e9cessaire \u00eatre d\u00e9nonc\u00e9 comme criminel.<br \/>\n<\/em><\/p>\n<p style=\"text-align: justify;\"><em>Bonne lecture ! (cliquer sur l&#8217;image pour t\u00e9l\u00e9charger le document)<\/em>]<\/p>\n<hr \/>\n<p><a href=\"https:\/\/aitia.fr\/erd\/wp-content\/uploads\/2021\/02\/Point-de-Situation-du-Samedi13-fe\u0301vrier-0h00-GMT.pdf\" target=\"_blank\" rel=\"noopener\"><img decoding=\"async\" loading=\"lazy\" class=\"aligncenter wp-image-17653 size-full\" src=\"https:\/\/aitia.fr\/erd\/wp-content\/uploads\/2021\/02\/point-de-situation-COVID-samedi-13-fevrier-2021-1.png\" alt=\"\" width=\"600\" height=\"751\" srcset=\"https:\/\/aitia.fr\/erd\/wp-content\/uploads\/2021\/02\/point-de-situation-COVID-samedi-13-fevrier-2021-1.png 600w, https:\/\/aitia.fr\/erd\/wp-content\/uploads\/2021\/02\/point-de-situation-COVID-samedi-13-fevrier-2021-1-240x300.png 240w\" sizes=\"(max-width: 600px) 100vw, 600px\" \/><\/a><\/p>\n","protected":false},"excerpt":{"rendered":"<p>[Note de l&#8217;administrateur de ce blog : le g\u00e9n\u00e9ral Dominique Delawarde n&#8217;est pas seulement un auteur et conf\u00e9rencier tr\u00e8s au fait de la politique internationale, il r\u00e9dige \u00e9galement deux fois par mois des points de situation sur la &#8220;pand\u00e9mie&#8221; COVID-19 qu&#8217;il communique \u00e0 ses correspondants sous forme d&#8217;un document au format PDF. J&#8217;avais d\u00e9j\u00e0 diffus\u00e9 [&hellip;]<\/p>\n","protected":false},"author":1,"featured_media":0,"comment_status":"open","ping_status":"open","sticky":false,"template":"","format":"standard","meta":[],"categories":[4,134,3,29],"tags":[1542,1687,48,1546,1932,1730],"_links":{"self":[{"href":"https:\/\/aitia.fr\/erd\/wp-json\/wp\/v2\/posts\/17650"}],"collection":[{"href":"https:\/\/aitia.fr\/erd\/wp-json\/wp\/v2\/posts"}],"about":[{"href":"https:\/\/aitia.fr\/erd\/wp-json\/wp\/v2\/types\/post"}],"author":[{"embeddable":true,"href":"https:\/\/aitia.fr\/erd\/wp-json\/wp\/v2\/users\/1"}],"replies":[{"embeddable":true,"href":"https:\/\/aitia.fr\/erd\/wp-json\/wp\/v2\/comments?post=17650"}],"version-history":[{"count":7,"href":"https:\/\/aitia.fr\/erd\/wp-json\/wp\/v2\/posts\/17650\/revisions"}],"predecessor-version":[{"id":17660,"href":"https:\/\/aitia.fr\/erd\/wp-json\/wp\/v2\/posts\/17650\/revisions\/17660"}],"wp:attachment":[{"href":"https:\/\/aitia.fr\/erd\/wp-json\/wp\/v2\/media?parent=17650"}],"wp:term":[{"taxonomy":"category","embeddable":true,"href":"https:\/\/aitia.fr\/erd\/wp-json\/wp\/v2\/categories?post=17650"},{"taxonomy":"post_tag","embeddable":true,"href":"https:\/\/aitia.fr\/erd\/wp-json\/wp\/v2\/tags?post=17650"}],"curies":[{"name":"wp","href":"https:\/\/api.w.org\/{rel}","templated":true}]}}