{"id":17636,"date":"2021-02-10T20:40:45","date_gmt":"2021-02-10T19:40:45","guid":{"rendered":"https:\/\/aitia.fr\/erd\/?p=17636"},"modified":"2021-02-10T20:40:45","modified_gmt":"2021-02-10T19:40:45","slug":"2020-la-moisson-des-morts-decoder-leco","status":"publish","type":"post","link":"https:\/\/aitia.fr\/erd\/2020-la-moisson-des-morts-decoder-leco\/","title":{"rendered":"2020 : la moisson des morts (D\u00e9coder l&#8217;\u00e9co)"},"content":{"rendered":"<p style=\"text-align: justify;\">[<em>Note de l&#8217;administrateur de ce blog : quelques \u00e9vidences utiles \u00e0 rappeler (comme le fait que toute personne vivante gravit chaque ann\u00e9e un \u00e9chelon dans la pyramide des \u00e2ges) et une analyse suffisamment fine des donn\u00e9es d\u00e9mographiques pour faire passer tout discours alarmiste sur la &#8220;pand\u00e9mie COVID-19&#8221;\u00a0 comme au mieux, une marque d&#8217;ignorance, et au pire, une volont\u00e9 de tromper et de nuire. Si vous n&#8217;avez pas le temps de tout \u00e9couter : la COVID-19 n&#8217;a caus\u00e9, en France, <strong>aucune<\/strong> surmortalit\u00e9 globale des moins de 65 ans.<br \/>\n<\/em><\/p>\n<p style=\"text-align: justify;\"><em>L&#8217;auteur de la vid\u00e9o a \u00e9galement r\u00e9alis\u00e9 une s\u00e9ance de questions-r\u00e9ponses interactive intitul\u00e9e <a href=\"https:\/\/www.youtube.com\/watch?v=4Gr0P0i-neM\" target=\"_blank\" rel=\"noopener\">&#8220;Trouver et analyser les bons chiffres de d\u00e9c\u00e8s&#8221;<\/a> \u00e0 la suite de ce travail, il y a quelques jours.<\/em>]<\/p>\n<hr \/>\n<p style=\"text-align: center;\"><iframe loading=\"lazy\" width=\"640\" height=\"360\" src=\"https:\/\/www.youtube.com\/embed\/ufivMhlZ6Us\" frameborder=\"0\" allow=\"accelerometer; autoplay; clipboard-write; encrypted-media; gyroscope; picture-in-picture\" allowfullscreen=\"allowfullscreen\"><span style=\"display: inline-block; width: 0px; overflow: hidden; line-height: 0;\" data-mce-type=\"bookmark\" class=\"mce_SELRES_start\">\ufeff<\/span><\/iframe><\/p>\n","protected":false},"excerpt":{"rendered":"<p>[Note de l&#8217;administrateur de ce blog : quelques \u00e9vidences utiles \u00e0 rappeler (comme le fait que toute personne vivante gravit chaque ann\u00e9e un \u00e9chelon dans la pyramide des \u00e2ges) et une analyse suffisamment fine des donn\u00e9es d\u00e9mographiques pour faire passer tout discours alarmiste sur la &#8220;pand\u00e9mie COVID-19&#8221;\u00a0 comme au mieux, une marque d&#8217;ignorance, et au [&hellip;]<\/p>\n","protected":false},"author":1,"featured_media":0,"comment_status":"open","ping_status":"open","sticky":false,"template":"","format":"video","meta":[],"categories":[133,3,29],"tags":[2186,1542,2185,1687,48,1546],"_links":{"self":[{"href":"https:\/\/aitia.fr\/erd\/wp-json\/wp\/v2\/posts\/17636"}],"collection":[{"href":"https:\/\/aitia.fr\/erd\/wp-json\/wp\/v2\/posts"}],"about":[{"href":"https:\/\/aitia.fr\/erd\/wp-json\/wp\/v2\/types\/post"}],"author":[{"embeddable":true,"href":"https:\/\/aitia.fr\/erd\/wp-json\/wp\/v2\/users\/1"}],"replies":[{"embeddable":true,"href":"https:\/\/aitia.fr\/erd\/wp-json\/wp\/v2\/comments?post=17636"}],"version-history":[{"count":2,"href":"https:\/\/aitia.fr\/erd\/wp-json\/wp\/v2\/posts\/17636\/revisions"}],"predecessor-version":[{"id":17646,"href":"https:\/\/aitia.fr\/erd\/wp-json\/wp\/v2\/posts\/17636\/revisions\/17646"}],"wp:attachment":[{"href":"https:\/\/aitia.fr\/erd\/wp-json\/wp\/v2\/media?parent=17636"}],"wp:term":[{"taxonomy":"category","embeddable":true,"href":"https:\/\/aitia.fr\/erd\/wp-json\/wp\/v2\/categories?post=17636"},{"taxonomy":"post_tag","embeddable":true,"href":"https:\/\/aitia.fr\/erd\/wp-json\/wp\/v2\/tags?post=17636"}],"curies":[{"name":"wp","href":"https:\/\/api.w.org\/{rel}","templated":true}]}}