{"id":17497,"date":"2021-01-26T20:26:42","date_gmt":"2021-01-26T19:26:42","guid":{"rendered":"https:\/\/aitia.fr\/erd\/?p=17497"},"modified":"2021-01-26T20:26:42","modified_gmt":"2021-01-26T19:26:42","slug":"joe-biden-imperator-thierry-meyssan","status":"publish","type":"post","link":"https:\/\/aitia.fr\/erd\/joe-biden-imperator-thierry-meyssan\/","title":{"rendered":"Joe Biden Imperator (Thierry Meyssan)"},"content":{"rendered":"<p style=\"text-align: justify;\"><img decoding=\"async\" loading=\"lazy\" class=\"alignleft wp-image-17501\" src=\"https:\/\/aitia.fr\/erd\/wp-content\/uploads\/2021\/01\/Joe-Biden-WH.jpg\" alt=\"\" width=\"391\" height=\"293\" srcset=\"https:\/\/aitia.fr\/erd\/wp-content\/uploads\/2021\/01\/Joe-Biden-WH.jpg 400w, https:\/\/aitia.fr\/erd\/wp-content\/uploads\/2021\/01\/Joe-Biden-WH-300x225.jpg 300w, https:\/\/aitia.fr\/erd\/wp-content\/uploads\/2021\/01\/Joe-Biden-WH-80x60.jpg 80w\" sizes=\"(max-width: 391px) 100vw, 391px\" \/>[<em>Note de l&#8217;administrateur de ce blog : s&#8217;il y avait des journalistes dignes de ce nom dans les media de grand chemin, ils devraient converger vers ce genre de description factuelle et neutre des premiers jours de la pr\u00e9sidence Biden, en commen\u00e7ant par rappeler comme le fait Thierry Meyssan l&#8217;\u00e9tat de sant\u00e9 (ou de s\u00e9nilit\u00e9) du pr\u00e9sident. <\/em><\/p>\n<p style=\"text-align: justify;\"><em>Il semble qu&#8217;ils pr\u00e9f\u00e8rent entretenir l&#8217;illusion. Jusqu&#8217;\u00e0 quand ?<\/em>]<\/p>\n<hr \/>\n<p style=\"text-align: justify;\">L\u2019\u00e9tat de sant\u00e9 du pr\u00e9sident Biden ne lui permettra pas de gouverner. D\u2019ores et d\u00e9j\u00e0 un groupe de militants pr\u00e9pare ses d\u00e9cisions. Assez loin de son programme \u00e9lectoral, il a sign\u00e9 des d\u00e9crets repr\u00e9sentatifs de culture \u00ab\u00a0woke\u00a0\u00bb qui l\u2019\u00e9loignent de la majorit\u00e9 de ses concitoyens. Pourtant, rien n\u2019y fait, les groupuscules d\u2019extr\u00eame-gauche ont d\u00e9j\u00e0 manifest\u00e9 contre lui. Les \u00c9tats-Unis s\u2019enfoncent dans la division.<\/p>\n<p style=\"text-align: justify;\">Le discours d\u2019investiture du pr\u00e9sident Biden, le 20 janvier 2021, \u00e9tait d\u00e9bordant de bonnes intentions, mais contredit pas les faits tout autant que par lui-m\u00eame\u00a0[<a id=\"nh1\" class=\"spip_note\" title=\"\u00ab Discours d\u2019investiture \u00bb, par Joseph R. Biden Jr., R\u00e9seau Voltaire, 20\u00a0(...)\" href=\"https:\/\/www.voltairenet.org\/article212021.html#nb1\" target=\"_blank\" rel=\"footnote noopener noreferrer\">1<\/a>].<\/p>\n<p style=\"text-align: justify;\">Il s\u2019agissait d\u2019une ode \u00e0 la d\u00e9mocratie et d\u2019un appel \u00e0 l\u2019unit\u00e9 nationale.<\/p>\n<ul>\n<li style=\"text-align: justify;\">Or, accuser son pr\u00e9d\u00e9cesseur et les \u00e9lecteurs de celui-ci d\u2019\u00eatre oppos\u00e9s \u00e0 la d\u00e9mocratie \u00e9tait grotesque venant d\u2019un homme \u00e9lu par un suffrage non-d\u00e9mocratique. Rappelons que le d\u00e9pouillement s\u2019est effectu\u00e9 en de nombreux endroits \u00e0 huis clos, sans spectateurs, ni observateurs, comme dans une dictature. Au passage, le silence des \u00c9tats \u00ab d\u00e9mocratiques \u00bb est extr\u00eamement choquant.<\/li>\n<li style=\"text-align: justify;\">En outre appeler \u00e0 l\u2019unit\u00e9 nationale, devant un quarteron de privil\u00e9gi\u00e9s, sous la protection de 25 000 hommes en armes, avait quelque chose de surr\u00e9aliste.<\/li>\n<\/ul>\n<p style=\"text-align: justify;\">Quant au reste du discours, ce fut une annonce du retour de l\u2019imp\u00e9rialisme et de sa justification par l\u2019exceptionnalisme \u00e9tats-unien. Le pr\u00e9sident Biden a d\u00e9clar\u00e9\u00a0: \u00ab\u00a0Nous sommes une grande nation. Nous sommes bons\u00a0\u00bb (\u2026) \u00ab\u00a0Nous pouvons instaurer la justice raciale et faire en sorte que l\u2019Am\u00e9rique redevienne la premi\u00e8re force du Bien dans le monde\u00a0\u00bb (sic). Les Afghans, les Iraquiens, les Libyens, les Syriens, les Y\u00e9m\u00e9nites et les Libanais appr\u00e9cieront.<\/p>\n<p><a href=\"https:\/\/www.voltairenet.org\/article212021.html\" target=\"_blank\" rel=\"noopener noreferrer\">Continuer la lecture sur le R\u00e9seau Voltaire \u2192<\/a><\/p>\n","protected":false},"excerpt":{"rendered":"<p>[Note de l&#8217;administrateur de ce blog : s&#8217;il y avait des journalistes dignes de ce nom dans les media de grand chemin, ils devraient converger vers ce genre de description factuelle et neutre des premiers jours de la pr\u00e9sidence Biden, en commen\u00e7ant par rappeler comme le fait Thierry Meyssan l&#8217;\u00e9tat de sant\u00e9 (ou de s\u00e9nilit\u00e9) [&hellip;]<\/p>\n","protected":false},"author":1,"featured_media":0,"comment_status":"open","ping_status":"open","sticky":false,"template":"","format":"standard","meta":[],"categories":[4,134,29],"tags":[2164,1999,711,499,1852,199,1853,1064],"_links":{"self":[{"href":"https:\/\/aitia.fr\/erd\/wp-json\/wp\/v2\/posts\/17497"}],"collection":[{"href":"https:\/\/aitia.fr\/erd\/wp-json\/wp\/v2\/posts"}],"about":[{"href":"https:\/\/aitia.fr\/erd\/wp-json\/wp\/v2\/types\/post"}],"author":[{"embeddable":true,"href":"https:\/\/aitia.fr\/erd\/wp-json\/wp\/v2\/users\/1"}],"replies":[{"embeddable":true,"href":"https:\/\/aitia.fr\/erd\/wp-json\/wp\/v2\/comments?post=17497"}],"version-history":[{"count":7,"href":"https:\/\/aitia.fr\/erd\/wp-json\/wp\/v2\/posts\/17497\/revisions"}],"predecessor-version":[{"id":17507,"href":"https:\/\/aitia.fr\/erd\/wp-json\/wp\/v2\/posts\/17497\/revisions\/17507"}],"wp:attachment":[{"href":"https:\/\/aitia.fr\/erd\/wp-json\/wp\/v2\/media?parent=17497"}],"wp:term":[{"taxonomy":"category","embeddable":true,"href":"https:\/\/aitia.fr\/erd\/wp-json\/wp\/v2\/categories?post=17497"},{"taxonomy":"post_tag","embeddable":true,"href":"https:\/\/aitia.fr\/erd\/wp-json\/wp\/v2\/tags?post=17497"}],"curies":[{"name":"wp","href":"https:\/\/api.w.org\/{rel}","templated":true}]}}