{"id":1748,"date":"2015-02-10T21:02:38","date_gmt":"2015-02-10T20:02:38","guid":{"rendered":"https:\/\/aitia.fr\/erd\/?p=1748"},"modified":"2015-02-13T15:41:16","modified_gmt":"2015-02-13T14:41:16","slug":"la-culpabilite-par-association-zouka-media","status":"publish","type":"post","link":"https:\/\/aitia.fr\/erd\/la-culpabilite-par-association-zouka-media\/","title":{"rendered":"La culpabilit\u00e9 par association (Zouka Media)"},"content":{"rendered":"<p style=\"text-align: justify;\">Une vid\u00e9o hollandaise (sous-titr\u00e9e anglais) montrant par l&#8217;absurde comment on peut blesser le psychisme d&#8217;innocents en les associant \u00e0 des crimes qu&#8217;ils n&#8217;ont pas commis ni cautionn\u00e9s.<\/p>\n<p style=\"text-align: center;\"><iframe loading=\"lazy\" src=\"https:\/\/www.youtube.com\/embed\/iYyN1I5IF8E?rel=0\" width=\"640\" height=\"360\" frameborder=\"0\" allowfullscreen=\"allowfullscreen\"><\/iframe><\/p>\n<p style=\"text-align: justify;\"><!--more-->En esp\u00e9rant que tous les <a title=\"Images naus\u00e9abondes d'un imam sermonn\u00e9 par Giesbert et Fourest\" href=\"https:\/\/www.youtube.com\/watch?v=amFNEDjslo4\" target=\"_blank\">collaborateurs et collaboratrices<\/a> du r\u00e9gime\u00a0psycho-totalitaire actuel\u00a0en \u00e9prouveront le maximum de\u00a0honte, s&#8217;il leur reste encore quelques fragments de dignit\u00e9.<\/p>\n<p style=\"text-align: justify;\">Pour les non-n\u00e9erlandophones et non-anglophones, traduction fran\u00e7aise des dialogues (r\u00e9ponses des enfants en italique) :<\/p>\n<blockquote><p>&#8211; Si tu pouvais choisir&#8230; tu pr\u00e9f\u00e8rerais \u00eatre un m\u00e9chant ou un super-h\u00e9ros ?<\/p>\n<p>&#8211; <em>Un super-h\u00e9ros !<\/em><\/p>\n<p>&#8211; O\u00f9 sont tes cheveux ?<\/p>\n<p>&#8211; C&#8217;est bien !<\/p>\n<p>&#8211; Est-ce que c&#8217;est un cheval ou un \u00e2ne ?<\/p>\n<p>&#8211; <em>Un \u00e2ne !<\/em><\/p>\n<p>&#8211; Est-ce que tu sais qui avait des cheveux comme les tiens, Yonas ?<\/p>\n<p>&#8211; Breivik.<\/p>\n<p>&#8211; Ces types \u00e0 Paris avaient aussi\u00a0quelque chose sur la t\u00eate, non ?<\/p>\n<p>&#8211; Regarde-moi ! Tu leur ressembles un peu.<\/p>\n<p>&#8211; <em>Je leur r\u00e9p\u00e8te que ce n&#8217;est pas le cas&#8230;<\/em><\/p>\n<p>&#8211; <em>Mais ils continuent de le croire malgr\u00e9 tout.<\/em><\/p>\n<p>&#8211; Cet homme a utilis\u00e9 des fusils et a tu\u00e9 des jeunes \u00e0 un camp d&#8217;\u00e9t\u00e9.<\/p>\n<p>&#8211; La plupart des m\u00e9chants sont des Marocains&#8230;<\/p>\n<p>&#8211; \u00c0 Paris et en Syrie&#8230;<\/p>\n<p>&#8211; Tous sont des Marocains et des musulmans.<\/p>\n<p>&#8211; Tu ressembles un peu \u00e0 un m\u00e9chant. Pas vrai ?<\/p>\n<p>&#8211; <em>Ouais&#8230;<\/em><\/p>\n<p>&#8211; Ils te ressemblent tous un peu.<\/p>\n<p>&#8211; Ils ont les cheveux et les yeux marron.<\/p>\n<p>&#8211; Alors c&#8217;est \u00e0 toi de prouver qu&#8217;ils ont tort. D&#8217;accord ?<\/p>\n<p>&#8211; Je veux que tu t&#8217;excuses cinq fois.<\/p>\n<p>&#8211; <em>Je suis d\u00e9sol\u00e9, je suis d\u00e9sol\u00e9&#8230;<\/em><\/p>\n<p>&#8211; R\u00e9p\u00e8te apr\u00e8s papa : Je&#8230; n&#8217;ai&#8230; rien \u00e0 voir&#8230; avec&#8230; les horribles \u00e9v\u00e9nements&#8230;<\/p>\n<p>&#8211;\u00a0<em>Je suis d\u00e9sol\u00e9, je suis d\u00e9sol\u00e9, je suis d\u00e9sol\u00e9&#8230;<\/em><\/p>\n<p>&#8211; <em>Je suis d\u00e9sol\u00e9<\/em>.<\/p>\n<p>&#8211; avec&#8230; toute&#8230; personne&#8230; ayant&#8230; quelque chose sur la t\u00eate&#8230;<\/p>\n<p>&#8211; Est-ce que tu penses que tu est un m\u00e9chant ?<\/p>\n<p>&#8211; <em>Oui&#8230;<\/em><\/p>\n<p>&#8211; Pourquoi ?<\/p>\n<p>&#8211; <em>Parce que tu l&#8217;as dit<\/em>.<\/p><\/blockquote>\n<p>&nbsp;<\/p>\n<p style=\"text-align: justify;\">G\u00e9n\u00e9rique de fin : &#8220;La culpabilit\u00e9 par association nous divise&#8230; unissons-nous.&#8221;<\/p>\n<p style=\"text-align: justify;\">Vid\u00e9o r\u00e9alis\u00e9e par <a title=\"Zouka Media (YouTube)\" href=\"https:\/\/www.youtube.com\/channel\/UCHeGDF8Q9p0zDxj0aiJBx6Q\" target=\"_blank\">Zouka Media<\/a>\u00a0et signal\u00e9e par la <a title=\"Des enfants forc\u00e9s de s'excuser pour le terrorisme dans une vid\u00e9o choc (RTS)\" href=\"https:\/\/www.rts.ch\/info\/sciences-tech\/reperages-web\/6529904-des-enfants-forces-de-s-excuser-pour-le-terrorisme-dans-une-video-choc.html\" target=\"_blank\">Radio T\u00e9l\u00e9vision Suisse<\/a>.<\/p>\n","protected":false},"excerpt":{"rendered":"<p>Une vid\u00e9o hollandaise (sous-titr\u00e9e anglais) montrant par l&#8217;absurde comment on peut blesser le psychisme d&#8217;innocents en les associant \u00e0 des crimes qu&#8217;ils n&#8217;ont pas commis ni cautionn\u00e9s.<\/p>\n","protected":false},"author":1,"featured_media":0,"comment_status":"open","ping_status":"open","sticky":false,"template":"","format":"video","meta":[],"categories":[134,133,29],"tags":[20,48,71],"_links":{"self":[{"href":"https:\/\/aitia.fr\/erd\/wp-json\/wp\/v2\/posts\/1748"}],"collection":[{"href":"https:\/\/aitia.fr\/erd\/wp-json\/wp\/v2\/posts"}],"about":[{"href":"https:\/\/aitia.fr\/erd\/wp-json\/wp\/v2\/types\/post"}],"author":[{"embeddable":true,"href":"https:\/\/aitia.fr\/erd\/wp-json\/wp\/v2\/users\/1"}],"replies":[{"embeddable":true,"href":"https:\/\/aitia.fr\/erd\/wp-json\/wp\/v2\/comments?post=1748"}],"version-history":[{"count":16,"href":"https:\/\/aitia.fr\/erd\/wp-json\/wp\/v2\/posts\/1748\/revisions"}],"predecessor-version":[{"id":1764,"href":"https:\/\/aitia.fr\/erd\/wp-json\/wp\/v2\/posts\/1748\/revisions\/1764"}],"wp:attachment":[{"href":"https:\/\/aitia.fr\/erd\/wp-json\/wp\/v2\/media?parent=1748"}],"wp:term":[{"taxonomy":"category","embeddable":true,"href":"https:\/\/aitia.fr\/erd\/wp-json\/wp\/v2\/categories?post=1748"},{"taxonomy":"post_tag","embeddable":true,"href":"https:\/\/aitia.fr\/erd\/wp-json\/wp\/v2\/tags?post=1748"}],"curies":[{"name":"wp","href":"https:\/\/api.w.org\/{rel}","templated":true}]}}