{"id":17442,"date":"2021-01-16T14:53:56","date_gmt":"2021-01-16T13:53:56","guid":{"rendered":"https:\/\/aitia.fr\/erd\/?p=17442"},"modified":"2021-03-12T14:48:28","modified_gmt":"2021-03-12T13:48:28","slug":"letat-profond-panique-radio-quebec","status":"publish","type":"post","link":"https:\/\/aitia.fr\/erd\/letat-profond-panique-radio-quebec\/","title":{"rendered":"L&#8217;\u00c9tat profond panique (Radio-Qu\u00e9bec)"},"content":{"rendered":"<p style=\"text-align: justify;\">[<em>Note de l&#8217;administrateur de ce blog : tr\u00e8s bonne analyse de la faillite m\u00e9diatique sur l&#8217;occupation du Capitole, o\u00f9 les mass media tentent d\u00e9sesp\u00e9r\u00e9ment de faire porter le chapeau des violences \u00e0 Trump alors que c&#8217;est exactement l&#8217;inverse qui s&#8217;est produit, des agents provocateurs aujourd&#8217;hui clairement identifi\u00e9s s&#8217;\u00e9tant d\u00e9guis\u00e9s en supporters de Trump, qui eux tentaient de les ma\u00eetriser.<\/em><\/p>\n<p style=\"text-align: justify;\"><em>On pourra lire en compl\u00e9ment (et en anglais) <a href=\"https:\/\/www.unz.com\/estriker\/black-lives-matter-organizer-seen-entering-capitol-building-with-crowd-is-likely-an-fbi-agent-provocateur\/\" target=\"_blank\" rel=\"noopener noreferrer\">cet article sur The Unz Review<\/a> o\u00f9 il est question de l&#8217;agitateur John Sullivan, qui fait partie des &#8220;cadres&#8221; du mouvement Black Lives Matter, et qui en outre pourrait \u00eatre li\u00e9 au FBI (dont la ligne g\u00e9n\u00e9rale, fid\u00e8le \u00e0 l&#8217;\u00c9tat profond, est hostile \u00e0 Trump). Ce qui expliquerait pourquoi <a href=\"https:\/\/www.washingtontimes.com\/news\/2021\/jan\/15\/john-sullivan-liberal-activist-charged-capitol-rio\/\" target=\"_blank\" rel=\"noopener noreferrer\">il a \u00e9t\u00e9 rel\u00e2ch\u00e9<\/a> tr\u00e8s peu de temps apr\u00e8s son arrestation&#8230; <a href=\"https:\/\/twitter.com\/jessiprincey\/status\/1349914721252761600\" target=\"_blank\" rel=\"noopener noreferrer\">alors qu&#8217;un petit tour sur son serveur personnel<\/a> l\u00e8ve toute ambigu\u00eft\u00e9 quant \u00e0 ses intentions.<\/em><\/p>\n<p style=\"text-align: justify;\"><em>On notera aussi <a href=\"https:\/\/www.youtube.com\/watch?v=Y7PXvchh2WQ\" target=\"_blank\" rel=\"noopener noreferrer\">le passage de John Sullivan sur CNN<\/a> <strong>d\u00e8s le soir du 6 janvier<\/strong>, o\u00f9 il est pr\u00e9sent\u00e9 comme le fondateur de <a href=\"https:\/\/www.insurgenceusa.com\/\" target=\"_blank\" rel=\"noopener noreferrer\">Insurgence USA<\/a> (un mouvement violent d&#8217;extr\u00eame-gauche), et o\u00f9 il s&#8217;applique \u00e0 se faire passer pour le gentil gar\u00e7on ayant assist\u00e9 effray\u00e9 aux exactions des extr\u00e9mistes venus soutenir Trump&#8230; Comme on dit l\u00e0-bas : &#8220;You just can&#8217;t make this up!&#8221;<\/em>]<\/p>\n<hr \/>\n<p style=\"text-align: center;\"><script>!function(r,u,m,b,l,e){r._Rumble=b,r[b]||(r[b]=function(){(r[b]._=r[b]._||[]).push(arguments);if(r[b]._.length==1){l=u.createElement(m),e=u.getElementsByTagName(m)[0],l.async=1,l.src=\"https:\/\/rumble.com\/embedJS\/u4\"+(arguments[1].video?'.'+arguments[1].video:'')+\"\/?url=\"+encodeURIComponent(location.href)+\"&args=\"+encodeURIComponent(JSON.stringify([].slice.apply(arguments))),e.parentNode.insertBefore(l,e)}})}(window, document, \"script\", \"Rumble\");<\/script><\/p>\n<div id=\"rumble_vai7ur\"><\/div>\n<p><script>\nRumble(\"play\", {\"video\":\"vai7ur\",\"div\":\"rumble_vai7ur\"});<\/script><\/p>\n","protected":false},"excerpt":{"rendered":"<p>[Note de l&#8217;administrateur de ce blog : tr\u00e8s bonne analyse de la faillite m\u00e9diatique sur l&#8217;occupation du Capitole, o\u00f9 les mass media tentent d\u00e9sesp\u00e9r\u00e9ment de faire porter le chapeau des violences \u00e0 Trump alors que c&#8217;est exactement l&#8217;inverse qui s&#8217;est produit, des agents provocateurs aujourd&#8217;hui clairement identifi\u00e9s s&#8217;\u00e9tant d\u00e9guis\u00e9s en supporters de Trump, qui eux [&hellip;]<\/p>\n","protected":false},"author":1,"featured_media":0,"comment_status":"open","ping_status":"open","sticky":false,"template":"","format":"video","meta":[],"categories":[4,134,133,29],"tags":[2155,2148,460,323,2156,48,349,12,2041],"_links":{"self":[{"href":"https:\/\/aitia.fr\/erd\/wp-json\/wp\/v2\/posts\/17442"}],"collection":[{"href":"https:\/\/aitia.fr\/erd\/wp-json\/wp\/v2\/posts"}],"about":[{"href":"https:\/\/aitia.fr\/erd\/wp-json\/wp\/v2\/types\/post"}],"author":[{"embeddable":true,"href":"https:\/\/aitia.fr\/erd\/wp-json\/wp\/v2\/users\/1"}],"replies":[{"embeddable":true,"href":"https:\/\/aitia.fr\/erd\/wp-json\/wp\/v2\/comments?post=17442"}],"version-history":[{"count":11,"href":"https:\/\/aitia.fr\/erd\/wp-json\/wp\/v2\/posts\/17442\/revisions"}],"predecessor-version":[{"id":17791,"href":"https:\/\/aitia.fr\/erd\/wp-json\/wp\/v2\/posts\/17442\/revisions\/17791"}],"wp:attachment":[{"href":"https:\/\/aitia.fr\/erd\/wp-json\/wp\/v2\/media?parent=17442"}],"wp:term":[{"taxonomy":"category","embeddable":true,"href":"https:\/\/aitia.fr\/erd\/wp-json\/wp\/v2\/categories?post=17442"},{"taxonomy":"post_tag","embeddable":true,"href":"https:\/\/aitia.fr\/erd\/wp-json\/wp\/v2\/tags?post=17442"}],"curies":[{"name":"wp","href":"https:\/\/api.w.org\/{rel}","templated":true}]}}