{"id":17414,"date":"2021-01-10T12:41:51","date_gmt":"2021-01-10T11:41:51","guid":{"rendered":"https:\/\/aitia.fr\/erd\/?p=17414"},"modified":"2021-01-10T12:41:51","modified_gmt":"2021-01-10T11:41:51","slug":"lol","status":"publish","type":"post","link":"https:\/\/aitia.fr\/erd\/lol\/","title":{"rendered":"LOL"},"content":{"rendered":"<p><img decoding=\"async\" loading=\"lazy\" class=\"size-full wp-image-17415 aligncenter\" src=\"https:\/\/aitia.fr\/erd\/wp-content\/uploads\/2021\/01\/2-poids-2-mesures.png\" alt=\"\" width=\"640\" height=\"748\" srcset=\"https:\/\/aitia.fr\/erd\/wp-content\/uploads\/2021\/01\/2-poids-2-mesures.png 640w, https:\/\/aitia.fr\/erd\/wp-content\/uploads\/2021\/01\/2-poids-2-mesures-257x300.png 257w, https:\/\/aitia.fr\/erd\/wp-content\/uploads\/2021\/01\/2-poids-2-mesures-600x701.png 600w\" sizes=\"(max-width: 640px) 100vw, 640px\" \/><\/p>\n<p><strong>Photo du haut (Capitole, Washington DC, 6 janvier 2021) :<\/strong><\/p>\n<ul>\n<li>titre en incrustation : <em>&#8220;Les manifestants pour Trump prennent d&#8217;assaut le Capitole am\u00e9ricain&#8221;<\/em><\/li>\n<li>commentaire audio (jaune sur fond noir) : <em>&#8220;C&#8217;est en fait prendre le contr\u00f4le, envahir le Capitole. C&#8217;est l&#8217;anarchie ! C&#8217;est vraiment l&#8217;anarchie.&#8221;<\/em><\/li>\n<\/ul>\n<p><strong>Photo du bas (<a href=\"https:\/\/fr.wikipedia.org\/wiki\/%C3%89meutes_de_Kenosha\" target=\"_blank\" rel=\"noopener noreferrer\">Kenosha, ao\u00fbt 2020<\/a>) :<\/strong><\/p>\n<ul>\n<li>titre en incrustation : <em>&#8220;Des manifestations fougueuses mais pour l&#8217;essentiel pacifiques apr\u00e8s la fusillade polici\u00e8re&#8221;<\/em><\/li>\n<li>commentaire audio (jaune sur fond noir) : <em>&#8220;Manifestations largement pacifiques face aux forces de l&#8217;ordre. Ce n&#8217;est qu&#8217;\u00e0 la tomb\u00e9e de la nuit que les choses ont commenc\u00e9 \u00e0 devenir un petit peu plus conflictuelles.&#8221;<\/em><\/li>\n<\/ul>\n<p>&nbsp;<\/p>\n","protected":false},"excerpt":{"rendered":"<p>Photo du haut (Capitole, Washington DC, 6 janvier 2021) : titre en incrustation : &#8220;Les manifestants pour Trump prennent d&#8217;assaut le Capitole am\u00e9ricain&#8221; commentaire audio (jaune sur fond noir) : &#8220;C&#8217;est en fait prendre le contr\u00f4le, envahir le Capitole. C&#8217;est l&#8217;anarchie ! C&#8217;est vraiment l&#8217;anarchie.&#8221; Photo du bas (Kenosha, ao\u00fbt 2020) : titre en incrustation [&hellip;]<\/p>\n","protected":false},"author":1,"featured_media":0,"comment_status":"open","ping_status":"open","sticky":false,"template":"","format":"image","meta":[],"categories":[4,5,29],"tags":[2148,1022,2150,2151,1295,2149,48],"_links":{"self":[{"href":"https:\/\/aitia.fr\/erd\/wp-json\/wp\/v2\/posts\/17414"}],"collection":[{"href":"https:\/\/aitia.fr\/erd\/wp-json\/wp\/v2\/posts"}],"about":[{"href":"https:\/\/aitia.fr\/erd\/wp-json\/wp\/v2\/types\/post"}],"author":[{"embeddable":true,"href":"https:\/\/aitia.fr\/erd\/wp-json\/wp\/v2\/users\/1"}],"replies":[{"embeddable":true,"href":"https:\/\/aitia.fr\/erd\/wp-json\/wp\/v2\/comments?post=17414"}],"version-history":[{"count":5,"href":"https:\/\/aitia.fr\/erd\/wp-json\/wp\/v2\/posts\/17414\/revisions"}],"predecessor-version":[{"id":17420,"href":"https:\/\/aitia.fr\/erd\/wp-json\/wp\/v2\/posts\/17414\/revisions\/17420"}],"wp:attachment":[{"href":"https:\/\/aitia.fr\/erd\/wp-json\/wp\/v2\/media?parent=17414"}],"wp:term":[{"taxonomy":"category","embeddable":true,"href":"https:\/\/aitia.fr\/erd\/wp-json\/wp\/v2\/categories?post=17414"},{"taxonomy":"post_tag","embeddable":true,"href":"https:\/\/aitia.fr\/erd\/wp-json\/wp\/v2\/tags?post=17414"}],"curies":[{"name":"wp","href":"https:\/\/api.w.org\/{rel}","templated":true}]}}