{"id":17342,"date":"2021-01-08T16:22:35","date_gmt":"2021-01-08T15:22:35","guid":{"rendered":"https:\/\/aitia.fr\/erd\/?p=17342"},"modified":"2021-01-08T16:22:35","modified_gmt":"2021-01-08T15:22:35","slug":"lettre-commune-de-nicolas-dupont-aignan-francois-asselineau-et-florian-philippot-a-olivier-veran-sur-la-situation-sanitaire","status":"publish","type":"post","link":"https:\/\/aitia.fr\/erd\/lettre-commune-de-nicolas-dupont-aignan-francois-asselineau-et-florian-philippot-a-olivier-veran-sur-la-situation-sanitaire\/","title":{"rendered":"Lettre commune de Nicolas Dupont-Aignan, <br>Fran\u00e7ois Asselineau et Florian Philippot \u00e0 Olivier V\u00e9ran <br>sur la situation sanitaire"},"content":{"rendered":"<p style=\"text-align: justify;\"><img decoding=\"async\" loading=\"lazy\" class=\"alignleft wp-image-17344\" src=\"https:\/\/aitia.fr\/erd\/wp-content\/uploads\/2021\/01\/Dupont-AignanAsselineauPhilippot-copie.jpg\" alt=\"\" width=\"440\" height=\"213\" srcset=\"https:\/\/aitia.fr\/erd\/wp-content\/uploads\/2021\/01\/Dupont-AignanAsselineauPhilippot-copie.jpg 600w, https:\/\/aitia.fr\/erd\/wp-content\/uploads\/2021\/01\/Dupont-AignanAsselineauPhilippot-copie-300x146.jpg 300w\" sizes=\"(max-width: 440px) 100vw, 440px\" \/>[<em>Note de l&#8217;administrateur de ce blog : la pyramide du mensonge finit <strong>toujours<\/strong> par s&#8217;effondrer. Il suffit d&#8217;\u00eatre patient et de l&#8217;attaquer avec la raison et la logique.<\/em>]<\/p>\n<hr \/>\n<p style=\"text-align: justify;\"><strong>jeudi 7 janvier 2021<\/strong><\/p>\n<p style=\"text-align: justify;\"><strong>Objet\u00a0:<br \/>\nDupont-Aignan, Asselineau et Philippot \u00e9crivent \u00e0 V\u00e9ran sur les traitements anti-Covid<\/strong><\/p>\n<p style=\"text-align: justify;\">Nicolas Dupont-Aignan, Pr\u00e9sident de Debout La France, Fran\u00e7ois Asselineau, Pr\u00e9sident de l\u2019Union populaire r\u00e9publicaine et Florian Philippot, Pr\u00e9sident des Patriotes, ont envoy\u00e9 le 2 janvier 2021 une lettre commune \u00e0 Olivier V\u00e9ran, Ministre des Solidarit\u00e9s et de la Sant\u00e9, lui demandant d\u2019informer les Fran\u00e7ais, de fa\u00e7on hebdomadaire, de l\u2019\u00e9tat des traitements test\u00e9s et d\u00e9velopp\u00e9s contre la Covid-19 dans le monde et en France.<\/p>\n<p style=\"text-align: justify;\">Cette lettre commune est jointe au pr\u00e9sent communiqu\u00e9.<\/p>\n<p style=\"text-align: justify;\">Cette demande correspond \u00e0 l\u2019attente de millions de Fran\u00e7ais qui constatent que le gouvernement a n\u00e9glig\u00e9 jusqu\u2019\u00e0 pr\u00e9sent, contrairement au bon sens, la piste des traitements prophylactiques ou th\u00e9rapeutiques, qui sont nombreux et diversifi\u00e9s pour tenter de contrer l\u2019\u00e9pid\u00e9mie (ivermectine, azithromycine, hydroxychloroquine, nigelle, nouvel antidote annonc\u00e9 par la Russie, etc.)<\/p>\n<p style=\"text-align: justify;\">Cette mise \u00e0 l\u2019\u00e9cart de toute recherche sur les traitements distingue malheureusement la France de bien des \u00c9tats \u00e9trangers qui s\u2019en sortent mieux que nous.<\/p>\n<p><a href=\"https:\/\/www.upr.fr\/actualite\/lettre-commune-de-nicolas-dupont-aignan-francois-asselineau-et-florian-philippot-a-olivier-veran-sur-la-situation-sanitaire\/\" target=\"_blank\" rel=\"noopener noreferrer\">Continuer la lecture (et t\u00e9l\u00e9charger la lettre) sur le site de l&#8217;UPR \u2192<\/a><\/p>\n","protected":false},"excerpt":{"rendered":"<p>[Note de l&#8217;administrateur de ce blog : la pyramide du mensonge finit toujours par s&#8217;effondrer. Il suffit d&#8217;\u00eatre patient et de l&#8217;attaquer avec la raison et la logique.] jeudi 7 janvier 2021 Objet\u00a0: Dupont-Aignan, Asselineau et Philippot \u00e9crivent \u00e0 V\u00e9ran sur les traitements anti-Covid Nicolas Dupont-Aignan, Pr\u00e9sident de Debout La France, Fran\u00e7ois Asselineau, Pr\u00e9sident de [&hellip;]<\/p>\n","protected":false},"author":1,"featured_media":0,"comment_status":"open","ping_status":"open","sticky":false,"template":"","format":"standard","meta":[],"categories":[4,29],"tags":[1542,1524,1793,577,1008,2137,1645,1546,2138,1558,852],"_links":{"self":[{"href":"https:\/\/aitia.fr\/erd\/wp-json\/wp\/v2\/posts\/17342"}],"collection":[{"href":"https:\/\/aitia.fr\/erd\/wp-json\/wp\/v2\/posts"}],"about":[{"href":"https:\/\/aitia.fr\/erd\/wp-json\/wp\/v2\/types\/post"}],"author":[{"embeddable":true,"href":"https:\/\/aitia.fr\/erd\/wp-json\/wp\/v2\/users\/1"}],"replies":[{"embeddable":true,"href":"https:\/\/aitia.fr\/erd\/wp-json\/wp\/v2\/comments?post=17342"}],"version-history":[{"count":5,"href":"https:\/\/aitia.fr\/erd\/wp-json\/wp\/v2\/posts\/17342\/revisions"}],"predecessor-version":[{"id":17348,"href":"https:\/\/aitia.fr\/erd\/wp-json\/wp\/v2\/posts\/17342\/revisions\/17348"}],"wp:attachment":[{"href":"https:\/\/aitia.fr\/erd\/wp-json\/wp\/v2\/media?parent=17342"}],"wp:term":[{"taxonomy":"category","embeddable":true,"href":"https:\/\/aitia.fr\/erd\/wp-json\/wp\/v2\/categories?post=17342"},{"taxonomy":"post_tag","embeddable":true,"href":"https:\/\/aitia.fr\/erd\/wp-json\/wp\/v2\/tags?post=17342"}],"curies":[{"name":"wp","href":"https:\/\/api.w.org\/{rel}","templated":true}]}}