{"id":17325,"date":"2021-01-05T22:32:12","date_gmt":"2021-01-05T21:32:12","guid":{"rendered":"https:\/\/aitia.fr\/erd\/?p=17325"},"modified":"2021-01-05T22:33:09","modified_gmt":"2021-01-05T21:33:09","slug":"mike-pence-compromis-alexis-cossette-radio-quebec","status":"publish","type":"post","link":"https:\/\/aitia.fr\/erd\/mike-pence-compromis-alexis-cossette-radio-quebec\/","title":{"rendered":"Mike Pence compromis ? (Alexis Cossette \u2013 Radio Qu\u00e9bec)"},"content":{"rendered":"<p style=\"text-align: justify;\">[<em>Note de l&#8217;administrateur de ce blog : rien de tel qu&#8217;un webjournal de Radio-Qu\u00e9bec pour dissiper un peu le &#8220;brouillard de la guerre&#8221; et se pr\u00e9parer \u00e0 l&#8217;effondrement \u00e0 venir de la &#8220;d\u00e9mocratie&#8221; am\u00e9ricaine (et du syst\u00e8me m\u00e9diatique associ\u00e9), \u00e9tape n\u00e9cessaire \u00e0 la reconstruction d&#8217;un \u00c9tat de droit. <\/em><\/p>\n<p style=\"text-align: justify;\"><em>Ceux qui n&#8217;ont pas suivi les \u00e9pisodes pr\u00e9c\u00e9dents auront peut-\u00eatre l&#8217;impression d&#8217;atterrir sur une autre plan\u00e8te, mais le choc sera tout de m\u00eame moins rude que s&#8217;ils voient l&#8217;effondrement en direct sans passer par ce sas de d\u00e9compression. Accrochez vos ceintures.<\/em>]<\/p>\n<hr \/>\n<p style=\"text-align: center;\"><iframe loading=\"lazy\" id=\"lbry-iframe\" src=\"https:\/\/odysee.com\/$\/embed\/Restream.io-on-2021-01-04-at-17.17.17\/bb58d1193f21784cb53ccae6f77f3af9e5f42670?r=CkhCK66M8fYByJArizSwB43TTg2QZdxv\" width=\"640\" height=\"360\" allowfullscreen=\"allowfullscreen\"><span style=\"display: inline-block; width: 0px; overflow: hidden; line-height: 0;\" data-mce-type=\"bookmark\" class=\"mce_SELRES_start\">\ufeff<\/span><\/iframe><\/p>\n","protected":false},"excerpt":{"rendered":"<p>[Note de l&#8217;administrateur de ce blog : rien de tel qu&#8217;un webjournal de Radio-Qu\u00e9bec pour dissiper un peu le &#8220;brouillard de la guerre&#8221; et se pr\u00e9parer \u00e0 l&#8217;effondrement \u00e0 venir de la &#8220;d\u00e9mocratie&#8221; am\u00e9ricaine (et du syst\u00e8me m\u00e9diatique associ\u00e9), \u00e9tape n\u00e9cessaire \u00e0 la reconstruction d&#8217;un \u00c9tat de droit. Ceux qui n&#8217;ont pas suivi les \u00e9pisodes [&hellip;]<\/p>\n","protected":false},"author":1,"featured_media":0,"comment_status":"open","ping_status":"open","sticky":false,"template":"","format":"video","meta":[],"categories":[4,134,133,29],"tags":[2134,1819,425,460,93,1999,1852,2104,2136,48,2135,2041],"_links":{"self":[{"href":"https:\/\/aitia.fr\/erd\/wp-json\/wp\/v2\/posts\/17325"}],"collection":[{"href":"https:\/\/aitia.fr\/erd\/wp-json\/wp\/v2\/posts"}],"about":[{"href":"https:\/\/aitia.fr\/erd\/wp-json\/wp\/v2\/types\/post"}],"author":[{"embeddable":true,"href":"https:\/\/aitia.fr\/erd\/wp-json\/wp\/v2\/users\/1"}],"replies":[{"embeddable":true,"href":"https:\/\/aitia.fr\/erd\/wp-json\/wp\/v2\/comments?post=17325"}],"version-history":[{"count":4,"href":"https:\/\/aitia.fr\/erd\/wp-json\/wp\/v2\/posts\/17325\/revisions"}],"predecessor-version":[{"id":17329,"href":"https:\/\/aitia.fr\/erd\/wp-json\/wp\/v2\/posts\/17325\/revisions\/17329"}],"wp:attachment":[{"href":"https:\/\/aitia.fr\/erd\/wp-json\/wp\/v2\/media?parent=17325"}],"wp:term":[{"taxonomy":"category","embeddable":true,"href":"https:\/\/aitia.fr\/erd\/wp-json\/wp\/v2\/categories?post=17325"},{"taxonomy":"post_tag","embeddable":true,"href":"https:\/\/aitia.fr\/erd\/wp-json\/wp\/v2\/tags?post=17325"}],"curies":[{"name":"wp","href":"https:\/\/api.w.org\/{rel}","templated":true}]}}