{"id":17267,"date":"2020-12-28T09:26:26","date_gmt":"2020-12-28T08:26:26","guid":{"rendered":"https:\/\/aitia.fr\/erd\/?p=17267"},"modified":"2020-12-28T09:26:26","modified_gmt":"2020-12-28T08:26:26","slug":"ah-il-faut-faire-un-vaccin-mauricette","status":"publish","type":"post","link":"https:\/\/aitia.fr\/erd\/ah-il-faut-faire-un-vaccin-mauricette\/","title":{"rendered":"Ah il faut faire un vaccin ? (Mauricette)"},"content":{"rendered":"<p>[<em>Note de l&#8217;administrateur de ce blog : c&#8217;est ce qu&#8217;on appelle une campagne de com&#8217; rat\u00e9e. Et qui pourrait m\u00eame co\u00fbter cher, <a href=\"https:\/\/www.legifrance.gouv.fr\/codes\/article_lc\/LEGIARTI000020632131\/\" target=\"_blank\" rel=\"noopener noreferrer\">dans un \u00c9tat de droit<\/a> :<\/em><\/p>\n<blockquote>\n<p style=\"text-align: justify;\"><em>&#8220;Est puni de trois ans d&#8217;emprisonnement et de 375 000 euros d&#8217;amende l&#8217;abus frauduleux de l&#8217;\u00e9tat d&#8217;ignorance ou de la situation de faiblesse soit d&#8217;un mineur, soit d&#8217;une personne dont la particuli\u00e8re vuln\u00e9rabilit\u00e9, due \u00e0 son \u00e2ge, \u00e0 une maladie, \u00e0 une infirmit\u00e9, \u00e0 une d\u00e9ficience physique ou psychique ou \u00e0 un \u00e9tat de grossesse, est apparente ou connue de son auteur, soit d&#8217;une personne en \u00e9tat de suj\u00e9tion psychologique ou physique r\u00e9sultant de l&#8217;exercice de pressions graves ou r\u00e9it\u00e9r\u00e9es ou de techniques propres \u00e0 alt\u00e9rer son jugement, pour conduire ce mineur ou cette personne \u00e0 un acte ou \u00e0 une abstention qui lui sont gravement pr\u00e9judiciables.&#8221;<\/em><\/p>\n<\/blockquote>\n<p><\/p>\n<p style=\"text-align: justify;\"><em>Et comme si cela ne suffisait pas, le &#8220;M. Vaccin&#8221; semble suffisamment honn\u00eate pour <a href=\"https:\/\/www.francesoir.fr\/opinions-tribunes\/m-vaccin-du-gouvernement-ne-sait-pas-si-les-therapies-geniques-arn-protegent\" target=\"_blank\" rel=\"noopener noreferrer\">faire part publiquement de son \u00e9tat d&#8217;ignorance<\/a>, et Thierry Breton (commissaire europ\u00e9en) laisse \u00e9chapper que &#8220;pour la premi\u00e8re fois dans l&#8217;histoire de l&#8217;humanit\u00e9, on a r\u00e9ussi <a href=\"https:\/\/twitter.com\/lemoyne_pierre\/status\/1343364254800490497\" target=\"_blank\" rel=\"noopener noreferrer\">\u00e0 mettre sur pied des vaccins qui fonctionnent <strong>en 18 mois<\/strong><\/a>.&#8221;<\/em>]<\/p>\n<hr \/>\n<blockquote class=\"twitter-tweet\" data-width=\"550\" data-dnt=\"true\">\n<p lang=\"fr\" dir=\"ltr\">Mauricette est en train de dire : \u00ab\u00a0Ah il faut faire un vaccin?\u00a0\u00bb en face des cam\u00e9ras!<\/p>\n<p>Macron a bien loup\u00e9 sa campagne de communication avec ce d\u00e9tail qui doit \u00eatre diffus\u00e9!<br \/> <a href=\"https:\/\/t.co\/taXvqJWpEn\">pic.twitter.com\/taXvqJWpEn<\/a><\/p>\n<p>&mdash; \u2757\ufe0f\ud835\ude74\ud835\ude97\ud835\ude7c\ud835\ude98\ud835\ude8d\ud835\ude8e\ud835\ude7c\ud835\ude8a\ud835\ude8c\ud835\ude8a\ud835\ude9b\ud835\ude98\ud835\ude97\u2122\ufe0f\u2757\ufe0f (@EnModeMacaron) <a href=\"https:\/\/twitter.com\/EnModeMacaron\/status\/1343239730700410880?ref_src=twsrc%5Etfw\">December 27, 2020<\/a><\/p><\/blockquote>\n<p><script async src=\"https:\/\/platform.twitter.com\/widgets.js\" charset=\"utf-8\"><\/script><\/p>\n","protected":false},"excerpt":{"rendered":"<p>[Note de l&#8217;administrateur de ce blog : c&#8217;est ce qu&#8217;on appelle une campagne de com&#8217; rat\u00e9e. Et qui pourrait m\u00eame co\u00fbter cher, dans un \u00c9tat de droit : &#8220;Est puni de trois ans d&#8217;emprisonnement et de 375 000 euros d&#8217;amende l&#8217;abus frauduleux de l&#8217;\u00e9tat d&#8217;ignorance ou de la situation de faiblesse soit d&#8217;un mineur, soit [&hellip;]<\/p>\n","protected":false},"author":1,"featured_media":0,"comment_status":"open","ping_status":"open","sticky":false,"template":"","format":"video","meta":[],"categories":[4,134,133,29],"tags":[2125,1542,2128,229,1219,2127,48,2126,1730],"_links":{"self":[{"href":"https:\/\/aitia.fr\/erd\/wp-json\/wp\/v2\/posts\/17267"}],"collection":[{"href":"https:\/\/aitia.fr\/erd\/wp-json\/wp\/v2\/posts"}],"about":[{"href":"https:\/\/aitia.fr\/erd\/wp-json\/wp\/v2\/types\/post"}],"author":[{"embeddable":true,"href":"https:\/\/aitia.fr\/erd\/wp-json\/wp\/v2\/users\/1"}],"replies":[{"embeddable":true,"href":"https:\/\/aitia.fr\/erd\/wp-json\/wp\/v2\/comments?post=17267"}],"version-history":[{"count":5,"href":"https:\/\/aitia.fr\/erd\/wp-json\/wp\/v2\/posts\/17267\/revisions"}],"predecessor-version":[{"id":17275,"href":"https:\/\/aitia.fr\/erd\/wp-json\/wp\/v2\/posts\/17267\/revisions\/17275"}],"wp:attachment":[{"href":"https:\/\/aitia.fr\/erd\/wp-json\/wp\/v2\/media?parent=17267"}],"wp:term":[{"taxonomy":"category","embeddable":true,"href":"https:\/\/aitia.fr\/erd\/wp-json\/wp\/v2\/categories?post=17267"},{"taxonomy":"post_tag","embeddable":true,"href":"https:\/\/aitia.fr\/erd\/wp-json\/wp\/v2\/tags?post=17267"}],"curies":[{"name":"wp","href":"https:\/\/api.w.org\/{rel}","templated":true}]}}